{"id":546622,"date":"2025-11-20T10:27:11","date_gmt":"2025-11-20T10:27:11","guid":{"rendered":"https:\/\/www.europesays.com\/fr\/546622\/"},"modified":"2025-11-20T10:27:11","modified_gmt":"2025-11-20T10:27:11","slug":"apres-seize-mois-de-travaux-lhotel-de-cabre-le-plus-vieil-immeuble-marseillais-a-retrouve-son-caractere-dexception","status":"publish","type":"post","link":"https:\/\/www.europesays.com\/fr\/546622\/","title":{"rendered":"Apr\u00e8s seize mois de travaux, l&rsquo;h\u00f4tel de Cabre, le plus vieil immeuble marseillais, a retrouv\u00e9 son caract\u00e8re d&rsquo;exception"},"content":{"rendered":"<p>\u00c0 l\u2019angle de Grand Rue et de la rue Bonneterie (2e), au-dessus du coiffeur install\u00e9 au rez-de-chauss\u00e9e depuis\u00a01998, quatre appartements comme autant d\u2019\u00e9tages (trois de 52\u00a0m2 et un de 25\u00a0m2) accueilleront bient\u00f4t les nouveaux locataires de <a href=\"https:\/\/www.laprovence.com\/article\/region\/2768262524762414\/a-marseille-l-hotel-de-cabre-est-il-encore-plus-vieux-que-ce-qu-on-croyait\" target=\"_blank\" rel=\"noopener\">l\u2019h\u00f4tel de Cabre<\/a>. Des logements enti\u00e8rement r\u00e9nov\u00e9s derri\u00e8re des fa\u00e7ades de pierre de la Couronne qui ont retrouv\u00e9 leur teinte ros\u00e9e d\u2019origine. Alors que les artisans d\u00e9montent les derniers \u00e9chafaudages, certains riverains continuent de s\u2019arr\u00eater pour constater les changements. <a href=\"https:\/\/www.laprovence.com\/article\/culture-loisirs\/1567133923714914\/journees-europeennes-du-patrimoine-2025-ces-lieux-marseillais-charges-dhistoire-a-re-decouvrir\" target=\"_blank\" rel=\"noopener\">Car ce b\u00e2timent est li\u00e9 \u00e0 l&rsquo;histoire du quartier et de la ville<\/a>.<\/p>\n<p>Construit \u00e0 quelques encablures de la mairie aux alentours de\u00a01535 par Louis de Cabre alors consul de Marseille, il a su r\u00e9sister \u00e0 la R\u00e9volution et \u00e0 la Seconde Guerre mondiale. Men\u00e9e par les autorit\u00e9s fran\u00e7aises sous l\u2019occupation nazie, la destruction du quartier Saint-Jean a ras\u00e9 1\u00a0200 immeubles.<\/p>\n<p>Seul rescap\u00e9, l\u2019h\u00f4tel de Cabre est alors rest\u00e9 debout, en 1943, dans un paysage de d\u00e9solation. Inscrit au Monument historique en 1926, class\u00e9 en 1941, l\u2019immeuble pivote de 90 degr\u00e9s en 1954 pour faciliter la circulation des v\u00e9hicules sur la Grand-Rue. Une prouesse technique suivie de pr\u00e8s par les Marseillais.<\/p>\n<p>Rescap\u00e9 <\/p>\n","protected":false},"excerpt":{"rendered":"\u00c0 l\u2019angle de Grand Rue et de la rue Bonneterie (2e), au-dessus du coiffeur install\u00e9 au rez-de-chauss\u00e9e depuis\u00a01998,&hellip;\n","protected":false},"author":2,"featured_media":546623,"comment_status":"","ping_status":"","sticky":false,"template":"","format":"standard","meta":{"footnotes":""},"categories":[2814],"tags":[17,1111,11,150,66479,251,1777,674,1011,27,12170,884,2561,12,378,882,25,66478,2086],"class_list":{"0":"post-546622","1":"post","2":"type-post","3":"status-publish","4":"format-standard","5":"has-post-thumbnail","7":"category-marseille","8":"tag-17","9":"tag-actu","10":"tag-actualites","11":"tag-apres","12":"tag-cabre","13":"tag-culture","14":"tag-eu","15":"tag-europe","16":"tag-fr","17":"tag-france","18":"tag-lhotel","19":"tag-marseille","20":"tag-mois","21":"tag-news","22":"tag-plus","23":"tag-provence-alpes-cote-dazur","24":"tag-republique-francaise","25":"tag-seize","26":"tag-travaux"},"share_on_mastodon":{"url":"https:\/\/pubeurope.com\/@fr\/115581553531090469","error":""},"_links":{"self":[{"href":"https:\/\/www.europesays.com\/fr\/wp-json\/wp\/v2\/posts\/546622","targetHints":{"allow":["GET"]}}],"collection":[{"href":"https:\/\/www.europesays.com\/fr\/wp-json\/wp\/v2\/posts"}],"about":[{"href":"https:\/\/www.europesays.com\/fr\/wp-json\/wp\/v2\/types\/post"}],"author":[{"embeddable":true,"href":"https:\/\/www.europesays.com\/fr\/wp-json\/wp\/v2\/users\/2"}],"replies":[{"embeddable":true,"href":"https:\/\/www.europesays.com\/fr\/wp-json\/wp\/v2\/comments?post=546622"}],"version-history":[{"count":0,"href":"https:\/\/www.europesays.com\/fr\/wp-json\/wp\/v2\/posts\/546622\/revisions"}],"wp:featuredmedia":[{"embeddable":true,"href":"https:\/\/www.europesays.com\/fr\/wp-json\/wp\/v2\/media\/546623"}],"wp:attachment":[{"href":"https:\/\/www.europesays.com\/fr\/wp-json\/wp\/v2\/media?parent=546622"}],"wp:term":[{"taxonomy":"category","embeddable":true,"href":"https:\/\/www.europesays.com\/fr\/wp-json\/wp\/v2\/categories?post=546622"},{"taxonomy":"post_tag","embeddable":true,"href":"https:\/\/www.europesays.com\/fr\/wp-json\/wp\/v2\/tags?post=546622"}],"curies":[{"name":"wp","href":"https:\/\/api.w.org\/{rel}","templated":true}]}}