{"id":546624,"date":"2025-11-20T10:28:23","date_gmt":"2025-11-20T10:28:23","guid":{"rendered":"https:\/\/www.europesays.com\/fr\/546624\/"},"modified":"2025-11-20T10:28:23","modified_gmt":"2025-11-20T10:28:23","slug":"quand-le-conseil-departemental-des-bouches-du-rhone-va-til-assumer-ses-responsabilites","status":"publish","type":"post","link":"https:\/\/www.europesays.com\/fr\/546624\/","title":{"rendered":"Quand le Conseil D\u00e9partemental des Bouches-du-Rh\u00f4ne va t\u2019il assumer ses responsabilit\u00e9s ?"},"content":{"rendered":"<p><strong>Aujourd\u2019hui, 20 novembre 2025, journ\u00e9e internationale des droits de l\u2019enfant, \u00e0 Marseille, des femmes seules enceintes avec des enfants en bas \u00e2ge se retrouvent \u00e0 la rue, sans h\u00e9bergement. La Fondation pour le Logement en PACA (anciennement Fondation Abb\u00e9 Pierre) et le R\u00e9seau Hospitalit\u00e9 Marseille qui accompagnent certaines d\u2019entre elles d\u00e9noncent et alertent sur cette situation intenable.<\/strong><br \/>\u00a0<br \/>En 2024, 855 personnes, dont 31 enfants, sont mortes dans la rue en France<a id=\"_ftnref1\" href=\"#_ftn1\">[1]<\/a>. Ces chiffres alarmants ne font pourtant pas changer les politiques d\u2019h\u00e9bergement pilot\u00e9es par les trois administrations comp\u00e9tentes en la mati\u00e8re\u00a0: l\u2019\u00c9tat, l\u2019OFII et les Conseils D\u00e9partementaux. Alors qu\u2019en France, la loi impose aux conseils d\u00e9partementaux d\u2019h\u00e9berger de fa\u00e7on inconditionnelle les femmes isol\u00e9es et\/ou m\u00e8res d\u2019au moins un enfant de 3 ans \u00e0 la rue, les situations que nous suivons restent ici toujours sans solution.<br \/>\u00a0<br \/>Pourtant, le tribunal administratif de Marseille, par ses d\u00e9cisions du 22 septembre et du 2 octobre 2025 a bien enjoint le Conseil D\u00e9partemental des Bouches-du-Rh\u00f4ne d\u2019h\u00e9berger ces mamans et leurs enfants dans un d\u00e9lai de 48h. A ce jour, et alors que plus d\u2019un mois s\u2019est \u00e9coul\u00e9, aucune proposition d\u2019h\u00e9bergement ne leur a \u00e9t\u00e9 faite.<br \/>\u00a0<br \/>Suite \u00e0 ces d\u00e9cisions judiciaires non ex\u00e9cut\u00e9es, le Tribunal Administratif de Marseille, saisi de nouveau par les avocates des femmes concern\u00e9es, a d\u00e9cid\u00e9 de fixer des astreintes journali\u00e8res au Conseil D\u00e9partemental jusqu\u2019\u00e0 prise en charge effective de ces familles monoparentales.<br \/>\u00a0<br \/>\u00ab\u00a0\u00c0 l\u2019approche de l\u2019hiver, la Fondation pour le Logement et le R\u00e9seau Hospitalit\u00e9 ont pu trouver des abris pour ces deux femmes, dont une enceinte de 8 mois de jumelles et leurs 3 enfants dans un h\u00f4tel. Ces solutions d\u2019urgence se font sur des fonds associatifs tr\u00e8s limit\u00e9s. Cette situation ne peut tenir sur la dur\u00e9e et notre r\u00f4le n\u2019est pas de pallier les carences de l\u2019administration\u00a0\u00bb, d\u00e9plorent les deux structures.<br \/>\u00a0<br \/>La Fondation pour le Logement en PACA et le R\u00e9seau Hospitalit\u00e9 Marseille se heurtent au silence du Conseil D\u00e9partemental tandis qu\u2019aucune solution n\u2019est propos\u00e9e \u00e0 ces femmes.\u00a0<br \/>\u00a0<br \/><strong>Face ce constat alarmant, nos deux organisations demandent au Conseil D\u00e9partemental des Bouches-du-Rh\u00f4ne :\u00a0<\/strong><br \/>\u2013 <strong>d\u2019assumer ses responsabilit\u00e9s sans d\u00e9lai,\u00a0<\/strong><br \/>\u2013 <strong>d\u2019orienter les familles monoparentales dont il a la charge vers un h\u00e9bergement adapt\u00e9 \u00e0 leur condition,<\/strong><br \/>\u2013 <strong>de respecter la loi et les d\u00e9cisions rendues par la juridiction administrative, dans le respect de l\u2019autorit\u00e9 de la chose jug\u00e9e.<\/strong><\/p>\n<p><a id=\"_ftn1\" href=\"#_ftnref1\">[1]<\/a> Source UNICEF<\/p>\n","protected":false},"excerpt":{"rendered":"Aujourd\u2019hui, 20 novembre 2025, journ\u00e9e internationale des droits de l\u2019enfant, \u00e0 Marseille, des femmes seules enceintes avec des&hellip;\n","protected":false},"author":2,"featured_media":546625,"comment_status":"","ping_status":"","sticky":false,"template":"","format":"standard","meta":{"footnotes":""},"categories":[2814],"tags":[1111,11,38969,1777,674,1011,27,884,12,882,25],"class_list":{"0":"post-546624","1":"post","2":"type-post","3":"status-publish","4":"format-standard","5":"has-post-thumbnail","7":"category-marseille","8":"tag-actu","9":"tag-actualites","10":"tag-communiques-de-presse","11":"tag-eu","12":"tag-europe","13":"tag-fr","14":"tag-france","15":"tag-marseille","16":"tag-news","17":"tag-provence-alpes-cote-dazur","18":"tag-republique-francaise"},"share_on_mastodon":{"url":"https:\/\/pubeurope.com\/@fr\/115581557466242376","error":""},"_links":{"self":[{"href":"https:\/\/www.europesays.com\/fr\/wp-json\/wp\/v2\/posts\/546624","targetHints":{"allow":["GET"]}}],"collection":[{"href":"https:\/\/www.europesays.com\/fr\/wp-json\/wp\/v2\/posts"}],"about":[{"href":"https:\/\/www.europesays.com\/fr\/wp-json\/wp\/v2\/types\/post"}],"author":[{"embeddable":true,"href":"https:\/\/www.europesays.com\/fr\/wp-json\/wp\/v2\/users\/2"}],"replies":[{"embeddable":true,"href":"https:\/\/www.europesays.com\/fr\/wp-json\/wp\/v2\/comments?post=546624"}],"version-history":[{"count":0,"href":"https:\/\/www.europesays.com\/fr\/wp-json\/wp\/v2\/posts\/546624\/revisions"}],"wp:featuredmedia":[{"embeddable":true,"href":"https:\/\/www.europesays.com\/fr\/wp-json\/wp\/v2\/media\/546625"}],"wp:attachment":[{"href":"https:\/\/www.europesays.com\/fr\/wp-json\/wp\/v2\/media?parent=546624"}],"wp:term":[{"taxonomy":"category","embeddable":true,"href":"https:\/\/www.europesays.com\/fr\/wp-json\/wp\/v2\/categories?post=546624"},{"taxonomy":"post_tag","embeddable":true,"href":"https:\/\/www.europesays.com\/fr\/wp-json\/wp\/v2\/tags?post=546624"}],"curies":[{"name":"wp","href":"https:\/\/api.w.org\/{rel}","templated":true}]}}