{"id":546626,"date":"2025-11-20T10:29:16","date_gmt":"2025-11-20T10:29:16","guid":{"rendered":"https:\/\/www.europesays.com\/fr\/546626\/"},"modified":"2025-11-20T10:29:16","modified_gmt":"2025-11-20T10:29:16","slug":"une-boutique-ephemere-de-ces-celebres-jeans-francais-sinstalle-a-lyon","status":"publish","type":"post","link":"https:\/\/www.europesays.com\/fr\/546626\/","title":{"rendered":"Une boutique \u00e9ph\u00e9m\u00e8re de ces c\u00e9l\u00e8bres jeans fran\u00e7ais s\u2019installe \u00e0 Lyon"},"content":{"rendered":"<p itemprop=\"description\"><strong>Direction le 1er arrondissement.<\/strong><\/p>\n<p>Lyon accueille le temps de quelques jours le plus ancien atelier de jeans en France. Atelier Tuffery ouvre ce jeudi une boutique \u00e9ph\u00e9m\u00e8re en plein c\u0153ur de la capitale des Gaules. Le rendez-vous est donn\u00e9 au 4 rue Paul-Chenavard dans le 1er arrondissement pour ce pop-up mettant \u00e0 l\u2019honneur le jean fran\u00e7ais. \u00ab\u00a0Sur place, retrouvez nos jeans iconiques, la nouvelle collection et ses pi\u00e8ces en laine fran\u00e7aise, ainsi que des finitions r\u00e9alis\u00e9es sur place\u00a0\u00bb, indique Atelier Tuffery.\u00a0<\/p>\n<p>La marque a \u00e9t\u00e9 fond\u00e9e en 1892 en Loz\u00e8re et fabriquait dans un premier temps des jeans fonctionnels et robustes, notamment pour les ouvriers. \u00a0Aujourd\u2019hui, Atelier Tuffery est une v\u00e9ritable r\u00e9f\u00e9rence du jean made in France. L\u2019entreprise a notamment cr\u00e9\u00e9 son propre cheptel de brebis pour int\u00e9grer de la laine fran\u00e7aise dans les produits de ses collections.<\/p>\n<p>La boutique \u00e9ph\u00e9m\u00e8re d\u2019Atelier Tuffery restera ouverte jusqu\u2019au dimanche 30 novembre. A noter une soir\u00e9e d\u2019inauguration ce jeudi en pr\u00e9sence de <strong>Julien Tuffery<\/strong>, d\u00e9sormais \u00e0 la t\u00eate de l\u2019entreprise familiale avec son \u00e9pouse <strong>Myriam<\/strong>.<\/p>\n<blockquote class=\"instagram-media\" style=\"background: #FFF; border: 0; border-radius: 3px; box-shadow: 0 0 1px 0 rgba(0,0,0,0.5),0 1px 10px 0 rgba(0,0,0,0.15); margin: 1px; max-width: 540px; min-width: 326px; padding: 0; width: calc(100% - 2px);\" data-instgrm-captioned=\"\" data-instgrm-permalink=\"https:\/\/www.instagram.com\/p\/DQ9r_BOkZDc\/?utm_source=ig_embed&amp;utm_campaign=loading\" data-instgrm-version=\"14\"><p>&#13;<br \/>\n&#13;\n<\/p><\/blockquote>\n<p>\t\t  <script async src=\"\/\/www.instagram.com\/embed.js\"><\/script><\/p>\n","protected":false},"excerpt":{"rendered":"Direction le 1er arrondissement. Lyon accueille le temps de quelques jours le plus ancien atelier de jeans en&hellip;\n","protected":false},"author":2,"featured_media":546627,"comment_status":"","ping_status":"","sticky":false,"template":"","format":"standard","meta":{"footnotes":""},"categories":[1889],"tags":[1111,11,2813,2190,2430,1109,251,1112,2811,1777,674,118,1294,4651,1011,27,1922,1110,1114,2428,4903,4902,12,241,316,25,2812,517,800],"class_list":{"0":"post-546626","1":"post","2":"type-post","3":"status-publish","4":"format-standard","5":"has-post-thumbnail","7":"category-lyon","8":"tag-actu","9":"tag-actualites","10":"tag-article","11":"tag-asvel","12":"tag-auvergne-rhone-alpes","13":"tag-breves","14":"tag-culture","15":"tag-depeches","16":"tag-economique","17":"tag-eu","18":"tag-europe","19":"tag-faits-divers","20":"tag-femme","21":"tag-femmes","22":"tag-fr","23":"tag-france","24":"tag-info","25":"tag-informations","26":"tag-infos","27":"tag-lyon","28":"tag-lyonfemme","29":"tag-lyonfemmes","30":"tag-news","31":"tag-ol","32":"tag-politique","33":"tag-republique-francaise","34":"tag-sociale","35":"tag-sport","36":"tag-transports"},"share_on_mastodon":{"url":"https:\/\/pubeurope.com\/@fr\/115581561544904871","error":""},"_links":{"self":[{"href":"https:\/\/www.europesays.com\/fr\/wp-json\/wp\/v2\/posts\/546626","targetHints":{"allow":["GET"]}}],"collection":[{"href":"https:\/\/www.europesays.com\/fr\/wp-json\/wp\/v2\/posts"}],"about":[{"href":"https:\/\/www.europesays.com\/fr\/wp-json\/wp\/v2\/types\/post"}],"author":[{"embeddable":true,"href":"https:\/\/www.europesays.com\/fr\/wp-json\/wp\/v2\/users\/2"}],"replies":[{"embeddable":true,"href":"https:\/\/www.europesays.com\/fr\/wp-json\/wp\/v2\/comments?post=546626"}],"version-history":[{"count":0,"href":"https:\/\/www.europesays.com\/fr\/wp-json\/wp\/v2\/posts\/546626\/revisions"}],"wp:featuredmedia":[{"embeddable":true,"href":"https:\/\/www.europesays.com\/fr\/wp-json\/wp\/v2\/media\/546627"}],"wp:attachment":[{"href":"https:\/\/www.europesays.com\/fr\/wp-json\/wp\/v2\/media?parent=546626"}],"wp:term":[{"taxonomy":"category","embeddable":true,"href":"https:\/\/www.europesays.com\/fr\/wp-json\/wp\/v2\/categories?post=546626"},{"taxonomy":"post_tag","embeddable":true,"href":"https:\/\/www.europesays.com\/fr\/wp-json\/wp\/v2\/tags?post=546626"}],"curies":[{"name":"wp","href":"https:\/\/api.w.org\/{rel}","templated":true}]}}