{"id":546628,"date":"2025-11-20T10:30:24","date_gmt":"2025-11-20T10:30:24","guid":{"rendered":"https:\/\/www.europesays.com\/fr\/546628\/"},"modified":"2025-11-20T10:30:24","modified_gmt":"2025-11-20T10:30:24","slug":"lyon-le-restaurant-de-pizzas-dans-ce-quartier-ferme-durgence-par-la-prefecture-du-rhone","status":"publish","type":"post","link":"https:\/\/www.europesays.com\/fr\/546628\/","title":{"rendered":"Lyon. Le restaurant de pizzas dans ce quartier ferm\u00e9 d&rsquo;urgence par la pr\u00e9fecture du Rh\u00f4ne"},"content":{"rendered":"<p>                    Par<br \/>\n        <strong><br \/>\n            <a href=\"https:\/\/actu.fr\/auteur\/nicolas-zaugra\" title=\"Consulter tous les articles de Nicolas Zaugra\" target=\"_blank\" rel=\"noopener\">Nicolas Zaugra<\/a><br \/>\n                    <\/strong><\/p>\n<p>        Publi\u00e9 le<\/p>\n<p>            20 nov. 2025 \u00e0 11h25        <\/p>\n<p>Les pizzas au \u00ab\u00a0feu du bois\u00a0\u00bb cachaient des normes d\u2019hygi\u00e8ne pas du tout respect\u00e9es \u00e0 en croire un arr\u00eat\u00e9 de la <a href=\"https:\/\/actu.fr\/tag\/prefecture-du-rhone\" target=\"_blank\" rel=\"noopener\">pr\u00e9fecture du Rh\u00f4ne<\/a>. Le <strong>restaurant \u00ab\u00a0Punto Pizza\u00a0\u00bb qui promet \u00ab\u00a0une cuisine italienne gourmande\u00a0\u00bb<\/strong>, ouvert sur\u00a0l\u2019avenue Berthelot dans le 7e arrondissement de <a href=\"https:\/\/actu.fr\/auvergne-rhone-alpes\/lyon_69123\" target=\"_blank\" rel=\"noopener\">Lyon<\/a>, a \u00e9t\u00e9 ferm\u00e9 administrativement jusqu\u2019\u00e0 nouvel ordre.<\/p>\n<p class=\" wall-content\">L\u2019\u00e9tablissement propose des pizzas \u00ab\u00a0au feu de bois\u00a0\u00bb mais aussi des \u00ab\u00a0p\u00e2tes et lasagnes maison\u00a0\u00bb.<\/p>\n<p>\u00ab\u00a0Une menace pour la sant\u00e9 des consommateurs\u00a0\u00bb<\/p>\n<p class=\" wall-content\">Un premier contr\u00f4le d\u2019hygi\u00e8ne le 11 septembre dernier a mis en \u00e9vidence un d\u00e9faut d\u2019entretien, de maintenance et de nettoyage, l\u2019absence d\u2019analyse des dangers et de ma\u00eetrise des process, l\u2019absence de contr\u00f4le \u00e0 r\u00e9ception des marchandises, le non-respect des temp\u00e9ratures r\u00e9glementaires, les mauvaises conditions de stockage, le d\u00e9faut de tra\u00e7abilit\u00e9, l\u2019absence d\u2019analyses microbiologiques, l\u2019information incompl\u00e8te sur les allerg\u00e8nes et l\u2019absence d\u2019affichage de la mention \u00ab produit d\u00e9congel\u00e9 \u00bb.<\/p>\n<p class=\" wall-content\">Un deuxi\u00e8me contr\u00f4le a eu lieu ce 17 novembre apr\u00e8s une mise en demeure. La pr\u00e9fecture a constat\u00e9 \u00ab\u00a0la persistance des manquements graves, constituant une menace pour la sant\u00e9 des consommateurs\u00a0\u00bb et a donc proc\u00e9d\u00e9 \u00e0 une fermeture administrative apr\u00e8s une proc\u00e9dure contradictoire entre le g\u00e9rant et les services de la DDPP (direction d\u00e9partementale de la protection des populations du Rh\u00f4ne).<\/p>\n<p>    <a href=\"https:\/\/www.google.com\/maps\/embed?pb=!1m18!1m12!1m3!1d24692.49866044923!2d4.852632890807158!3d45.744266027014234!2m3!1f0!2f0!3f0!3m2!1i1024!2i768!4f13.1!3m3!1m2!1s0x47f4ea14efa4315b%3A0x9c8c0b29d5411b40!2s151%20Av.%20Berthelot%2C%2069007%20Lyon!5e1!3m2!1sfr!2sfr!4v1763631880510!5m2!1sfr!2sfr\" title=\"Ouvrie le lien\" target=\"_blank\" rel=\"noopener\">Cliquez ici pour visualiser le contenu<\/a><\/p>\n<p>Des points \u00e0 corriger pour rouvrir<\/p>\n<p class=\" wall-content\">Pour esp\u00e9rer rouvrir, la pizz\u00e9ria va devoir corriger 24 points de mise en conformit\u00e9 en lien avec l\u2019hygi\u00e8ne. \u00ab\u00a0La r\u00e9ouverture ne pourra intervenir qu\u2019apr\u00e8s une visite de v\u00e9rification par un agent de la DDPP, demand\u00e9e par l\u2019exploitant, et confirmant la mise en conformit\u00e9 compl\u00e8te\u00a0\u00bb, explique l\u2019arr\u00eat\u00e9.<\/p>\n<p class=\" wall-content\">La pizz\u00e9ria \u00e9tait injoignable pour commenter sa fermeture administrative.\u00a0<\/p>\n<p class=\" wall-content\">Personnalisez votre actualit\u00e9 en ajoutant vos villes et m\u00e9dias en favori avec <a href=\"https:\/\/moncompte.actu.fr\" title=\"D\u00e9couvez Mon Actu\" rel=\"nofollow noopener\" data-trk=\"{&quot;cta&quot;:{&quot;action&quot;:&quot;https:\\\/\\\/moncompte.actu.fr&quot;,&quot;category&quot;:&quot;mon compte&quot;,&quot;from&quot;:&quot;article footer&quot;,&quot;name&quot;:&quot;Mon actu&quot;,&quot;type&quot;:&quot;cta&quot;}}\" target=\"_blank\">Mon Actu<\/a>.<\/p>\n","protected":false},"excerpt":{"rendered":"Par Nicolas Zaugra Publi\u00e9 le 20 nov. 2025 \u00e0 11h25 Les pizzas au \u00ab\u00a0feu du bois\u00a0\u00bb cachaient des&hellip;\n","protected":false},"author":2,"featured_media":546629,"comment_status":"","ping_status":"","sticky":false,"template":"","format":"standard","meta":{"footnotes":""},"categories":[1889],"tags":[1111,11,2430,1777,674,1011,27,2428,12,9450,25,1340,104],"class_list":{"0":"post-546628","1":"post","2":"type-post","3":"status-publish","4":"format-standard","5":"has-post-thumbnail","7":"category-lyon","8":"tag-actu","9":"tag-actualites","10":"tag-auvergne-rhone-alpes","11":"tag-eu","12":"tag-europe","13":"tag-fr","14":"tag-france","15":"tag-lyon","16":"tag-news","17":"tag-prefecture-du-rhone","18":"tag-republique-francaise","19":"tag-restaurant","20":"tag-societe"},"share_on_mastodon":{"url":"https:\/\/pubeurope.com\/@fr\/115581565218247941","error":""},"_links":{"self":[{"href":"https:\/\/www.europesays.com\/fr\/wp-json\/wp\/v2\/posts\/546628","targetHints":{"allow":["GET"]}}],"collection":[{"href":"https:\/\/www.europesays.com\/fr\/wp-json\/wp\/v2\/posts"}],"about":[{"href":"https:\/\/www.europesays.com\/fr\/wp-json\/wp\/v2\/types\/post"}],"author":[{"embeddable":true,"href":"https:\/\/www.europesays.com\/fr\/wp-json\/wp\/v2\/users\/2"}],"replies":[{"embeddable":true,"href":"https:\/\/www.europesays.com\/fr\/wp-json\/wp\/v2\/comments?post=546628"}],"version-history":[{"count":0,"href":"https:\/\/www.europesays.com\/fr\/wp-json\/wp\/v2\/posts\/546628\/revisions"}],"wp:featuredmedia":[{"embeddable":true,"href":"https:\/\/www.europesays.com\/fr\/wp-json\/wp\/v2\/media\/546629"}],"wp:attachment":[{"href":"https:\/\/www.europesays.com\/fr\/wp-json\/wp\/v2\/media?parent=546628"}],"wp:term":[{"taxonomy":"category","embeddable":true,"href":"https:\/\/www.europesays.com\/fr\/wp-json\/wp\/v2\/categories?post=546628"},{"taxonomy":"post_tag","embeddable":true,"href":"https:\/\/www.europesays.com\/fr\/wp-json\/wp\/v2\/tags?post=546628"}],"curies":[{"name":"wp","href":"https:\/\/api.w.org\/{rel}","templated":true}]}}