{"id":54663,"date":"2025-04-26T15:12:10","date_gmt":"2025-04-26T15:12:10","guid":{"rendered":"https:\/\/www.europesays.com\/fr\/54663\/"},"modified":"2025-04-26T15:12:10","modified_gmt":"2025-04-26T15:12:10","slug":"a-tchernobyl-la-catastrophe-nucleaire-comme-arme-de-guerre","status":"publish","type":"post","link":"https:\/\/www.europesays.com\/fr\/54663\/","title":{"rendered":"\u00e0 Tchernobyl, la catastrophe nucl\u00e9aire comme arme de guerre"},"content":{"rendered":"<p data-module=\"fig-standfirst\" data-context=\"@media (min-width:48em)\"><strong>REPORTAGE <\/strong>&#8211; Touch\u00e9e par une attaque de drone en f\u00e9vrier, la centrale r\u00e9v\u00e8le des d\u00e9g\u00e2ts bien plus graves qu\u2019annonc\u00e9\u00a0: 70% de la membrane de protection est endommag\u00e9e, exposant le site \u00e0 de nouveaux risques sous le feu de la guerre.<\/p>\n<p class=\"fig-paragraph fig-paragraph--dropped\">Il est pr\u00e8s de deux heures du matin quand l\u2019explosion secoue le complexe nucl\u00e9aire de\u00a0<a href=\"http:\/\/www.lefigaro.fr\/flash-actu\/tchernobyl-les-images-saisissantes-des-ouvriers-charges-de-reparer-l-arche-de-la-centrale-nucleaire-apres-une-frappe-russe-20250219\" data-fig-type=\"NewsFlash\" data-gtm-custom-categorie=\"navigation\" data-gtm-custom-action=\"crossclick\" data-gtm-custom-label=\"Contextuel\" data-gtm-event=\"customEventSPE\" data-fig-domain=\"LEFIGARO\" target=\"_blank\" rel=\"noopener\">Tchernobyl<\/a>: 39 ans apr\u00e8s la catastrophe qui a fait sauter le 4\u00e8me r\u00e9acteur de la centrale nucl\u00e9aire ukrainienne, Serhii s\u2019est r\u00e9veill\u00e9 en sursaut, quand la d\u00e9tonation a retenti jusqu\u2019au foyer o\u00f9 dorment les ouvriers lors de leur rotation sur le site. \u00ab On s\u2019est pr\u00e9cipit\u00e9s dehors, on n\u2019a pas compris tout de suite qu\u2019il s\u2019agissait<a href=\"https:\/\/www.lefigaro.fr\/flash-actu\/guerre-en-ukraine-les-images-de-l-attaque-spectaculaire-de-la-centrale-nucleaire-de-tchernobyl-par-un-drone-russe-20250214\" target=\"_blank\" data-fig-type=\"NewsFlash\" rel=\"noopener\" data-gtm-custom-categorie=\"navigation\" data-gtm-custom-action=\"crossclick\" data-gtm-custom-label=\"Contextuel\" data-gtm-event=\"customEventSPE\" data-fig-domain=\"LEFIGARO\">\u00a0d\u2019une attaque de drone\u00a0<\/a>\u00bb, raconte-t-il. Une fois sur place, la sc\u00e8ne semble irr\u00e9elle sur ce lieu si prot\u00e9g\u00e9\u00a0: la frappe a d\u00e9clench\u00e9 un incendie sur le d\u00f4me de protection du r\u00e9acteur cens\u00e9 contenir les radiations du site<a href=\"https:\/\/www.lefigaro.fr\/international\/2016\/04\/26\/01003-20160426ARTFIG00019-il-y-a-30-ans-tchernobyl-subissait-la-pire-catastrophe-de-l-histoire-du-nucleaire.php\" target=\"_blank\" data-fig-type=\"Article\" rel=\"noopener\" data-gtm-custom-categorie=\"navigation\" data-gtm-custom-action=\"crossclick\" data-gtm-custom-label=\"Contextuel\" data-gtm-event=\"customEventSPE\" data-fig-domain=\"LEFIGARO\">\u00a0d\u00e9truit le 26 avril 1986<\/a>.<\/p>\n<p class=\"fig-paragraph fig-paragraph--dropped\">Deux mois apr\u00e8s l\u2019attaque russe sur l\u2019installation, le gouffre noir, b\u00e9ant au sommet de la structure, semble toiser les ouvriers qui s\u2019activent sur le site. \u00ab Le trou fait environ 15 m\u00e8tres carr\u00e9s\u00a0\u00bb, pr\u00e9cise l\u2019ouvrier, la taille d\u2019une chambre d\u2019h\u00f4tel. La communaut\u00e9 internationale s\u2019est \u00e9mue de l\u2019incident. Partout dans le monde\u2026<\/p>\n<p class=\"fig-premium-paywall__infos\">\n        Cet article est r\u00e9serv\u00e9 aux abonn\u00e9s.        Il vous reste 89% \u00e0 d\u00e9couvrir.\n    <\/p>\n<p>                <img  data- alt=\"Le Figaro\" class=\"fig-img--complete fig-img\"\/><\/p>\n<p class=\"fig-premium-paywall__title\">Vous avez envie de lire la suite ?<\/p>\n<p class=\"fig-premium-paywall__subtitle\">D\u00e9bloquez tous les articles imm\u00e9diatement.<\/p>\n<p class=\"fig-premium-paywall__connect\">\n                D\u00e9j\u00e0 abonn\u00e9\u00a0?                <a class=\"fig-premium-paywall__connect-link\" href=\"https:\/\/connect.lefigaro.fr\/login?client=horizon_web&amp;type=main&amp;redirect_uri=https%3A%2F%2Fwww.lefigaro.fr%2Finternational%2Ftrou-beant-sur-le-dome-protection-compromise-a-tchernobyl-la-catastrophe-nucleaire-comme-arme-de-guerre-20250426\" data-js-gtm=\"{&quot;customCategorie&quot;: &quot;conversion&quot;, &quot;customAction&quot;: &quot;before_Landing_Connexion_paywall_auto&quot;, &quot;customLabel&quot;: &quot;bGVmaWdhcm8uZnJfXzFmMDIxZTI0LTRjYjEtNmE5ZS04NGY5LTc3ODQ4YjFiNTk5Yl9fQXJ0aWNsZQ==_Trou b\u00e9ant sur le d\u00f4me, \u00abprotection compromise\u00bb\u00a0: \u00e0 Tchernobyl, la catastrophe nucl\u00e9aire comme arme de guerre_333&quot;, &quot;customIDSPE&quot;: &quot;bGVmaWdhcm8uZnJfXzFmMDIxZTI0LTRjYjEtNmE5ZS04NGY5LTc3ODQ4YjFiNTk5Yl9fQXJ0aWNsZQ==&quot;, &quot;event&quot;: &quot;customEventSPE&quot;}\" target=\"_blank\" rel=\"noopener\"><br \/>\n                    Connectez-vous<br \/>\n                <\/a>\n            <\/p>\n","protected":false},"excerpt":{"rendered":"REPORTAGE &#8211; Touch\u00e9e par une attaque de drone en f\u00e9vrier, la centrale r\u00e9v\u00e8le des d\u00e9g\u00e2ts bien plus graves&hellip;\n","protected":false},"author":2,"featured_media":54664,"comment_status":"","ping_status":"","sticky":false,"template":"","format":"standard","meta":{"footnotes":""},"categories":[4],"tags":[259,11,260,1011,27,14,261,12,5654,262,25,14922,220],"class_list":{"0":"post-54663","1":"post","2":"type-post","3":"status-publish","4":"format-standard","5":"has-post-thumbnail","7":"category-france","8":"tag-actualite-internationale","9":"tag-actualites","10":"tag-affaires-etrangeres","11":"tag-fr","12":"tag-france","13":"tag-international","14":"tag-ministere-des-affaires-etrangeres","15":"tag-news","16":"tag-nucleaire","17":"tag-politique-etrangere","18":"tag-republique-francaise","19":"tag-tchernobyl","20":"tag-ukraine"},"share_on_mastodon":{"url":"https:\/\/pubeurope.com\/@fr\/114404913602779383","error":""},"_links":{"self":[{"href":"https:\/\/www.europesays.com\/fr\/wp-json\/wp\/v2\/posts\/54663","targetHints":{"allow":["GET"]}}],"collection":[{"href":"https:\/\/www.europesays.com\/fr\/wp-json\/wp\/v2\/posts"}],"about":[{"href":"https:\/\/www.europesays.com\/fr\/wp-json\/wp\/v2\/types\/post"}],"author":[{"embeddable":true,"href":"https:\/\/www.europesays.com\/fr\/wp-json\/wp\/v2\/users\/2"}],"replies":[{"embeddable":true,"href":"https:\/\/www.europesays.com\/fr\/wp-json\/wp\/v2\/comments?post=54663"}],"version-history":[{"count":0,"href":"https:\/\/www.europesays.com\/fr\/wp-json\/wp\/v2\/posts\/54663\/revisions"}],"wp:featuredmedia":[{"embeddable":true,"href":"https:\/\/www.europesays.com\/fr\/wp-json\/wp\/v2\/media\/54664"}],"wp:attachment":[{"href":"https:\/\/www.europesays.com\/fr\/wp-json\/wp\/v2\/media?parent=54663"}],"wp:term":[{"taxonomy":"category","embeddable":true,"href":"https:\/\/www.europesays.com\/fr\/wp-json\/wp\/v2\/categories?post=54663"},{"taxonomy":"post_tag","embeddable":true,"href":"https:\/\/www.europesays.com\/fr\/wp-json\/wp\/v2\/tags?post=54663"}],"curies":[{"name":"wp","href":"https:\/\/api.w.org\/{rel}","templated":true}]}}