{"id":546634,"date":"2025-11-20T10:35:23","date_gmt":"2025-11-20T10:35:23","guid":{"rendered":"https:\/\/www.europesays.com\/fr\/546634\/"},"modified":"2025-11-20T10:35:23","modified_gmt":"2025-11-20T10:35:23","slug":"gagnez-vos-places-pour-la-soiree-fabric-paris-au-mia-mao-le-vendredi-28-novembre","status":"publish","type":"post","link":"https:\/\/www.europesays.com\/fr\/546634\/","title":{"rendered":"Gagnez vos places pour la soir\u00e9e \u00ab\u00a0Fabric Paris\u00a0\u00bb au Mia Mao le vendredi 28 novembre"},"content":{"rendered":"<p>Le vendredi 28 novembre 2025, la r\u00e9f\u00e9rence mondiale de la sc\u00e8ne \u00e9lectronique, Fabric London, pose ses valises \u00e0 Paris pour une collaboration in\u00e9dite avec le club Mia Mao. Cette premi\u00e8re coop\u00e9ration marque le point de d\u00e9part d\u2019une s\u00e9rie de partenariats internationaux pour Mia Mao, un lieu qui partage avec l\u2019institution londonienne, forte de ses 25 ans d\u2019histoire, une vision commune : celle d\u2019un dancefloor libre, immersif et exigeant.<\/p>\n<p><strong>Avant la F\u00eate : Plong\u00e9e dans les Coulisses de la Culture Club<\/strong><\/p>\n<p>L\u2019\u00e9v\u00e9nement s\u2019ouvrira d\u00e8s 20h au Mia Mao, nouveau temple parisien situ\u00e9 au c\u0153ur du parc de la Villette, en offrant une immersion dans la culture club avant m\u00eame l\u2019ouverture du dancefloor. La soir\u00e9e d\u00e9butera par la projection du documentaire \u00ab\u00a0<strong>Real Scenes: London<\/strong>\u00ab\u00a0, qui explore les forces et les fragilit\u00e9s de la sc\u00e8ne \u00e9lectronique londonienne \u00e0 travers les yeux des artistes et promoteurs qui la fa\u00e7onnent.<\/p>\n<p><strong>Un \u00e9change historique entre Paris et Londres<\/strong><\/p>\n<p>\u00c0 21h30, <strong>une conf\u00e9rence : \u201cEn backstage avec Fabric et Mia Mao : discussions sur la sc\u00e8ne club parisienne et londonienne\u201d<\/strong>. Cet \u00e9change constitue une occasion rare d\u2019analyser l\u2019histoire de la culture club en Angleterre et de mettre en lumi\u00e8re les dynamiques qui relient les sc\u00e8nes de Londres et de Paris depuis 25 ans. Inscription gratuite obligatoire <a href=\"https:\/\/miamao.fr\/show\/fabric-x-mia-mao-presentent-behind-the-culture-club\/\" data-type=\"link\" data-id=\"https:\/\/miamao.fr\/show\/fabric-x-mia-mao-presentent-behind-the-culture-club\/\" target=\"_blank\" rel=\"noopener\">ici<\/a>.<\/p>\n<p><a href=\"https:\/\/www.europesays.com\/fr\/wp-content\/uploads\/2025\/11\/ilusssfabruc-1-t-2400x1452.png\" data-barba-prevent=\"\" data-pswp-width=\"2400\" data-pswp-height=\"1452\"><\/p>\n<p><img loading=\"lazy\" decoding=\"async\" width=\"2400\" height=\"1452\" src=\"data:image\/svg+xml,%3Csvg%20xmlns=\" http:=\"\" class=\"attachment-thumbnail size-thumbnail\" alt=\"&#10;&#10;\" data-lazy-src=\"https:\/\/www.europesays.com\/fr\/wp-content\/uploads\/2025\/11\/ilusssfabruc-1-t-2400x1452.png\"\/><\/p>\n<p><\/a><\/p>\n<p><strong>Le Dancefloor : L\u2019Exp\u00e9rience Sensorielle Fabric<\/strong><\/p>\n<p>\u00c0 partir de minuit et jusqu\u2019\u00e0 7h du matin, les portes de la salle principale du Mia Mao s\u2019ouvriront pour la soir\u00e9e Fabric. Le club parisien, qui a ouvert ses portes en janvier 2025 et f\u00eatera bient\u00f4t sa premi\u00e8re ann\u00e9e d\u2019existence, est reconnu pour son architecture monumentale et son syst\u00e8me son sur mesure. Le line-up est \u00e0 la hauteur de la r\u00e9putation de l\u2019institution londonienne, avec la pr\u00e9sence de <strong>Sonja Moonear<\/strong>, <strong>Francesco Del Garda<\/strong>,<strong> Midland<\/strong>, <strong>IAMBP<\/strong>, et le r\u00e9sident historique de Fabric depuis son ouverture en 1999<strong> : Craig Richards<\/strong>. Pour prolonger l\u2019exp\u00e9rience sensorielle, la nuit sera sublim\u00e9e par les visuels immersifs sign\u00e9s <strong>Dreamrec<\/strong>, qui transforment l\u2019espace en une \u0153uvre visuelle en mouvement. Ces performances visuelles sont la signature de la tourn\u00e9e internationale de Fabric.<\/p>\n<p><a href=\"https:\/\/www.europesays.com\/fr\/wp-content\/uploads\/2025\/11\/illussss-1-t-2400x1452.png\" data-barba-prevent=\"\" data-pswp-width=\"2400\" data-pswp-height=\"1452\"><\/p>\n<p><img loading=\"lazy\" decoding=\"async\" width=\"2400\" height=\"1452\" src=\"data:image\/svg+xml,%3Csvg%20xmlns=\" http:=\"\" class=\"attachment-thumbnail size-thumbnail\" alt=\"&#10;&#10;\" data-lazy-src=\"https:\/\/www.europesays.com\/fr\/wp-content\/uploads\/2025\/11\/illussss-1-t-2400x1452.png\"\/><\/p>\n<p><\/a><\/p>\n<p>Le Mia Mao, qui applique une politique stricte \u00ab no photo, no video \u00bb pour garantir une immersion totale, est l\u2019endroit id\u00e9al pour accueillir cette collaboration qui s\u2019annonce comme l\u2019un des temps forts de la sc\u00e8ne \u00e9lectronique parisienne en 2025.<\/p>\n<p><strong>Plus d\u2019infos et billetterie : <a href=\"https:\/\/shotgun.live\/fr\/events\/fabric-x-mia-mao-behind-the-club-culture-docu-talk\" target=\"_blank\" rel=\"noopener\">https:\/\/shotgun.live\/fr\/events\/fabric-x-mia-mao-behind-the-club-culture-docu-talk<\/a><\/strong><\/p>\n<p><strong>Important :<\/strong>\u00a0N\u2019oubliez pas de consulter r\u00e9guli\u00e8rement votre bo\u00eete mail\u00a0<strong>ainsi que vos courriers ind\u00e9sirables (spams)<\/strong>. C\u2019est par ce biais que vous serez inform\u00e9\u00b7e en cas de\u00a0<strong>victoire<\/strong>. Assurez-vous de ne pas manquer une bonne nouvelle !<\/p>\n","protected":false},"excerpt":{"rendered":"Le vendredi 28 novembre 2025, la r\u00e9f\u00e9rence mondiale de la sc\u00e8ne \u00e9lectronique, Fabric London, pose ses valises \u00e0&hellip;\n","protected":false},"author":2,"featured_media":546635,"comment_status":"","ping_status":"","sticky":false,"template":"","format":"standard","meta":{"footnotes":""},"categories":[1888],"tags":[1111,1928,11,1927,1777,674,1011,27,12,1926,27975,626,1925,25],"class_list":{"0":"post-546634","1":"post","2":"type-post","3":"status-publish","4":"format-standard","5":"has-post-thumbnail","7":"category-paris","8":"tag-actu","9":"tag-actu-paris","10":"tag-actualites","11":"tag-actualites-paris","12":"tag-eu","13":"tag-europe","14":"tag-fr","15":"tag-france","16":"tag-news","17":"tag-news-paris","18":"tag-nova-aime","19":"tag-paris","20":"tag-paris-news","21":"tag-republique-francaise"},"share_on_mastodon":{"url":"https:\/\/pubeurope.com\/@fr\/115581584929086010","error":""},"_links":{"self":[{"href":"https:\/\/www.europesays.com\/fr\/wp-json\/wp\/v2\/posts\/546634","targetHints":{"allow":["GET"]}}],"collection":[{"href":"https:\/\/www.europesays.com\/fr\/wp-json\/wp\/v2\/posts"}],"about":[{"href":"https:\/\/www.europesays.com\/fr\/wp-json\/wp\/v2\/types\/post"}],"author":[{"embeddable":true,"href":"https:\/\/www.europesays.com\/fr\/wp-json\/wp\/v2\/users\/2"}],"replies":[{"embeddable":true,"href":"https:\/\/www.europesays.com\/fr\/wp-json\/wp\/v2\/comments?post=546634"}],"version-history":[{"count":0,"href":"https:\/\/www.europesays.com\/fr\/wp-json\/wp\/v2\/posts\/546634\/revisions"}],"wp:featuredmedia":[{"embeddable":true,"href":"https:\/\/www.europesays.com\/fr\/wp-json\/wp\/v2\/media\/546635"}],"wp:attachment":[{"href":"https:\/\/www.europesays.com\/fr\/wp-json\/wp\/v2\/media?parent=546634"}],"wp:term":[{"taxonomy":"category","embeddable":true,"href":"https:\/\/www.europesays.com\/fr\/wp-json\/wp\/v2\/categories?post=546634"},{"taxonomy":"post_tag","embeddable":true,"href":"https:\/\/www.europesays.com\/fr\/wp-json\/wp\/v2\/tags?post=546634"}],"curies":[{"name":"wp","href":"https:\/\/api.w.org\/{rel}","templated":true}]}}