{"id":546636,"date":"2025-11-20T10:37:16","date_gmt":"2025-11-20T10:37:16","guid":{"rendered":"https:\/\/www.europesays.com\/fr\/546636\/"},"modified":"2025-11-20T10:37:16","modified_gmt":"2025-11-20T10:37:16","slug":"marche-de-noel-le-pere-noel-senvole-dans-un-traineau","status":"publish","type":"post","link":"https:\/\/www.europesays.com\/fr\/546636\/","title":{"rendered":"March\u00e9 de No\u00ebl, le P\u00e8re No\u00ebl s\u2019envole dans un tra\u00eeneau"},"content":{"rendered":"<p>\t\t\t\t\t\t\t\t\t\t\t\t\t\t\t\t\t\t\t\t\t\t<img loading=\"lazy\" decoding=\"async\" src=\"data:image\/svg+xml,%3Csvg%20xmlns=\" http:=\"\" class=\"img-fluid\" alt=\"P\u00e8re No\u00ebl volant Montreux\" width=\"1024\" height=\"683\" data-lazy-src=\"https:\/\/www.europesays.com\/fr\/wp-content\/uploads\/2025\/11\/4-1-1024x683.jpg\"\/><\/p>\n<p>    Save<\/p>\n<p class=\"p1\">Vous l\u2019entendez, cet air de Somewhere in My Memory de \u00ab Maman, j\u2019ai rat\u00e9 l\u2019avion \u00bb flotter dans l\u2019air ? Nous oui\u2026 et encore plus en voyant les images de ce <strong>v\u00e9ritable tra\u00eeneau du P\u00e8re No\u00ebl volant dans le ciel<\/strong>. Non, ce n\u2019est pas juste un doux r\u00eave, mais bel et bien une r\u00e9alit\u00e9. Au c\u0153ur de ce <strong>march\u00e9 f\u00e9\u00e9rique accessible depuis Paris en train,<\/strong> vous pourrez voir le tra\u00eeneau du P\u00e8re No\u00ebl dans le ciel<strong> plusieurs fois par jour<\/strong>, flottant au-dessus d\u2019un lac magique. Comme dirait Mariah : it\u2019s tiiiime !<\/p>\n<p><b>Un march\u00e9 de No\u00ebl comme un pays des merveilles hivernal<\/b><\/p>\n<p><img fetchpriority=\"high\" decoding=\"async\" class=\"aligncenter size-large wp-image-216814\" src=\"data:image\/svg+xml,%3Csvg%20xmlns=\" http:=\"\" alt=\"P\u00e8re No\u00ebl volant Montreux plus beaux march\u00e9s de No\u00ebl\" width=\"1024\" height=\"683\" data-lazy- data-lazy- data-lazy-src=\"https:\/\/www.europesays.com\/fr\/wp-content\/uploads\/2025\/11\/5-1-1024x683.jpg\"\/><\/p>\n<p class=\"p2\">Des f\u00eates de fin d\u2019ann\u00e9e des plus f\u00e9\u00e9riques se dessinent. Au c\u0153ur du March\u00e9 de No\u00ebl de Montreux, la magie de No\u00ebl s\u2019invite de la plus belle mani\u00e8re qui soit. Situ\u00e9 <strong>sur les rives du lac L\u00e9man,<\/strong> ce march\u00e9 de No\u00ebl unique pourrait bien \u00eatre <strong>le repaire secret du P\u00e8re No\u00ebl.<\/strong> Un Christmas market des plus enchanteurs, sans doute l\u2019un des plus merveilleux du monde, o\u00f9 d\u00e9ambuler en famille et mettre des \u00e9toiles plein les yeux des enfants. <strong>Mais pourquoi est-il si particulier ?<\/strong> Serait-ce gr\u00e2ce \u00e0 ses d\u00e9licieuses effluves de marrons chauds, de pain d\u2019\u00e9pices, de vin chaud et de chocolat suisse ? Oui, mais pas seulement\u2026<\/p>\n<p><b>Levez les yeux au ciel pour voir l\u2019envol du P\u00e8re No\u00ebl dans son tra\u00eeneau volant, avec ses rennes<\/b><\/p>\n<p><img loading=\"lazy\" decoding=\"async\" class=\"aligncenter size-large wp-image-216813\" src=\"data:image\/svg+xml,%3Csvg%20xmlns=\" http:=\"\" alt=\"P\u00e8re No\u00ebl volant Montreux\" width=\"1024\" height=\"683\" data-lazy- data-lazy- data-lazy-src=\"https:\/\/www.europesays.com\/fr\/wp-content\/uploads\/2025\/11\/6-1024x683.jpg\"\/><\/p>\n<p class=\"p2\">Si le <strong>March\u00e9 de No\u00ebl de Montreux<\/strong> fait r\u00eaver petits et grands \u00e0 l\u2019or\u00e9e de No\u00ebl, c\u2019est aussi parce qu\u2019il est l\u2019un des march\u00e9s de No\u00ebl les plus anim\u00e9s. Au c\u0153ur de cet immense <strong>atelier du P\u00e8re No\u00ebl \u00e0 ciel ouvert<\/strong>, la f\u00e9erie est de mise. Tous les jours, au-dessus du lac L\u00e9man, le P\u00e8re No\u00ebl semble flotter dans les airs \u00e0 bord de son tra\u00eeneau illumin\u00e9, en chantant et en saluant la foule, \u00e0 <strong>17h, 18h et 19h.<\/strong> Le week-end, Santa et sa barbe blanche cotonneuse s\u2019envolent \u00e9galement <strong>\u00e0 16h<\/strong>, pour ajouter encore un brin de magie. Un spectacle unique que l\u2019on peut voir rarement ailleurs, et qui est <strong>d\u2019autant plus incroyable au coucher du soleil<\/strong>, lorsque le ciel se pare de ses plus belles nuances de rose, de rouge et d\u2019orang\u00e9.<\/p>\n<p><b>La magie de No\u00ebl comme vous ne l\u2019avez peut-\u00eatre jamais vue\u2026<\/b><\/p>\n<p class=\"p2\">Des<strong> sandwichs \u00e0 la fondue<\/strong> avec du bon fromage suisse , des sculptures lumineuses et une <strong>grande roue scintillante<\/strong> offrant la plus belle vue sur le lac L\u00e9man\u2026 Sans oublier les carrousels, l\u2019arbre \u00e0 v\u0153ux, les chalets enneig\u00e9s et le P\u00e8re No\u00ebl a\u00e9rien. <strong>Montreux No\u00ebl<\/strong> incarne d\u00e9cid\u00e9ment la magie de No\u00ebl telle qu\u2019on l\u2019imagine dans nos r\u00eaves les plus fous !<\/p>\n<p class=\"p2\">\ud83c\udf84 Et si vous voulez d\u00e9couvrir un No\u00ebl suisse juste magique, d\u00e9voil\u00e9 pour la premi\u00e8re fois cette ann\u00e9e \u00e0 Paris, <a href=\"https:\/\/feverup.com\/m\/476029\" rel=\"follow noopener\" target=\"_blank\" class=\"shortcode-outbound-link\" data-has-ga=\"true\" data-ga-type=\"click\" data-label=\"https:\/\/feverup.com\/m\/476029\" data-action=\"text_cta_0\" data-tracked=\"1\" data-category=\"click_sales\" data-cp_smn_source=\"parissecret\" data-cp_smn_content=\"pere-noel-volant-montreux-marche-noel-pres-de-paris\" data-cp_smn_term=\"text_cta_0\"><strong>rendez-vous \u00e0 La Villette !<\/strong><\/a><\/p>\n","protected":false},"excerpt":{"rendered":"Save Vous l\u2019entendez, cet air de Somewhere in My Memory de \u00ab Maman, j\u2019ai rat\u00e9 l\u2019avion \u00bb flotter&hellip;\n","protected":false},"author":2,"featured_media":546637,"comment_status":"","ping_status":"","sticky":false,"template":"","format":"standard","meta":{"footnotes":""},"categories":[1888],"tags":[11,1777,674,1011,27,6736,12,15830,626,25],"class_list":{"0":"post-546636","1":"post","2":"type-post","3":"status-publish","4":"format-standard","5":"has-post-thumbnail","7":"category-paris","8":"tag-actualites","9":"tag-eu","10":"tag-europe","11":"tag-fr","12":"tag-france","13":"tag-hiver","14":"tag-news","15":"tag-noel","16":"tag-paris","17":"tag-republique-francaise"},"share_on_mastodon":{"url":"https:\/\/pubeurope.com\/@fr\/115581592869703405","error":""},"_links":{"self":[{"href":"https:\/\/www.europesays.com\/fr\/wp-json\/wp\/v2\/posts\/546636","targetHints":{"allow":["GET"]}}],"collection":[{"href":"https:\/\/www.europesays.com\/fr\/wp-json\/wp\/v2\/posts"}],"about":[{"href":"https:\/\/www.europesays.com\/fr\/wp-json\/wp\/v2\/types\/post"}],"author":[{"embeddable":true,"href":"https:\/\/www.europesays.com\/fr\/wp-json\/wp\/v2\/users\/2"}],"replies":[{"embeddable":true,"href":"https:\/\/www.europesays.com\/fr\/wp-json\/wp\/v2\/comments?post=546636"}],"version-history":[{"count":0,"href":"https:\/\/www.europesays.com\/fr\/wp-json\/wp\/v2\/posts\/546636\/revisions"}],"wp:featuredmedia":[{"embeddable":true,"href":"https:\/\/www.europesays.com\/fr\/wp-json\/wp\/v2\/media\/546637"}],"wp:attachment":[{"href":"https:\/\/www.europesays.com\/fr\/wp-json\/wp\/v2\/media?parent=546636"}],"wp:term":[{"taxonomy":"category","embeddable":true,"href":"https:\/\/www.europesays.com\/fr\/wp-json\/wp\/v2\/categories?post=546636"},{"taxonomy":"post_tag","embeddable":true,"href":"https:\/\/www.europesays.com\/fr\/wp-json\/wp\/v2\/tags?post=546636"}],"curies":[{"name":"wp","href":"https:\/\/api.w.org\/{rel}","templated":true}]}}