{"id":546638,"date":"2025-11-20T10:38:14","date_gmt":"2025-11-20T10:38:14","guid":{"rendered":"https:\/\/www.europesays.com\/fr\/546638\/"},"modified":"2025-11-20T10:38:14","modified_gmt":"2025-11-20T10:38:14","slug":"des-milliers-de-foyers-prives-de-courant-ce-jeudi-matin","status":"publish","type":"post","link":"https:\/\/www.europesays.com\/fr\/546638\/","title":{"rendered":"des milliers de foyers priv\u00e9s de courant ce jeudi matin"},"content":{"rendered":"<p>\n    Une avarie sur une infrastructure \u00e9lectrique a perturb\u00e9 le r\u00e9seau \u00e0 Paris et autour d\u2019Issy-les-Moulineaux, privant jusqu\u2019\u00e0 170.000 foyers d\u2019\u00e9lectricit\u00e9 plus t\u00f4t dans la matin\u00e9e.<\/p>\n<p class=\"fig-paragraph\">Une coupure de courant d\u2019ampleur a frapp\u00e9 ce jeudi matin le sud de Paris, touchant notamment Issy-les-Moulineaux, \u00e0 la suite d\u2019une avarie au poste \u00e9lectrique RTE local. L\u2019incident, survenu \u00e0 6h38, a priv\u00e9 des milliers de foyers d\u2019\u00e9lectricit\u00e9 ce jeudi 20 novembre. \u00ab170.000 foyers ont \u00e9t\u00e9 priv\u00e9s d\u2019\u00e9lectricit\u00e9, dont 112.000 ont pu \u00eatre r\u00e9aliment\u00e9s en cinq minutes, soit l\u2019ensemble des foyers concern\u00e9s \u00e0 Paris et autour d\u2019Issy-les-Moulineaux\u00bb, pr\u00e9cise\u00a0<a href=\"https:\/\/video.lefigaro.fr\/figaro\/international\/la-panne-electrique-geante-en-partie-liee-aux-phenomenes-meteorologiques-selon-le-gestionnaire-de-reseau-rte-20250430\" data-fig-type=\"Video\" data-gtm-custom-categorie=\"navigation\" data-gtm-custom-action=\"crossclick\" data-gtm-custom-label=\"Contextuel\" data-gtm-event=\"customEventSPE\" data-fig-domain=\"LEFIGARO\" target=\"_blank\" rel=\"noopener\">RTE, la filiale d\u2019EDF<\/a>\u00a0qui g\u00e8re le transport sur les lignes \u00e0 haute et tr\u00e8s haute tension, acheminant l\u2019\u00e9nergie des centrales jusqu\u2019aux r\u00e9seaux r\u00e9gionaux.<\/p>\n<p class=\"fig-paragraph\">RTE a assur\u00e9 que le r\u00e9seau \u00e9lectrique, \u00abtr\u00e8s maill\u00e9, avait permis une reprise rapide du service en r\u00e9orientant rapidement l\u2019alimentation \u00e9lectrique via d\u2019autres canaux\u00bb. Selon les derni\u00e8res informations, \u00e0 7h50, 2600 foyers demeuraient sans alimentation \u00e9lectrique. \u00c0 cette heure, la cause exacte de l\u2019incident technique n\u2019\u00e9tait pas connue, les \u00e9quipes demeurant mobilis\u00e9es pour identifier le mat\u00e9riel touch\u00e9 et finaliser les r\u00e9tablissements.<\/p>\n<p>                                    <a class=\"fig-a11y-skip a11y-hidden\" href=\"#fig-a11y-skip-main-inarticle\"><br \/>\n        Passer la publicit\u00e9<br \/>\n    <\/a><\/p>\n<p class=\"fig-paragraph\">La ligne 12 du m\u00e9tro a \u00e9galement \u00e9t\u00e9 perturb\u00e9e \u00e0 Mairie d\u2019Aubervilliers vers Mairie d\u2019Issy. La RTAP signale que le trafic est encore perturb\u00e9 en raison de l\u2019affluence exceptionnelle li\u00e9e \u00e0 la panne de courant qui a immobilis\u00e9 la ligne plus t\u00f4t dans la matin\u00e9e.<\/p>\n<p class=\"fig-paragraph\">Le courant a \u00e9t\u00e9 r\u00e9tabli sur toute la zone 9h20, signant la fin de l\u2019incident.<\/p>\n","protected":false},"excerpt":{"rendered":"Une avarie sur une infrastructure \u00e9lectrique a perturb\u00e9 le r\u00e9seau \u00e0 Paris et autour d\u2019Issy-les-Moulineaux, privant jusqu\u2019\u00e0 170.000&hellip;\n","protected":false},"author":2,"featured_media":546639,"comment_status":"","ping_status":"","sticky":false,"template":"","format":"standard","meta":{"footnotes":""},"categories":[1888],"tags":[11,579,1777,674,1011,27,12,10899,626,25,18387],"class_list":{"0":"post-546638","1":"post","2":"type-post","3":"status-publish","4":"format-standard","5":"has-post-thumbnail","7":"category-paris","8":"tag-actualites","9":"tag-electricite","10":"tag-eu","11":"tag-europe","12":"tag-fr","13":"tag-france","14":"tag-news","15":"tag-panne","16":"tag-paris","17":"tag-republique-francaise","18":"tag-rte"},"share_on_mastodon":{"url":"https:\/\/pubeurope.com\/@fr\/115581596970056248","error":""},"_links":{"self":[{"href":"https:\/\/www.europesays.com\/fr\/wp-json\/wp\/v2\/posts\/546638","targetHints":{"allow":["GET"]}}],"collection":[{"href":"https:\/\/www.europesays.com\/fr\/wp-json\/wp\/v2\/posts"}],"about":[{"href":"https:\/\/www.europesays.com\/fr\/wp-json\/wp\/v2\/types\/post"}],"author":[{"embeddable":true,"href":"https:\/\/www.europesays.com\/fr\/wp-json\/wp\/v2\/users\/2"}],"replies":[{"embeddable":true,"href":"https:\/\/www.europesays.com\/fr\/wp-json\/wp\/v2\/comments?post=546638"}],"version-history":[{"count":0,"href":"https:\/\/www.europesays.com\/fr\/wp-json\/wp\/v2\/posts\/546638\/revisions"}],"wp:featuredmedia":[{"embeddable":true,"href":"https:\/\/www.europesays.com\/fr\/wp-json\/wp\/v2\/media\/546639"}],"wp:attachment":[{"href":"https:\/\/www.europesays.com\/fr\/wp-json\/wp\/v2\/media?parent=546638"}],"wp:term":[{"taxonomy":"category","embeddable":true,"href":"https:\/\/www.europesays.com\/fr\/wp-json\/wp\/v2\/categories?post=546638"},{"taxonomy":"post_tag","embeddable":true,"href":"https:\/\/www.europesays.com\/fr\/wp-json\/wp\/v2\/tags?post=546638"}],"curies":[{"name":"wp","href":"https:\/\/api.w.org\/{rel}","templated":true}]}}