{"id":546644,"date":"2025-11-20T10:41:17","date_gmt":"2025-11-20T10:41:17","guid":{"rendered":"https:\/\/www.europesays.com\/fr\/546644\/"},"modified":"2025-11-20T10:41:17","modified_gmt":"2025-11-20T10:41:17","slug":"guerre-en-ukraine-nous-ne-voulons-pas-de-capitulation-de-lukraine-le-gouvernement-francais-reagit-au-plan-de-paix-voulu-par-les-etats-unis-pour-mettre-fin-au-conflit","status":"publish","type":"post","link":"https:\/\/www.europesays.com\/fr\/546644\/","title":{"rendered":"Guerre en Ukraine : \u00ab\u00a0Nous ne voulons pas de capitulation de l&rsquo;Ukraine\u00a0\u00bb, le gouvernement fran\u00e7ais r\u00e9agit au plan de paix voulu par les \u00c9tats-Unis pour mettre fin au conflit"},"content":{"rendered":"<p>\n                                                                La paix en Ukraine ne doit pas \u00eatre synonyme de capitulation, selon le ministre fran\u00e7ais des Affaires \u00e9trang\u00e8res. Les \u00c9tats-Unis proposent un plan controvers\u00e9 impliquant des concessions territoriales.<br \/>\u00a0\n                            <\/p>\n<p>La paix en Ukraine ne doit pas passer par une \u00ab\u00a0capitulation\u00a0\u00bb de Kyiv face \u00e0 la Russie, a d\u00e9clar\u00e9 jeudi le ministre fran\u00e7ais des Affaires \u00e9trang\u00e8res, Jean-No\u00ebl Barrot.<\/p>\n<p>Les Etats-Unis ont signifi\u00e9 au pr\u00e9sident ukrainien Volodymyr Zelensky que Kyiv devait accepter un plan \u00e9tabli par Washington pour mettre fin \u00e0 la guerre qui pr\u00e9voit notamment la cession de territoires et d&rsquo;armes par l&rsquo;Ukraine, ont d\u00e9clar\u00e9 mercredi deux sources au fait de la question.<\/p>\n<p>Volodiymyr Zelensky, qui \u00e9tait mercredi \u00e0 Ankara pour des discussions avec son homologue turc dans le cadre d&rsquo;une nouvelle initiative visant \u00e0 relancer les n\u00e9gociations de paix avec la Russie, doit recevoir ce jeudi \u00e0 Kyiv des responsables de l&rsquo;arm\u00e9e am\u00e9ricaine.<\/p>\n<p>\u00ab\u00a0Nous voulons la paix, les Ukrainiens veulent la paix, une paix juste qui respecte la souverainet\u00e9 de chacun, une paix durable qui ne puisse pas \u00eatre remise en question par de futures agressions, mais la paix, \u00e7a ne peut pas \u00eatre la capitulation\u00a0\u00bb, a d\u00e9clar\u00e9 Jean-No\u00ebl Barrot, \u00e0 Bruxelles, avant une r\u00e9union des ministres des Affaires \u00e9trang\u00e8res de l&rsquo;Union europ\u00e9enne (UE).<\/p>\n<p>\u00ab\u00a0Nous ne voulons pas de capitulation de l&rsquo;Ukraine et vous imaginez bien que les Ukrainiens, qui r\u00e9sistent de mani\u00e8re h\u00e9ro\u00efque depuis plus de trois ans maintenant contre une agression d\u00e9sinhib\u00e9e de la part de la Russie, refuseront toujours toute forme de capitulation\u00a0\u00bb, a-t-il ajout\u00e9.<\/p>\n<p>\u00ab\u00a0Ce que nous constatons, c&rsquo;est qu&rsquo;aujourd&rsquo;hui c&rsquo;est la Russie de Vladimir Poutine qui constitue un obstacle \u00e0 la paix\u00a0\u00bb, a \u00e9galement dit Jean-No\u00ebl Barrot. \u00ab\u00a0Le principe d&rsquo;une paix doit commencer par un cessez-le-feu sur la ligne de contact, qui permettra d&rsquo;engager des discussions sur la question des territoires et sur la question des garanties de s\u00e9curit\u00e9.\u00a0\u00bb<\/p>\n<p>Aucun entretien en face \u00e0 face n&rsquo;a eu lieu entre n\u00e9gociateurs russes et ukrainiens depuis une r\u00e9union \u00e0 Istanbul en juillet. Les efforts pour relancer les pourparlers semblent gagner en intensit\u00e9, bien que Moscou n&rsquo;ait consenti pour l&rsquo;heure aucune concession sur sa position initiale.<\/p>\n<p>Vladimir Poutine avait expos\u00e9 ses conditions en juin 2024, exigeant que Kyiv renonce \u00e0 rejoindre l&rsquo;Otan et retire ses troupes de quatre provinces que Moscou revendique comme faisant partie de la Russie. Moscou n&rsquo;a donn\u00e9 aucun signe de renoncer \u00e0 ces exigences et l&rsquo;Ukraine affirme qu&rsquo;elle ne les acceptera pas.<\/p>\n<p>\u00ab\u00a0Ce que nous, Europ\u00e9ens, avons toujours soutenu, c&rsquo;est une paix durable et juste, et nous saluons tous les efforts d\u00e9ploy\u00e9s pour y parvenir. Bien s\u00fbr, pour qu&rsquo;un plan fonctionne, il faut que les Ukrainiens et les Europ\u00e9ens y adh\u00e8rent\u00a0\u00bb, a d\u00e9clar\u00e9 jeudi la Haute repr\u00e9sentante de l&rsquo;UE pour les Affaires \u00e9trang\u00e8res, Kaja Kallas, \u00e0 Bruxelles.<\/p>\n<p>L&rsquo;UE pr\u00e9voit d&rsquo;adopter ce jeudi des sanctions \u00e0 l&rsquo;encontre de six magistrats russes \u00ab\u00a0responsables de proc\u00e8s politiques\u00a0\u00bb et contre quatre officiers p\u00e9nitentiaires responsables de mauvais traitements \u00e0 l&rsquo;\u00e9gard de prisonniers politiques, a fait savoir par ailleurs Jean-No\u00ebl Barrot.<\/p>\n","protected":false},"excerpt":{"rendered":"La paix en Ukraine ne doit pas \u00eatre synonyme de capitulation, selon le ministre fran\u00e7ais des Affaires \u00e9trang\u00e8res.&hellip;\n","protected":false},"author":2,"featured_media":546645,"comment_status":"","ping_status":"","sticky":false,"template":"","format":"standard","meta":{"footnotes":""},"categories":[1589],"tags":[11,73,1866,12,1864,1865,1863,308],"class_list":{"0":"post-546644","1":"post","2":"type-post","3":"status-publish","4":"format-standard","5":"has-post-thumbnail","7":"category-etats-unis","8":"tag-actualites","9":"tag-etats-unis","10":"tag-etats-unis-damerique","11":"tag-news","12":"tag-united-states","13":"tag-united-states-of-america","14":"tag-us","15":"tag-usa"},"share_on_mastodon":{"url":"https:\/\/pubeurope.com\/@fr\/115581608672865211","error":""},"_links":{"self":[{"href":"https:\/\/www.europesays.com\/fr\/wp-json\/wp\/v2\/posts\/546644","targetHints":{"allow":["GET"]}}],"collection":[{"href":"https:\/\/www.europesays.com\/fr\/wp-json\/wp\/v2\/posts"}],"about":[{"href":"https:\/\/www.europesays.com\/fr\/wp-json\/wp\/v2\/types\/post"}],"author":[{"embeddable":true,"href":"https:\/\/www.europesays.com\/fr\/wp-json\/wp\/v2\/users\/2"}],"replies":[{"embeddable":true,"href":"https:\/\/www.europesays.com\/fr\/wp-json\/wp\/v2\/comments?post=546644"}],"version-history":[{"count":0,"href":"https:\/\/www.europesays.com\/fr\/wp-json\/wp\/v2\/posts\/546644\/revisions"}],"wp:featuredmedia":[{"embeddable":true,"href":"https:\/\/www.europesays.com\/fr\/wp-json\/wp\/v2\/media\/546645"}],"wp:attachment":[{"href":"https:\/\/www.europesays.com\/fr\/wp-json\/wp\/v2\/media?parent=546644"}],"wp:term":[{"taxonomy":"category","embeddable":true,"href":"https:\/\/www.europesays.com\/fr\/wp-json\/wp\/v2\/categories?post=546644"},{"taxonomy":"post_tag","embeddable":true,"href":"https:\/\/www.europesays.com\/fr\/wp-json\/wp\/v2\/tags?post=546644"}],"curies":[{"name":"wp","href":"https:\/\/api.w.org\/{rel}","templated":true}]}}