{"id":546646,"date":"2025-11-20T10:42:16","date_gmt":"2025-11-20T10:42:16","guid":{"rendered":"https:\/\/www.europesays.com\/fr\/546646\/"},"modified":"2025-11-20T10:42:16","modified_gmt":"2025-11-20T10:42:16","slug":"un-terroriste-islamiste-reclame-reparation-apres-avoir-ete-place-22-heures-par-jour-a-lisolement","status":"publish","type":"post","link":"https:\/\/www.europesays.com\/fr\/546646\/","title":{"rendered":"un terroriste islamiste r\u00e9clame r\u00e9paration apr\u00e8s avoir \u00e9t\u00e9 plac\u00e9 22 heures par jour \u00e0 l\u2019isolement"},"content":{"rendered":"<p>\n    Condamn\u00e9 pour avoir pr\u00e9par\u00e9 une attaque au couteau, Sahayb Abu a obtenu en justice la reconnaissance du caract\u00e8re ill\u00e9gal de son isolement. Une d\u00e9cision embarrassante pour Londres, qui pourrait devoir l\u2019indemniser.<\/p>\n<p class=\"fig-paragraph\">Un\u00a0<a href=\"http:\/\/www.lefigaro.fr\/international\/royaume-uni-le-chef-du-mi5-affirme-que-le-renseignement-britannique-est-de-plus-en-plus-confronte-a-des-mineurs-20241008\" data-fig-type=\"NewsFlash\" data-gtm-custom-categorie=\"navigation\" data-gtm-custom-action=\"crossclick\" data-gtm-custom-label=\"Contextuel\" data-gtm-event=\"customEventSPE\" data-fig-domain=\"LEFIGARO\" target=\"_blank\" rel=\"noopener\">terroriste incarc\u00e9r\u00e9 outre-Manche<\/a>\u00a0pourrait recevoir des dommages et int\u00e9r\u00eats apr\u00e8s qu\u2019un juge a estim\u00e9 que son\u00a0<a href=\"https:\/\/video.lefigaro.fr\/figaro\/faits-divers\/gerald-darmanin-affirme-la-mise-en-place-dun-regime-disolement-extremement-stricte-pour-mohamed-amra-20250226\" data-fig-type=\"Video\" data-gtm-custom-categorie=\"navigation\" data-gtm-custom-action=\"crossclick\" data-gtm-custom-label=\"Contextuel\" data-gtm-event=\"customEventSPE\" data-fig-domain=\"LEFIGARO\" target=\"_blank\" rel=\"noopener\">placement \u00e0 l\u2019isolement<\/a>, plus de 22 heures par jour, avait viol\u00e9 ses droits fondamentaux. Sahayb Abu, 37 ans, purge une peine minimale de 19 ans de prison pour avoir pr\u00e9par\u00e9 une attaque au couteau en pleine pand\u00e9mie. Depuis plus d\u2019un an, il encha\u00eene les transferts et les mesures d\u2019isolement renforc\u00e9 au sein de plusieurs \u00e9tablissements de haute s\u00e9curit\u00e9.<\/p>\n<p class=\"fig-paragraph\">Sahayb Abu avait \u00e9t\u00e9 initialement plac\u00e9 dans un \u00abcentre de s\u00e9paration\u00bb, dispositif r\u00e9serv\u00e9 aux d\u00e9tenus consid\u00e9r\u00e9s comme les plus \u00e0 risque de radicaliser leurs cod\u00e9tenus. Selon les autorit\u00e9s p\u00e9nitentiaires, il diffusait en d\u00e9tention une id\u00e9ologie islamiste extr\u00e9miste. Mais sa situation s\u2019est d\u00e9t\u00e9rior\u00e9e en avril 2023, lorsqu\u2019un autre cod\u00e9tenu terroriste, Hashem Abedi, fr\u00e8re du kamikaze de l\u2019<a href=\"https:\/\/www.lefigaro.fr\/international\/2017\/05\/24\/01003-20170524LIVWWW00021-en-direct-manchester-attentat-ariana-grande-theresa-may-arena-salman-abedi.php\" data-fig-type=\"Live\" data-gtm-custom-categorie=\"navigation\" data-gtm-custom-action=\"crossclick\" data-gtm-custom-label=\"Contextuel\" data-gtm-event=\"customEventSPE\" data-fig-domain=\"LEFIGARO\" target=\"_blank\" rel=\"noopener\">attentat de Manchester Arena<\/a>, a agress\u00e9 plusieurs surveillants \u00e0 la prison de Frankland, dans le nord de l\u2019Angleterre. Les services p\u00e9nitentiaires ont alors ordonn\u00e9 la relocalisation imm\u00e9diate d\u2019Abu et d\u2019autres prisonniers jug\u00e9s sensibles, assortie d\u2019un r\u00e9gime d\u2019isolement strict.<\/p>\n<p>                                    <a class=\"fig-a11y-skip a11y-hidden\" href=\"#fig-a11y-skip-main-inarticle\"><br \/>\n        Passer la publicit\u00e9<br \/>\n    <\/a><\/p>\n<p class=\"fig-paragraph\">Transf\u00e9r\u00e9 successivement dans plusieurs prisons de haute s\u00e9curit\u00e9, Sahayb Abu a \u00e9t\u00e9 enferm\u00e9 plus de 22 heures par jour, avec un acc\u00e8s limit\u00e9 aux activit\u00e9s, \u00e0 la pri\u00e8re collective ou aux autres d\u00e9tenus, rapporte Reuters.<\/p>\n<p><strong>Un trouble de stress post-traumatique<\/strong><\/p>\n<p class=\"fig-paragraph\">Ses avocats affirment au Telegraph que cet isolement prolong\u00e9 a fait basculer son \u00e9tat psychique\u00a0: crises de panique, automutilations, sentiment de pers\u00e9cution. L\u2019homme, d\u00e9j\u00e0 suivi pour des troubles psychiques, dit s\u2019\u00eatre senti \u00abconstamment effray\u00e9\u00bb et r\u00e9duit \u00e0 penser que \u00absa vie n\u2019avait plus de sens\u00bb. En ao\u00fbt, il a saisi la justice, citant notamment les articles 3 et 8 de la\u00a0<a href=\"http:\/\/www.lefigaro.fr\/international\/la-convention-europeenne-des-droits-de-l-homme-celebre-ce-mardi-ses-75-ans-20251104\" data-fig-type=\"NewsFlash\" data-gtm-custom-categorie=\"navigation\" data-gtm-custom-action=\"crossclick\" data-gtm-custom-label=\"Contextuel\" data-gtm-event=\"customEventSPE\" data-fig-domain=\"LEFIGARO\" target=\"_blank\" rel=\"noopener\">Convention europ\u00e9enne des droits de l\u2019homme<\/a>, qui prot\u00e8gent contre les traitements inhumains ainsi que le droit au respect de la vie priv\u00e9e.<\/p>\n<p class=\"fig-paragraph\">Mardi, la Haute Cour lui a donn\u00e9 raison. Dans un jugement rapport\u00e9 par le quotidien britannique, le juge Clive Sheldon a estim\u00e9 que le maintien en isolement d\u2019Abu \u00abne pouvait \u00eatre justifi\u00e9 sur le fond\u00bb. Il a relev\u00e9 que l\u2019int\u00e9ress\u00e9 souffre aujourd\u2019hui d\u2019un trouble de stress post-traumatique \u00abcaus\u00e9, au moins en partie, par l\u2019isolement\u00bb, et que le minist\u00e8re de la Justice avait omis d\u2019obtenir une \u00e9valuation psychiatrique pourtant \u00abessentielle\u00bb, alors m\u00eame que les risques li\u00e9s \u00e0 l\u2019isolement \u00e9taient connus.<\/p>\n<p class=\"fig-paragraph\">Le juge a pr\u00e9cis\u00e9 qu\u2019un prisonnier \u00abordinaire\u00bb n\u2019aurait peut-\u00eatre pas vu ses droits bafou\u00e9s par le r\u00e9gime, mais qu\u2019Abu \u00abn\u2019\u00e9tait pas un tel d\u00e9tenu\u00bb. La justice britannique doit d\u00e9sormais d\u00e9terminer si une indemnisation s\u2019impose.<\/p>\n","protected":false},"excerpt":{"rendered":"Condamn\u00e9 pour avoir pr\u00e9par\u00e9 une attaque au couteau, Sahayb Abu a obtenu en justice la reconnaissance du caract\u00e8re&hellip;\n","protected":false},"author":2,"featured_media":546647,"comment_status":"","ping_status":"","sticky":false,"template":"","format":"standard","meta":{"footnotes":""},"categories":[1588],"tags":[11,1777,674,26903,12,806,473,1853,1254,1851,1850,1852],"class_list":{"0":"post-546646","1":"post","2":"type-post","3":"status-publish","4":"format-standard","5":"has-post-thumbnail","7":"category-royaume-uni","8":"tag-actualites","9":"tag-eu","10":"tag-europe","11":"tag-isolement","12":"tag-news","13":"tag-prison","14":"tag-royaume-uni","15":"tag-royaume-uni-de-grande-bretagne-et-dirlande-du-nord","16":"tag-terrorisme","17":"tag-uk","18":"tag-united-kingdom","19":"tag-united-kingdom-of-great-britain-and-northern-ireland"},"share_on_mastodon":{"url":"https:\/\/pubeurope.com\/@fr\/115581612585718568","error":""},"_links":{"self":[{"href":"https:\/\/www.europesays.com\/fr\/wp-json\/wp\/v2\/posts\/546646","targetHints":{"allow":["GET"]}}],"collection":[{"href":"https:\/\/www.europesays.com\/fr\/wp-json\/wp\/v2\/posts"}],"about":[{"href":"https:\/\/www.europesays.com\/fr\/wp-json\/wp\/v2\/types\/post"}],"author":[{"embeddable":true,"href":"https:\/\/www.europesays.com\/fr\/wp-json\/wp\/v2\/users\/2"}],"replies":[{"embeddable":true,"href":"https:\/\/www.europesays.com\/fr\/wp-json\/wp\/v2\/comments?post=546646"}],"version-history":[{"count":0,"href":"https:\/\/www.europesays.com\/fr\/wp-json\/wp\/v2\/posts\/546646\/revisions"}],"wp:featuredmedia":[{"embeddable":true,"href":"https:\/\/www.europesays.com\/fr\/wp-json\/wp\/v2\/media\/546647"}],"wp:attachment":[{"href":"https:\/\/www.europesays.com\/fr\/wp-json\/wp\/v2\/media?parent=546646"}],"wp:term":[{"taxonomy":"category","embeddable":true,"href":"https:\/\/www.europesays.com\/fr\/wp-json\/wp\/v2\/categories?post=546646"},{"taxonomy":"post_tag","embeddable":true,"href":"https:\/\/www.europesays.com\/fr\/wp-json\/wp\/v2\/tags?post=546646"}],"curies":[{"name":"wp","href":"https:\/\/api.w.org\/{rel}","templated":true}]}}