{"id":546650,"date":"2025-11-20T10:44:19","date_gmt":"2025-11-20T10:44:19","guid":{"rendered":"https:\/\/www.europesays.com\/fr\/546650\/"},"modified":"2025-11-20T10:44:19","modified_gmt":"2025-11-20T10:44:19","slug":"la-belgique-est-elle-en-train-de-devenir-le-premier-narco-etat-deurope","status":"publish","type":"post","link":"https:\/\/www.europesays.com\/fr\/546650\/","title":{"rendered":"La Belgique est-elle en train de devenir le premier \u00ab\u2009narco-\u00c9tat\u2009\u00bb d\u2019Europe\u2009?"},"content":{"rendered":"<p style=\"text-align: left\">La Belgique n\u2019a pas toujours \u00e9t\u00e9 la plaque tournante de la drogue en Europe. Mais aujourd\u2019hui, ses ports \u2014 Anvers, Zeebrugge et leurs immenses terminaux \u00e0 conteneurs \u2014 voient transiter des millions de tonnes de marchandises, dissimulant des tonnes de coca\u00efne, d\u2019h\u00e9ro\u00efne et de <a href=\"https:\/\/euractiv.fr\/news\/les-drogues-de-synthese-une-menace-emergente-en-europe-alerte-lagence-europeenne-des-drogues\/\" target=\"_blank\" rel=\"noopener nofollow\">drogues de synth\u00e8se<\/a>. Son acc\u00e8s en eau profonde, son trafic de conteneurs ininterrompu et les libert\u00e9s offertes par l\u2019espace Schengen de libre circulation font du pays un paradis pour les trafiquants et un cauchemar pour les forces de l\u2019ordre.<\/p>\n<p style=\"text-align: left\">Les chiffres sont \u00e9loquents\u00a0: \u00e0 Anvers, les saisies sont pass\u00e9es de <a href=\"https:\/\/www.euda.europa.eu\/news\/2023\/port-antwerp-welcomes-officials-following-continued-rise-cocaine-seizures_fr\" target=\"_blank\" rel=\"noopener nofollow\">91\u00a0tonnes en 2021<\/a> \u00e0 pr\u00e8s de 110 en 2022, d\u00e9passant <a href=\"https:\/\/euractiv.fr\/news\/la-belgique-et-les-pays-bas-deviennent-les-principales-plaques-tournantes-de-limportation-de-cocaine-en-europe-occidentale\/\" target=\"_blank\" rel=\"noopener nofollow\">Rotterdam<\/a> et pla\u00e7ant la Belgique au centre du commerce europ\u00e9en de la drogue.<\/p>\n<p style=\"text-align: left\">\u00c0 quarante-cinq kilom\u00e8tres \u00e0 l\u2019int\u00e9rieur des terres, Bruxelles subit de plein fouet l\u2019impact de ce trafic\u00a0: fusillades, r\u00e8glements de comptes et affrontements entre gangs se produisent d\u00e9sormais de plus en plus fr\u00e9quemment dans des quartiers de la capitale comme Anderlecht ou Molenbeek.<\/p>\n<p style=\"text-align: left\">Une juge d\u2019instruction anversoise \u2014 contrainte de vivre quatre mois dans un lieu s\u00e9curis\u00e9 \u2014 <a href=\"https:\/\/www.rtbf.be\/article\/la-belgique-devient-un-narco-etat-une-juge-d-instruction-anversoise-denonce-la-situation-dans-une-lettre-ouverte-11622802\" target=\"_blank\" rel=\"noopener nofollow\">a r\u00e9cemment averti<\/a> que la Belgique risquait de devenir un \u00ab\u2009narco-\u00c9tat\u2009\u00bb. Selon elle, les r\u00e9seaux criminels ne se contentent plus de corrompre les docks\u00a0: ils tentent d\u2019infiltrer la police et m\u00eame l\u2019appareil judiciaire, cr\u00e9ant les contours d\u2019un pouvoir parall\u00e8le.<\/p>\n<p>La Belgique et les Pays-Bas deviennent les principales plaques tournantes de l\u2019importation de coca\u00efne en Europe occidentale<\/p>\n<p class=\"c-news-link__text\">\n\t\t\t\t\tSelon un rapport de l\u2019Office des Nations unies contre la drogue et le crime (ONUDC)\u2026\t\t\t\t<\/p>\n<p class=\"c-news-link__read-time\">\n\t\t\t\t\t5 minutes\t\t\t\t<\/p>\n<p>\t\t\t\t\t<img loading=\"lazy\" decoding=\"async\" width=\"800\" height=\"508\" src=\"https:\/\/www.europesays.com\/fr\/wp-content\/uploads\/2025\/11\/10626736-800x508.jpg\" class=\"c-news-link__img\" alt=\"La Belgique et les Pays-Bas deviennent les principales plaques tournantes de l\u2019importation de coca\u00efne en Europe occidentale\"\/>\t\t\t<\/p>\n<p>Les routes de la contrebande\u00a0: un syst\u00e8me bien huil\u00e9<\/p>\n<p style=\"text-align: left\">Le trafic de drogue commence loin de l\u2019Europe. Pour la coca\u00efne (la drogue <a href=\"https:\/\/www.euda.europa.eu\/publications\/joint-publications-including-eu-drug-markets\/seaports-monitoring-eu-floodgates-illicit-drugs_fr\" rel=\"nofollow noopener\" target=\"_blank\">la plus trafiqu\u00e9e<\/a> dans les ports de l\u2019UE), les cargaisons en vrac quittent la Colombie, le P\u00e9rou ou l\u2019\u00c9quateur, <a href=\"https:\/\/www.europol.europa.eu\/cms\/sites\/default\/files\/documents\/Europol_Joint-report_Criminal%20networks%20in%20EU%20ports_Public_version.pdf\" target=\"_blank\" rel=\"noopener nofollow\">dissimul\u00e9es<\/a> dans des caisses de fruits, des pi\u00e8ces de machines ou des tuyaux en acier. Certaines traversent directement l\u2019Atlantique, tandis que d\u2019autres zigzaguent entre des <a href=\"https:\/\/www.euda.europa.eu\/publications\/eu-drug-markets\/cocaine\/europe-and-global-cocaine-trade_fr\" rel=\"nofollow noopener\" target=\"_blank\">points de transbordement<\/a> en Afrique de l\u2019Ouest, via le S\u00e9n\u00e9gal, la C\u00f4te d\u2019Ivoire ou le Cap-Vert, ou via des ports des Cara\u00efbes afin de brouiller les pistes.<\/p>\n<p style=\"text-align: left\">Lorsque les conteneurs arrivent en Europe, les documents d\u2019exp\u00e9dition des cargaisons semblent irr\u00e9prochables. Certains passent par les \u00eeles Canaries ou les A\u00e7ores, ce qui rend les documents difficiles \u00e0 tracer. Ils accostent ensuite \u00e0 Anvers, Zeebrugge ou Rotterdam (Pays-Bas), o\u00f9 <a href=\"https:\/\/www.europol.europa.eu\/cms\/sites\/default\/files\/documents\/Europol_Joint-report_Criminal%20networks%20in%20EU%20ports_Public_version.pdf\" target=\"_blank\" rel=\"noopener nofollow\">des \u00e9quipes d\u2019\u00ab\u2009extracteurs\u2009\u00bb<\/a>, souvent compos\u00e9es d\u2019adolescents, ouvrent les conteneurs, prennent la drogue, les referment et disparaissent avant l\u2019arriv\u00e9e des inspecteurs.<\/p>\n<p style=\"text-align: left\">Face aux contr\u00f4les renforc\u00e9s, les trafiquants ont adapt\u00e9 leurs m\u00e9thodes\u00a0: selon les donn\u00e9es souani\u00e8res belges, les cargaisons sont plus petites et plus fr\u00e9quentes pour \u00e9chapper aux scanners. Ainsi, les 82\u00a0cargaisons de coca\u00efne intercept\u00e9es <a href=\"https:\/\/brusselsmorning.com\/cocaine-seizures-drop-as-antwerp-intercepts-82-shipments\/75636\/\" target=\"_blank\" rel=\"noopener nofollow\">au d\u00e9but de l\u2019ann\u00e9e\u00a02025<\/a> \u00e0 Anvers pesaient en moyenne 204\u00a0kg chacune, contre 359\u00a0kg en 2024.Ainsi, les 82\u00a0cargaisons de coca\u00efne intercept\u00e9es au d\u00e9but de l\u2019ann\u00e9e\u00a02025 \u00e0 Anvers pesaient en moyenne 204\u00a0kg chacune, contre 359\u00a0kg en 2024.<\/p>\n<p style=\"text-align: left\">Europol note \u00e9galement que les gangs utilisent des navires de ravitaillement et des \u00e9changes de conteneurs pendant le transit pour dissimuler les points d\u2019origine et exploiter les contr\u00f4les faibles.<\/p>\n<p style=\"text-align: left\">Les m\u00eames sch\u00e9mas s\u2019appliquent \u00e0 d\u2019autres drogues. L\u2019<a href=\"https:\/\/www.unodc.org\/documents\/data-and-analysis\/IFF\/2025\/Balkan_Route.pdf\" target=\"_blank\" rel=\"noopener nofollow\">h\u00e9ro\u00efne<\/a> transite par exemple par la route des Balkans depuis l\u2019Afghanistan via la Turquie et les Balkans, tandis que la <a href=\"https:\/\/www.euda.europa.eu\/publications\/eu-drug-markets\/cannabis\/trafficking-and-supply_fr\" rel=\"nofollow noopener\" target=\"_blank\">r\u00e9sine de cannabis<\/a> continue d\u2019affluer du Maroc vers l\u2019Espagne, et que les drogues de synth\u00e8se et les pr\u00e9curseurs tels que la m\u00e9thamph\u00e9tamine arrivent d\u2019Asie par fret a\u00e9rien ou m\u00eame par la poste.<\/p>\n<p>Tous les chemins m\u00e8nent \u00e0 la Belgique<\/p>\n<p style=\"text-align: left\">La g\u00e9ographie a fait de la Belgique une porte d\u2019entr\u00e9e, mais la mondialisation en a fait une mine d\u2019or. La position strat\u00e9gique d\u2019Anvers, reli\u00e9e par route et par rail \u00e0 tous les grands march\u00e9s d\u2019Europe occidentale, signifie qu\u2019une grande partie de la coca\u00efne qui y arrive est achemin\u00e9e par camion vers d\u2019autres destinations, o\u00f9 elle est coup\u00e9e, reconditionn\u00e9e et revendue \u00e0 un prix plusieurs fois sup\u00e9rieur.<\/p>\n<p style=\"text-align: left\">L\u2019ampleur du ph\u00e9nom\u00e8ne est stup\u00e9fiante. Le march\u00e9 europ\u00e9en de la coca\u00efne est estim\u00e9 \u00e0 <a href=\"https:\/\/www.europol.europa.eu\/cms\/sites\/default\/files\/documents\/EU%20Drug%20Markets%20Analysis%202024.pdf\" target=\"_blank\" rel=\"noopener nofollow\">11,6\u00a0milliards d\u2019euros<\/a>, tandis que celui du cannabis ajoute 12,1\u00a0milliards d\u2019euros suppl\u00e9mentaires. Avec de telles sommes transitant par des cha\u00eenes d\u2019approvisionnement l\u00e9gitimes, les ports belges sont devenus id\u00e9aux non seulement pour la contrebande, mais aussi pour le blanchiment d\u2019argent.<\/p>\n<p style=\"text-align: left\">En 2024, la r\u00e9gion d\u2019Anvers a enregistr\u00e9 \u00e0 elle seule <a href=\"https:\/\/www.police.be\/annualreport-federalpolice\/sites\/jaarverslag\/files\/media\/file\/2025-03\/AR2024_FederalPolice_FR.pdf\" target=\"_blank\" rel=\"noopener nofollow\">128\u00a0arrestations<\/a> li\u00e9es \u00e0 la drogue, dont 16 concernaient des mineurs.<\/p>\n<p style=\"text-align: left\">Mais ce qui commence sur les quais y reste rarement. Bruxelles est d\u00e9sormais en premi\u00e8re ligne des retomb\u00e9es de la drogue. Lors d\u2019une conf\u00e9rence de presse en juillet 2025, les procureurs <a href=\"https:\/\/www.belganewsagency.eu\/brussels-records-57-shootings-so-far-in-2025-including-20-this-summer\" target=\"_blank\" rel=\"noopener nofollow\">ont fait \u00e9tat<\/a> de 57\u00a0fusillades, dont 20 au cours de l\u2019\u00e9t\u00e9, souvent li\u00e9es \u00e0 des guerres de territoire entre gangs rivaux, selon le procureur du Roi de Bruxelles, <a href=\"https:\/\/www.lesoir.be\/711575\/article\/2025-11-18\/menaces-de-mort-contre-julien-moinil-18-perquisitions-et-huit-arrestations?utm_source=Engage&amp;utm_medium=email&amp;utm_campaign=LS_Newsletters&amp;utm_content=Midi&amp;utm_term=LIEN_154_ART_54900&amp;M_BT=4850383710795\" target=\"_blank\" rel=\"noopener nofollow\">Julien Moinil<\/a>.<\/p>\n<p style=\"text-align: left\">En f\u00e9vrier, une fusillade devant la station de m\u00e9tro Cl\u00e9menceau, \u00e0 Anderlecht, a fait un mort. En septembre, <a href=\"https:\/\/www.belganewsagency.eu\/large-scale-police-operation-in-brussels-over-700-people-checked\" target=\"_blank\" rel=\"noopener nofollow\">une vaste op\u00e9ration polici\u00e8re<\/a> a permis de contr\u00f4ler 708\u00a0personnes et 621\u00a0v\u00e9hicules dans toute la ville. Pourtant, la violence ne cesse jamais. Bruxelles enregistre d\u00e9sormais un taux d\u2019homicides de <a href=\"https:\/\/www.brusselstimes.com\/1703325\/brussels-second-only-to-one-other-region-in-the-eu-for-homicides\" target=\"_blank\" rel=\"noopener nofollow\">3,19 pour 100\u2009000\u00a0habitants<\/a>, l\u2019un des plus \u00e9lev\u00e9s des grandes agglom\u00e9rations de l\u2019UE. Les quartiers de Molenbeek et d\u2019Anderlecht sont les plus touch\u00e9s.<\/p>\n<p>Drogue\u00a0: la ville d\u2019Anvers touch\u00e9e par une violente explosion<\/p>\n<p class=\"c-news-link__text\">\n\t\t\t\t\tLa ville d\u2019Anvers a \u00e9t\u00e9 secou\u00e9e par une importante explosion ce week-end, endommageant vingt maisons\u2026\t\t\t\t<\/p>\n<p class=\"c-news-link__read-time\">\n\t\t\t\t\t4 minutes\t\t\t\t<\/p>\n<p>\t\t\t\t\t<img loading=\"lazy\" decoding=\"async\" width=\"800\" height=\"534\" src=\"https:\/\/www.europesays.com\/fr\/wp-content\/uploads\/2025\/11\/shutterstock_1309957627-800x534.jpg\" class=\"c-news-link__img\" alt=\"Drogue\u00a0: la ville d\u2019Anvers touch\u00e9e par une violente explosion\"\/>\t\t\t<\/p>\n<p>Un combat qui ne fait que commencer<\/p>\n<p style=\"text-align: left\">Dans toute l\u2019UE, les <a href=\"https:\/\/www.euda.europa.eu\/publications\/european-drug-report\/2025\/drug-supply-production-and-precursors_fr\" target=\"_blank\" rel=\"noopener nofollow\">saisies de drogue<\/a> ont globalement augment\u00e9 au cours de la derni\u00e8re d\u00e9cennie, les quantit\u00e9s d\u2019amph\u00e9tamines, de m\u00e9thamph\u00e9tamines et d\u2019ecstasy fluctuant d\u2019une ann\u00e9e \u00e0 l\u2019autre.<\/p>\n<p style=\"text-align: left\">Chaque saisie rappelle ce qui passe encore entre les mailles du filet. Les douanes belges estiment qu\u2019elles n\u2019interceptent que <a href=\"https:\/\/www.bloomberg.com\/news\/articles\/2024-05-14\/belgium-and-netherlands-step-up-port-security-in-cocaine-trade-crackdown\" target=\"_blank\" rel=\"noopener nofollow\">10 \u00e0 40\u00a0% de la coca\u00efne<\/a> qui arrive dans ses ports. Le reste inonde l\u2019Europe.<\/p>\n<p style=\"text-align: left\">Un kilo achet\u00e9 pour quelques milliers d\u2019euros en Am\u00e9rique latine peut atteindre pr\u00e8s de 30\u2009000\u00a0euros sur les march\u00e9s de l\u2019UE, souligne l\u2019<a href=\"https:\/\/www.euda.europa.eu\/media-library\/edr24\/dashboard-cocaine-market-europe-price-purity-seizures_fr\" rel=\"nofollow noopener\" target=\"_blank\">Agence de l\u2019UE sur les drogues (EUDA)<\/a>.<\/p>\n<p style=\"text-align: left\">Cet argent est ensuite blanchi par des soci\u00e9t\u00e9s commerciales, immobili\u00e8res et logistiques qui servent de fa\u00e7ade <a href=\"https:\/\/www.europol.europa.eu\/media-press\/newsroom\/news\/underground-drug-money-bank-laundering-eur-180-million-liquidated-law-enforcement?mtm_campaign=newsletter\" target=\"_blank\" rel=\"noopener nofollow\">op\u00e9rant en Belgique<\/a>. M\u00eame avec <a href=\"https:\/\/www.brusselstimes.com\/1655750\/port-of-antwerp-less-cocaine-seized-this-year-but-the-beast-is-not-gone\" target=\"_blank\" rel=\"noopener nofollow\">16,7\u00a0tonnes de coca\u00efne<\/a> saisies \u00e0 Anvers au cours du premier semestre\u00a02025, les trafiquants devancent les forces de l\u2019ordre\u00a0: ils cachent leurs cargaisons derri\u00e8re des r\u00e9seaux crypt\u00e9s, des dockers corrompus et des soci\u00e9t\u00e9s \u00e9crans.<\/p>\n<p style=\"text-align: left\">L\u2019UE cherche \u00e0 rattraper son retard. La nouvelle <a href=\"https:\/\/ec.europa.eu\/commission\/presscorner\/detail\/fr\/qanda_23_4983\" target=\"_blank\" rel=\"noopener nofollow\">feuille de route de l\u2019UE contre le trafic de drogue<\/a> cible les pr\u00e9curseurs chimiques, \u00e9largissant les contr\u00f4les pour couvrir les d\u00e9riv\u00e9s en rapide \u00e9volution. L\u2019<a href=\"https:\/\/www.euda.europa.eu\/publications\/european-drug-report\/2025\/drug-supply-production-and-precursors_fr\" target=\"_blank\" rel=\"noopener nofollow\">EUDA<\/a> soutient d\u00e9sormais la Commission dans le domaine de la surveillance et de l\u2019\u00e9valuation des menaces. Plus t\u00f4t cette ann\u00e9e, elle a achev\u00e9 les toutes premi\u00e8res \u00e9valuations des risques li\u00e9s aux pr\u00e9curseurs.<\/p>\n<p style=\"text-align: left\">En Belgique, des <a href=\"https:\/\/euractiv.fr\/news\/le-gouvernement-belge-presente-sa-strategie-de-lutte-contre-la-criminalite-liee-a-la-drogue\/\" target=\"_blank\" rel=\"noopener nofollow\">pistes<\/a> sont sur la table\u00a0: fusionner les <a href=\"https:\/\/www.belganewsagency.eu\/brussels-police-zones-to-merge-after-one-year-transition-period\" target=\"_blank\" rel=\"noopener nofollow\">six zones de police bruxelloises<\/a> ou encore intensifier les <a href=\"https:\/\/www.belganewsagency.eu\/acting-mayor-molenbeek-asks-federal-government-to-intervene-against-drug-related-violence\" target=\"_blank\" rel=\"noopener nofollow\">op\u00e9rations surprises<\/a>.<\/p>\n<p style=\"text-align: left\">Mais comme le rappelle le procureur bruxellois Julien Moinil\u00a0: \u00ab\u2009Dix ou vingt ans de laxisme ne peuvent \u00eatre corrig\u00e9s du jour au lendemain \u00bb.<\/p>\n<p style=\"text-align: left\">Pour l\u2019heure, la Belgique reste la porte d\u2019entr\u00e9e de la drogue en Europe, et si les saisies font les gros titres, le trafic, lui, ne s\u2019arr\u00eate jamais v\u00e9ritablement.<\/p>\n<p style=\"text-align: left\">Note : Vous ne voyez pas les visuels\u2009? Essayez un autre moteur de recherche (Google, Bing, Ecosia\u2026).<\/p>\n<p>Les drogues de synth\u00e8se, une \u00ab\u2009menace \u00e9mergente\u2009\u00bb en Europe, alerte l\u2019agence europ\u00e9enne des drogues<\/p>\n<p class=\"c-news-link__text\">\n\t\t\t\t\tLes produits de synth\u00e8se d\u00e9riv\u00e9s du cannabis, opio\u00efdes et cathinones \u2014 aux effets similaires aux\u2026\t\t\t\t<\/p>\n<p class=\"c-news-link__read-time\">\n\t\t\t\t\t4 minutes\t\t\t\t<\/p>\n<p>\t\t\t\t\t<img loading=\"lazy\" decoding=\"async\" width=\"800\" height=\"534\" src=\"https:\/\/www.europesays.com\/fr\/wp-content\/uploads\/2025\/11\/shutterstock_713268346-800x534.jpg\" class=\"c-news-link__img\" alt=\"Les drogues de synth\u00e8se, une \u00ab\u2009menace \u00e9mergente\u2009\u00bb en Europe, alerte l\u2019agence europ\u00e9enne des drogues\"\/>\t\t\t<\/p>\n","protected":false},"excerpt":{"rendered":"La Belgique n\u2019a pas toujours \u00e9t\u00e9 la plaque tournante de la drogue en Europe. Mais aujourd\u2019hui, ses ports&hellip;\n","protected":false},"author":2,"featured_media":546651,"comment_status":"","ping_status":"","sticky":false,"template":"","format":"standard","meta":{"footnotes":""},"categories":[1586],"tags":[11,1777,674,1011,27,12,25],"class_list":{"0":"post-546650","1":"post","2":"type-post","3":"status-publish","4":"format-standard","5":"has-post-thumbnail","7":"category-europe","8":"tag-actualites","9":"tag-eu","10":"tag-europe","11":"tag-fr","12":"tag-france","13":"tag-news","14":"tag-republique-francaise"},"share_on_mastodon":{"url":"https:\/\/pubeurope.com\/@fr\/115581620475916105","error":""},"_links":{"self":[{"href":"https:\/\/www.europesays.com\/fr\/wp-json\/wp\/v2\/posts\/546650","targetHints":{"allow":["GET"]}}],"collection":[{"href":"https:\/\/www.europesays.com\/fr\/wp-json\/wp\/v2\/posts"}],"about":[{"href":"https:\/\/www.europesays.com\/fr\/wp-json\/wp\/v2\/types\/post"}],"author":[{"embeddable":true,"href":"https:\/\/www.europesays.com\/fr\/wp-json\/wp\/v2\/users\/2"}],"replies":[{"embeddable":true,"href":"https:\/\/www.europesays.com\/fr\/wp-json\/wp\/v2\/comments?post=546650"}],"version-history":[{"count":0,"href":"https:\/\/www.europesays.com\/fr\/wp-json\/wp\/v2\/posts\/546650\/revisions"}],"wp:featuredmedia":[{"embeddable":true,"href":"https:\/\/www.europesays.com\/fr\/wp-json\/wp\/v2\/media\/546651"}],"wp:attachment":[{"href":"https:\/\/www.europesays.com\/fr\/wp-json\/wp\/v2\/media?parent=546650"}],"wp:term":[{"taxonomy":"category","embeddable":true,"href":"https:\/\/www.europesays.com\/fr\/wp-json\/wp\/v2\/categories?post=546650"},{"taxonomy":"post_tag","embeddable":true,"href":"https:\/\/www.europesays.com\/fr\/wp-json\/wp\/v2\/tags?post=546650"}],"curies":[{"name":"wp","href":"https:\/\/api.w.org\/{rel}","templated":true}]}}