{"id":546652,"date":"2025-11-20T10:45:15","date_gmt":"2025-11-20T10:45:15","guid":{"rendered":"https:\/\/www.europesays.com\/fr\/546652\/"},"modified":"2025-11-20T10:45:15","modified_gmt":"2025-11-20T10:45:15","slug":"la-loi-antideforestation-reportee-dun-an-par-les-pays-europeens","status":"publish","type":"post","link":"https:\/\/www.europesays.com\/fr\/546652\/","title":{"rendered":"la loi antid\u00e9forestation report\u00e9e d\u2019un an par les pays europ\u00e9ens"},"content":{"rendered":"<p class=\"fs-5 \">\u00ab\u00a0Je ne peux pas cacher ma profonde d\u00e9ception et ma frustration. C\u2019est une mauvaise d\u00e9cision et j\u2019en suis attrist\u00e9e\u00a0\u00bb, a r\u00e9agi cette socialiste espagnole sur le r\u00e9seau social Bluesky.<\/p>\n<p class=\"fs-5 \">Les pays europ\u00e9ens ont soutenu mercredi le report de l\u2019entr\u00e9e en vigueur de cette loi \u00e0 la fin de l\u2019ann\u00e9e 2026.<\/p>\n<p class=\"fs-5 \">A la demande de l\u2019Allemagne et de l\u2019Autriche, tr\u00e8s critiques contre ce texte, les Europ\u00e9ens ont aussi valid\u00e9 une clause de revoyure en avril 2026, pour <strong>se pencher \u00e0 nouveau sur cette loi avant m\u00eame qu\u2019elle n\u2019entre en application<\/strong>.<\/p>\n<p class=\"fs-5 \">Ce <strong>texte embl\u00e9matique, jug\u00e9 pionnier par les organisations environnementales<\/strong>, vise \u00e0 interdire la commercialisation en Europe de produits comme l\u2019huile de palme, le cacao, le caf\u00e9, le soja et le bois issus de terres d\u00e9bois\u00e9es apr\u00e8s 2020.<\/p>\n<p class=\"fs-5 \">Il ne cesse d\u2019\u00eatre critiqu\u00e9 par les milieux de l\u2019agrobusiness et des pays comme le Br\u00e9sil et les Etats-Unis. L\u2019Union europ\u00e9enne (UE) l\u2019avait d\u00e9j\u00e0 report\u00e9 une premi\u00e8re fois de 2024 \u00e0 2025, avant le nouveau d\u00e9lai soutenu mercredi.<\/p>\n<p class=\"fs-5 \"><strong>Le Parlement europ\u00e9en doit d\u00e9sormais s\u2019en saisir<\/strong>.<\/p>\n<p>                                                                                Col\u00e8re des organisations environnementales<\/p>\n<p class=\"fs-5 \">Les nombreux atermoiements europ\u00e9ens suscitent <strong>la col\u00e8re des organisations environnementales <\/strong>qui se demandent si l\u2019UE a v\u00e9ritablement l\u2019intention de mettre en place cette loi.<\/p>\n<p class=\"fs-5 \">Ancienne ministre du gouvernement de Pedro Sanchez, la socialiste espagnole Teresa Ribera fait r\u00e9guli\u00e8rement entendre une voix dissonante au sein d\u2019une Commission europ\u00e9enne qui penche \u00e0 droite.<\/p>\n<p class=\"fs-5 \">Elle a r\u00e9cemment critiqu\u00e9 un vote du Parlement europ\u00e9en, o\u00f9 droite et extr\u00eame droite se sont alli\u00e9es <strong>pour d\u00e9tricoter une loi sur le devoir de vigilance sociale et environnementale<\/strong> des grandes entreprises.<\/p>\n<p>            <img src=\"https:\/\/www.europesays.com\/fr\/wp-content\/uploads\/2025\/11\/6fce449_ftp-import-images-1-xwhrq5wh4v7f-afp-83yt8fz.jpg\"   loading=\"lazy\" decoding=\"async\" alt=\"Les groupes bancaires sont accus\u00e9s de se fournir aupr\u00e8s de fermiers qui ont d\u00e9forest\u00e9 au Br\u00e9sil.\" class=\"img-fluid position-absolute w-100 object-fit-cover rounded-2\" width=\"600\" height=\"400\"\/><\/p>\n<p class=\"fs-5 \">\u00ab\u00a0Mauvaise nouvelle\u00a0\u00bb, une \u00ab\u00a0nouvelle alliance de droite \u00e9dulcore les param\u00e8tres de durabilit\u00e9 et de transparence\u00a0\u00bb des entreprises, avait r\u00e9agi celle qui est l\u2019une des vice-pr\u00e9sidentes de la Commission.<\/p>\n<p class=\"fs-5 \">Apr\u00e8s avoir adopt\u00e9 durant plusieurs ann\u00e9es des mesures tr\u00e8s ambitieuses, l\u2019Union europ\u00e9enne a mis <strong>un coup de frein \u00e0 certaines de ses dispositions sur le climat<\/strong>, au nom du soutien aux entreprises face \u00e0 la concurrence mondiale.<\/p>\n","protected":false},"excerpt":{"rendered":"\u00ab\u00a0Je ne peux pas cacher ma profonde d\u00e9ception et ma frustration. C\u2019est une mauvaise d\u00e9cision et j\u2019en suis&hellip;\n","protected":false},"author":2,"featured_media":546653,"comment_status":"","ping_status":"","sticky":false,"template":"","format":"standard","meta":{"footnotes":""},"categories":[1586],"tags":[11,1777,674,1779,1011,27,12,25,1778,364],"class_list":{"0":"post-546652","1":"post","2":"type-post","3":"status-publish","4":"format-standard","5":"has-post-thumbnail","7":"category-europe","8":"tag-actualites","9":"tag-eu","10":"tag-europe","11":"tag-european-union","12":"tag-fr","13":"tag-france","14":"tag-news","15":"tag-republique-francaise","16":"tag-ue","17":"tag-union-europeenne"},"share_on_mastodon":{"url":"","error":""},"_links":{"self":[{"href":"https:\/\/www.europesays.com\/fr\/wp-json\/wp\/v2\/posts\/546652","targetHints":{"allow":["GET"]}}],"collection":[{"href":"https:\/\/www.europesays.com\/fr\/wp-json\/wp\/v2\/posts"}],"about":[{"href":"https:\/\/www.europesays.com\/fr\/wp-json\/wp\/v2\/types\/post"}],"author":[{"embeddable":true,"href":"https:\/\/www.europesays.com\/fr\/wp-json\/wp\/v2\/users\/2"}],"replies":[{"embeddable":true,"href":"https:\/\/www.europesays.com\/fr\/wp-json\/wp\/v2\/comments?post=546652"}],"version-history":[{"count":0,"href":"https:\/\/www.europesays.com\/fr\/wp-json\/wp\/v2\/posts\/546652\/revisions"}],"wp:featuredmedia":[{"embeddable":true,"href":"https:\/\/www.europesays.com\/fr\/wp-json\/wp\/v2\/media\/546653"}],"wp:attachment":[{"href":"https:\/\/www.europesays.com\/fr\/wp-json\/wp\/v2\/media?parent=546652"}],"wp:term":[{"taxonomy":"category","embeddable":true,"href":"https:\/\/www.europesays.com\/fr\/wp-json\/wp\/v2\/categories?post=546652"},{"taxonomy":"post_tag","embeddable":true,"href":"https:\/\/www.europesays.com\/fr\/wp-json\/wp\/v2\/tags?post=546652"}],"curies":[{"name":"wp","href":"https:\/\/api.w.org\/{rel}","templated":true}]}}