{"id":546658,"date":"2025-11-20T10:48:26","date_gmt":"2025-11-20T10:48:26","guid":{"rendered":"https:\/\/www.europesays.com\/fr\/546658\/"},"modified":"2025-11-20T10:48:26","modified_gmt":"2025-11-20T10:48:26","slug":"rapport-annuel-de-letat-de-la-pauvrete-en-france-2025-diocese-de-nimes","status":"publish","type":"post","link":"https:\/\/www.europesays.com\/fr\/546658\/","title":{"rendered":"Rapport annuel de l\u2019\u00e9tat de la pauvret\u00e9 en France 2025 \u2013 Dioc\u00e8se de N\u00eemes"},"content":{"rendered":"<p>                            <img decoding=\"async\" uk-img=\"\" property=\"url\" alt=\"\" src=\"https:\/\/www.europesays.com\/fr\/wp-content\/uploads\/2025\/11\/logo_mouvements_solidarite_secours-catholique-70676137.jpeg\"  data- data-width=\"800\" data-height=\"800\"\/>                    <\/p>\n<p>En 2024, en France, gr\u00e2ce au 3500 \u00e9quipes locales (France m\u00e9tropolitaine et outre mer) et un r\u00e9seau de pr\u00e8s de 58 000 b\u00e9n\u00e9voles et de 910 salari\u00e9s, l\u2019an dernier, le Secours catholique a accompagn\u00e9 1 120 000 personnes dans les 2 500 lieux d\u2019accueil.<\/p>\n<p><b>RAPPORT PAUVRET\u00c9 2025 :<\/b><\/p>\n<p>Cette ann\u00e9e, notre rapport statistique fait une <b>r\u00e9trospective statistique \u00e0 partir de l\u2019analyse de la situation de plus de 2,7 millions de m\u00e9nages accueillis entre 1994 et 2024 :<\/b> grandes tendances d\u00e9mographiques, rapport \u00e0 l\u2019activit\u00e9 et \u00e9volutions des indicateurs de pauvret\u00e9.<\/p>\n<p>Il y a trente ans, le Secours Catholique faisait le choix de documenter, chiffres \u00e0 l\u2019appui, ce que ses b\u00e9n\u00e9voles observaient au quotidien : la pauvret\u00e9, dans toutes ses r\u00e9alit\u00e9s. Ann\u00e9e apr\u00e8s ann\u00e9e, ce rapport est devenu bien plus qu\u2019un outil statistique. C\u2019est une vigie, un barom\u00e8tre du visage changeant de la pauvret\u00e9, mais aussi un cri adress\u00e9 \u00e0 la soci\u00e9t\u00e9 et aux pouvoirs publics.<\/p>\n<p><a href=\"https:\/\/www.nimes-catholique.fr\/wp-content\/uploads\/2025\/11\/rapport-statistiques-2025.pdf\" target=\"_blank\" rel=\"noopener nofollow\"><img fetchpriority=\"high\" decoding=\"async\" class=\"alignnone size-medium\" src=\"https:\/\/www.europesays.com\/fr\/wp-content\/uploads\/2025\/11\/RS25-Vignette-1176x784COK.webp\" width=\"810\" height=\"540\"\/><\/a><\/p>\n","protected":false},"excerpt":{"rendered":"En 2024, en France, gr\u00e2ce au 3500 \u00e9quipes locales (France m\u00e9tropolitaine et outre mer) et un r\u00e9seau de&hellip;\n","protected":false},"author":2,"featured_media":546659,"comment_status":"","ping_status":"","sticky":false,"template":"","format":"standard","meta":{"footnotes":""},"categories":[4],"tags":[11,1011,27,12,25],"class_list":{"0":"post-546658","1":"post","2":"type-post","3":"status-publish","4":"format-standard","5":"has-post-thumbnail","7":"category-france","8":"tag-actualites","9":"tag-fr","10":"tag-france","11":"tag-news","12":"tag-republique-francaise"},"share_on_mastodon":{"url":"https:\/\/pubeurope.com\/@fr\/115581637228161001","error":""},"_links":{"self":[{"href":"https:\/\/www.europesays.com\/fr\/wp-json\/wp\/v2\/posts\/546658","targetHints":{"allow":["GET"]}}],"collection":[{"href":"https:\/\/www.europesays.com\/fr\/wp-json\/wp\/v2\/posts"}],"about":[{"href":"https:\/\/www.europesays.com\/fr\/wp-json\/wp\/v2\/types\/post"}],"author":[{"embeddable":true,"href":"https:\/\/www.europesays.com\/fr\/wp-json\/wp\/v2\/users\/2"}],"replies":[{"embeddable":true,"href":"https:\/\/www.europesays.com\/fr\/wp-json\/wp\/v2\/comments?post=546658"}],"version-history":[{"count":0,"href":"https:\/\/www.europesays.com\/fr\/wp-json\/wp\/v2\/posts\/546658\/revisions"}],"wp:featuredmedia":[{"embeddable":true,"href":"https:\/\/www.europesays.com\/fr\/wp-json\/wp\/v2\/media\/546659"}],"wp:attachment":[{"href":"https:\/\/www.europesays.com\/fr\/wp-json\/wp\/v2\/media?parent=546658"}],"wp:term":[{"taxonomy":"category","embeddable":true,"href":"https:\/\/www.europesays.com\/fr\/wp-json\/wp\/v2\/categories?post=546658"},{"taxonomy":"post_tag","embeddable":true,"href":"https:\/\/www.europesays.com\/fr\/wp-json\/wp\/v2\/tags?post=546658"}],"curies":[{"name":"wp","href":"https:\/\/api.w.org\/{rel}","templated":true}]}}