{"id":546662,"date":"2025-11-20T10:51:27","date_gmt":"2025-11-20T10:51:27","guid":{"rendered":"https:\/\/www.europesays.com\/fr\/546662\/"},"modified":"2025-11-20T10:51:27","modified_gmt":"2025-11-20T10:51:27","slug":"top-14-le-constat-cest-quon-na-pas-tous-evolue-a-notre-meilleur-niveau-avoue-dylan-cretin","status":"publish","type":"post","link":"https:\/\/www.europesays.com\/fr\/546662\/","title":{"rendered":"Top 14 &#8211; \u00ab\u00a0Le constat, c\u2019est qu\u2019on n\u2019a pas tous \u00e9volu\u00e9 \u00e0 notre meilleur niveau\u00a0\u00bb, avoue Dylan Cretin"},"content":{"rendered":"<p>\n                De retour aux affaires tout comme son capitaine Baptiste Couilloud, le troisi\u00e8me ligne lyonnais Dylan Cretin esp\u00e8re que son \u00e9quipe saura trouver les ressources pour \u00e9viter que l&rsquo;histoire se r\u00e9p\u00e8te samedi face \u00e0 l&rsquo;ASM, qui avait plong\u00e9e le Lou dans la crise \u00e0 la m\u00eame \u00e9poque la saison derni\u00e8re&#8230;\n            <\/p>\n<p><strong>Apr\u00e8s trois d\u00e9faites cons\u00e9cutives dont votre premi\u00e8re d\u00e9faite \u00e0 Gerland, vous recevez Clermont pour ce qui semble un des grands tournants de votre saison\u2026<\/strong><\/p>\n<p>L\u2019enjeu de ce match est simple : repartir de l&rsquo;avant, r\u00e9enclencher une bonne dynamique et continuer la saison dans de meilleures conditions. C&rsquo;est s\u00fbr qu&rsquo;on a h\u00e2te de mettre un terme \u00e0 cette s\u00e9rie de trois matchs sans victoires samedi, et de la meilleure mani\u00e8re si possible. Quand on a un moment de faiblesse, comme l\u00e0 en encha\u00eenant trois d\u00e9faites, on doit essayer de le limiter et faire en sorte qu&rsquo;il dure le moins possible. On sait qu&rsquo;apr\u00e8s les moments de faiblesse, il y a des bons moments qui arrivent. On esp\u00e8re qu&rsquo;ils arriveront le plus vite possible. D\u00e8s samedi, ce serait parfait.<\/p>\n<p><strong>On a beaucoup parl\u00e9 dans votre entourage de ce calendrier qui colle \u00e9trangement \u00e0 celui de l&rsquo;an dernier, au point de raviver de mauvais souvenirs comme cette r\u00e9ception de l\u2019ASM pour la J10. Comment arrive-t-on \u00e0 s&rsquo;affranchir de tout \u00e7a ? <\/strong><\/p>\n<p>On n&rsquo;en a pas tant parl\u00e9 que \u00e7a entre nous. C&rsquo;est vrai qu&rsquo;il y a des similitudes, il ne faut pas se le cacher. Mais la chance qu&rsquo;on a, je pense, c&rsquo;est qu&rsquo;on l&rsquo;a d\u00e9j\u00e0 v\u00e9cu \u00e7a l&rsquo;an dernier. On doit donc s&rsquo;en servir pour justement appuyer sur ce qui nous a peut-\u00eatre fait d\u00e9faut l&rsquo;an dernier, afin de ne pas retomber dans le m\u00eame pi\u00e8ge. Mais on ne veut pas perdre trop d&rsquo;\u00e9nergie \u00e0 parler de tout \u00e7a. Au contraire, on essaie d\u2019avancer sereinement, sans avoir ces d\u00e9mons qui reviennent.<\/p>\n<p><strong>Clermont vous avez pris l\u2019an dernier sur ses mauls, son gros point fort, alors que vous semblez fragiles depuis plusieurs semaines dans la d\u00e9fense des ballons port\u00e9s\u2026 Comment vous y \u00eates-vous pr\u00e9par\u00e9 ?<\/strong><\/p>\n<p>Je ne vais pas tout vous d\u00e9voiler de notre strat\u00e9gie.. Mais c&rsquo;est clair que contre cette \u00e9quipe-l\u00e0, on sait qu&rsquo;il y a d\u00e9j\u00e0 un gros combat qui nous attend devant, car c&rsquo;est l\u00e0-dessus qu&rsquo;ils construisent leurs matchs et qu&rsquo;ils arrivent \u00e0 marquer beaucoup de points. Il faudra donc s&#8217;employer sur toutes les phases de conqu\u00eate pour les ralentir dans cet aspect du jeu.<\/p>\n<p><strong>Justement, les statistiques montrent que vous \u00eates en d\u00e9ficit sur les phases de conqu\u00eate depuis le d\u00e9but de la saison. Comment s&rsquo;am\u00e9liorer ? <\/strong><\/p>\n<p>C&rsquo;est un travail sur toute l&rsquo;ann\u00e9e, on essaie de construire les choses&#8230; Sur certains matchs, \u00e7a n&rsquo;a pas forc\u00e9ment march\u00e9. Sur d&rsquo;autres, un peu plus. On essaie de capitaliser sur ce qui a fonctionn\u00e9, de travailler la pr\u00e9cision, les timings et de construire tout \u00e7a semaine apr\u00e8s semaine. Le but, c&rsquo;est de pouvoir valider des aspects pour ne pas avoir \u00e0 les red\u00e9velopper et seulement les am\u00e9liorer.<\/p>\n<p><strong>Globalement, quel bilan avez-vous tir\u00e9 de votre premier tiers de championnat ? On a l&rsquo;impression que beaucoup de joueurs ne sont pas \u00e0 leur meilleur niveau&#8230; <\/strong><\/p>\n<p>L&rsquo;explication, je ne l&rsquo;ai pas forc\u00e9ment, mais c&rsquo;est un constat. Au sein de l\u2019\u00e9quipe, on est assez conscient qu&rsquo;on n&rsquo;a pas tous fonctionn\u00e9 \u00e0 notre meilleur niveau. C&rsquo;est aussi le sport. Les neuf premiers matchs sont pass\u00e9s, mais il en reste beaucoup d&rsquo;autres. Il ne faut pas se mentir, savoir reconna\u00eetre quand on n&rsquo;est pas forc\u00e9ment \u00e0 son meilleur niveau, et travailler pour y revenir. En travaillant, en se responsabilisant, \u00e7a doit revenir. C&rsquo;est aussi les mots-cl\u00e9s depuis ces deux derni\u00e8res semaines : responsabiliser le groupe, ne pas forc\u00e9ment laisser toute la pression au staff, et au contraire travailler avec eux pour que les choses viennent aussi des joueurs. On est persuad\u00e9 que si tout le groupe n\u2019\u00e9tait pas \u00e0 son meilleur niveau jusqu&rsquo;\u00e0 maintenant, il le sera bient\u00f4t, et le plus vite sera le mieux. <\/p>\n<p><strong>Vous parliez de responsabilisation. Or, vous accueillez samedi une des meilleures attaques du championnat, alors que votre entra\u00eeneur de la d\u00e9fense est absent&#8230; <\/strong><\/p>\n<p>Le message de George, c&rsquo;est des principes simples qu&rsquo;on conna\u00eet bien maintenant. Il n&rsquo;est pas l\u00e0 pendant trois semaines, certes, mais on a des leaders d\u00e9fensifs dans l&rsquo;\u00e9quipe, des coaches dans le staff qui prennent ce r\u00f4le. Tout le monde se responsabilise, que ce soit dans l&rsquo;analyse ou sur le terrain.<\/p>\n","protected":false},"excerpt":{"rendered":"De retour aux affaires tout comme son capitaine Baptiste Couilloud, le troisi\u00e8me ligne lyonnais Dylan Cretin esp\u00e8re que&hellip;\n","protected":false},"author":2,"featured_media":546663,"comment_status":"","ping_status":"","sticky":false,"template":"","format":"standard","meta":{"footnotes":""},"categories":[1416],"tags":[1011,27,479,1468,60],"class_list":{"0":"post-546662","1":"post","2":"type-post","3":"status-publish","4":"format-standard","5":"has-post-thumbnail","7":"category-rugby","8":"tag-fr","9":"tag-france","10":"tag-rugby","11":"tag-rugby-football","12":"tag-sports"},"share_on_mastodon":{"url":"https:\/\/pubeurope.com\/@fr\/115581647887509668","error":""},"_links":{"self":[{"href":"https:\/\/www.europesays.com\/fr\/wp-json\/wp\/v2\/posts\/546662","targetHints":{"allow":["GET"]}}],"collection":[{"href":"https:\/\/www.europesays.com\/fr\/wp-json\/wp\/v2\/posts"}],"about":[{"href":"https:\/\/www.europesays.com\/fr\/wp-json\/wp\/v2\/types\/post"}],"author":[{"embeddable":true,"href":"https:\/\/www.europesays.com\/fr\/wp-json\/wp\/v2\/users\/2"}],"replies":[{"embeddable":true,"href":"https:\/\/www.europesays.com\/fr\/wp-json\/wp\/v2\/comments?post=546662"}],"version-history":[{"count":0,"href":"https:\/\/www.europesays.com\/fr\/wp-json\/wp\/v2\/posts\/546662\/revisions"}],"wp:featuredmedia":[{"embeddable":true,"href":"https:\/\/www.europesays.com\/fr\/wp-json\/wp\/v2\/media\/546663"}],"wp:attachment":[{"href":"https:\/\/www.europesays.com\/fr\/wp-json\/wp\/v2\/media?parent=546662"}],"wp:term":[{"taxonomy":"category","embeddable":true,"href":"https:\/\/www.europesays.com\/fr\/wp-json\/wp\/v2\/categories?post=546662"},{"taxonomy":"post_tag","embeddable":true,"href":"https:\/\/www.europesays.com\/fr\/wp-json\/wp\/v2\/tags?post=546662"}],"curies":[{"name":"wp","href":"https:\/\/api.w.org\/{rel}","templated":true}]}}