{"id":546664,"date":"2025-11-20T10:52:13","date_gmt":"2025-11-20T10:52:13","guid":{"rendered":"https:\/\/www.europesays.com\/fr\/546664\/"},"modified":"2025-11-20T10:52:13","modified_gmt":"2025-11-20T10:52:13","slug":"un-ecart-abyssal-avec-le-reste-du-circuit-lopez-analyse-la-domination-dalcaraz-et-de-sinner-tennistemple","status":"publish","type":"post","link":"https:\/\/www.europesays.com\/fr\/546664\/","title":{"rendered":"\u00ab Un \u00e9cart abyssal avec le reste du circuit \u00bb, Lopez analyse la domination d&rsquo;Alcaraz et de Sinner \u2022 TennisTemple"},"content":{"rendered":"\n<p>\ud83c\uddeb\ud83c\uddf7 \u00ab\u00a0Par le pass\u00e9, j&rsquo;ai d\u00e9j\u00e0 tent\u00e9 et r\u00e9ussi ce coup, les gens disaient que c&rsquo;est incroyable.<\/p>\n<p>Et quand je le rate, \u00e9videmment qu&rsquo;ils vont dire que je suis un clown. C&rsquo;est un peu dur aussi, mais c&rsquo;est comme \u00e7a que je me sens aussi. Quand je rate ce coup et qu&rsquo;\u00e0 la fin, je perds le match, je me dis que je suis un clown, que j&rsquo;aurais d\u00fb faire peut-\u00eatre quelque chose d&rsquo;autre.<\/p>\n<p>Surtout quand il y a des&#8230;<\/p>\n<p> <a href=\"https:\/\/fr.tennistemple.com\/LaChaineTT\/post\/10133315\/par-le-passe-jai-deja-tente-et-reussi-ce-coup-les-gen\/\" class=\"expand\" rel=\"nofollow noopener\" target=\"_blank\">Lire en entier<\/a> <\/p>\n","protected":false},"excerpt":{"rendered":"\ud83c\uddeb\ud83c\uddf7 \u00ab\u00a0Par le pass\u00e9, j&rsquo;ai d\u00e9j\u00e0 tent\u00e9 et r\u00e9ussi ce coup, les gens disaient que c&rsquo;est incroyable. Et&hellip;\n","protected":false},"author":2,"featured_media":546665,"comment_status":"","ping_status":"","sticky":false,"template":"","format":"standard","meta":{"footnotes":""},"categories":[1415],"tags":[1011,27,60,1467],"class_list":{"0":"post-546664","1":"post","2":"type-post","3":"status-publish","4":"format-standard","5":"has-post-thumbnail","7":"category-tennis","8":"tag-fr","9":"tag-france","10":"tag-sports","11":"tag-tennis"},"share_on_mastodon":{"url":"https:\/\/pubeurope.com\/@fr\/115581651737912944","error":""},"_links":{"self":[{"href":"https:\/\/www.europesays.com\/fr\/wp-json\/wp\/v2\/posts\/546664","targetHints":{"allow":["GET"]}}],"collection":[{"href":"https:\/\/www.europesays.com\/fr\/wp-json\/wp\/v2\/posts"}],"about":[{"href":"https:\/\/www.europesays.com\/fr\/wp-json\/wp\/v2\/types\/post"}],"author":[{"embeddable":true,"href":"https:\/\/www.europesays.com\/fr\/wp-json\/wp\/v2\/users\/2"}],"replies":[{"embeddable":true,"href":"https:\/\/www.europesays.com\/fr\/wp-json\/wp\/v2\/comments?post=546664"}],"version-history":[{"count":0,"href":"https:\/\/www.europesays.com\/fr\/wp-json\/wp\/v2\/posts\/546664\/revisions"}],"wp:featuredmedia":[{"embeddable":true,"href":"https:\/\/www.europesays.com\/fr\/wp-json\/wp\/v2\/media\/546665"}],"wp:attachment":[{"href":"https:\/\/www.europesays.com\/fr\/wp-json\/wp\/v2\/media?parent=546664"}],"wp:term":[{"taxonomy":"category","embeddable":true,"href":"https:\/\/www.europesays.com\/fr\/wp-json\/wp\/v2\/categories?post=546664"},{"taxonomy":"post_tag","embeddable":true,"href":"https:\/\/www.europesays.com\/fr\/wp-json\/wp\/v2\/tags?post=546664"}],"curies":[{"name":"wp","href":"https:\/\/api.w.org\/{rel}","templated":true}]}}