{"id":54667,"date":"2025-04-26T15:14:09","date_gmt":"2025-04-26T15:14:09","guid":{"rendered":"https:\/\/www.europesays.com\/fr\/54667\/"},"modified":"2025-04-26T15:14:09","modified_gmt":"2025-04-26T15:14:09","slug":"le-pape-francois-a-accompli-sa-mission","status":"publish","type":"post","link":"https:\/\/www.europesays.com\/fr\/54667\/","title":{"rendered":"\u00ab\u00a0Le pape Fran\u00e7ois a accompli sa mission\u00a0\u00bb"},"content":{"rendered":"<blockquote class=\"question\"><p>Que retenez-vous des fun\u00e9railles du <a href=\"https:\/\/www.leprogres.fr\/p\/pape-francois\" target=\"_blank\" rel=\"nofollow noopener\">pape Fran\u00e7ois<\/a>, ce samedi \u00e0 Rome\u00a0?<\/p><\/blockquote>\n<p>\u00ab\u00a0J\u2019avais d\u2019abord ce sentiment que le monde \u00e9tait r\u00e9uni. Ne serait-ce que parce que les \u00e9v\u00eaques et les cardinaux venaient du monde entier. On \u00e9tait du c\u00f4t\u00e9 gauche sur l\u2019esplanade en haut et, en face de nous, il y avait les chefs d\u2019\u00c9tat et les d\u00e9l\u00e9gations. Et puis on a vu ce peuple de Dieu \u00e9norme et toutes les rues adjacentes \u00e9taient pleines.\u00a0\u00bb<\/p>\n<p>\u00ab\u00a0J\u2019ai eu le sentiment d\u2019une communion paisible. Le pape, c\u2019est \u00e0 la fois le chef de l\u2019\u00c9glise donc \u00e9videmment, comme fid\u00e8le catholique, on y est attach\u00e9, mais c\u2019est aussi, je pense, une autorit\u00e9 morale qui est reconnue comme telle au service de l\u2019Homme. Son souci a toujours \u00e9t\u00e9 de r\u00e9unir les personnes diff\u00e9rentes et il a d\u00fb \u00eatre heureux jusqu\u2019au bout.\u00a0\u00bb<\/p>\n<p>  \u00ab\u00a0J\u2019\u00e9tais l\u00e0 au nom des St\u00e9phanois et les chr\u00e9tiens du dioc\u00e8se \u00bb<\/p>\n<blockquote class=\"question\"><p>Cette c\u00e9r\u00e9monie \u00e9tait, pour vous, un m\u00e9lange de joie et de recueillement\u00a0?<\/p><\/blockquote>\n<p>\u00ab\u00a0Tout \u00e0 fait. Il y avait une joie de reconnaissance pour tout ce qu\u2019il a \u00e9t\u00e9, tout ce qu\u2019il a donn\u00e9. En m\u00eame temps, il a \u00e9t\u00e9 au bout, il a accompli sa mission. Et puis, un autre \u00e9l\u00e9ment a \u00e9t\u00e9 tr\u00e8s marquant dans cette c\u00e9l\u00e9bration, c\u2019est la sobri\u00e9t\u00e9 de la liturgie. Comme n\u2019importe quel chr\u00e9tien, il quitte ce monde et on le confie au seigneur.\u00a0\u00bb<\/p>\n<blockquote class=\"question\"><p>Sur la place Saint-Pierre, vous avez retrouv\u00e9 Mgr Lebrun, archev\u00eaque de Rouen, \u00e0 qui vous avez succ\u00e9d\u00e9 en 2016\u2026<\/p><\/blockquote>\n<p>\u00ab\u00a0J\u2019\u00e9tais avec le pr\u00e9sident de la Conf\u00e9rence des \u00e9v\u00eaques, les deux vice-pr\u00e9sidents et mon pr\u00e9d\u00e9cesseur Mgr Lebrun. On se retrouve r\u00e9guli\u00e8rement, c\u2019est toujours une joie et les St\u00e9phanois restent chers \u00e0 son c\u0153ur. Je n\u2019\u00e9tais pas l\u00e0 en mon nom propre aussi, <a href=\"https:\/\/www.leprogres.fr\/societe\/2025\/04\/26\/retransmission-des-funerailles-du-pape-francois-une-douzaine-de-personnes-au-patronage-saint-joseph\" target=\"_blank\" rel=\"nofollow noopener\">j\u2019\u00e9tais l\u00e0 au nom des St\u00e9phanois et des chr\u00e9tiens du dioc\u00e8se<\/a> qui ont \u00e9t\u00e9 tr\u00e8s sensibles au fait d\u2019\u00eatre repr\u00e9sent\u00e9s.\u00a0\u00bb<\/p>\n<blockquote class=\"question\"><p>C\u2019est le pape Fran\u00e7ois qui vous avait nomm\u00e9 \u00e9v\u00eaque de Saint-\u00c9tienne. Quels souvenirs gardez-vous de cette d\u00e9signation\u00a0?<\/p><\/blockquote>\n<p>\u00ab\u00a0Une fois qu\u2019on a \u00e9t\u00e9 nomm\u00e9 \u00e9v\u00eaque, on va \u00e0 Rome et c\u2019est l\u2019occasion de rencontrer le pape. Je me souviens <a href=\"https:\/\/www.leprogres.fr\/societe\/2025\/04\/21\/c-etait-le-pape-de-la-simplicite-qui-marche-dans-les-pas-de-saint-francois-d-assise\" target=\"_blank\" rel=\"nofollow noopener\">d\u2019un homme d\u2019une grande simplicit\u00e9<\/a> de contact et extr\u00eamement accessible. J\u2019ai eu un certain nombre d\u2019occasions de le saluer et de lui parler ensuite.\u00a0\u00bb<\/p>\n<blockquote class=\"question\"><p>Notamment le 12\u00a0f\u00e9vrier dernier lors de sa derni\u00e8re audience publique avant son hospitalisation\u2026<\/p><\/blockquote>\n<p>\u00ab\u00a0Oui, on avait fait un p\u00e8lerinage avec des pr\u00eatres, des diacres et des chr\u00e9tiens engag\u00e9s dans le dioc\u00e8se. On \u00e9tait quatre-vingt-dix et c\u2019\u00e9tait deux jours avant son hospitalisation. \u00c0 la fin, on a eu ce moment avec lui qui a \u00e9t\u00e9 assez exceptionnel\u00a0: on sentait une paix, un homme qui \u00e9coutait. J\u2019avais pu lui parler un peu \u00e0 cette occasion.\u00a0\u00bb<\/p>\n<blockquote class=\"question\"><p>Cette audience \u00e9tait m\u00eame au c\u0153ur de <a href=\"https:\/\/www.leprogres.fr\/societe\/2025\/04\/25\/veillee-d-hommage-au-pape-on-disait-francois-pas-sa-saintete\" target=\"_blank\" rel=\"nofollow noopener\">la veill\u00e9e de pri\u00e8re et d\u2019hommage, jeudi soir, \u00e0 la Cath\u00e9drale Saint-Charles de Saint-\u00c9tienne<\/a>\u2026<\/p><\/blockquote>\n<p>\u00ab\u00a0Je revenais de Lourdes o\u00f9 j\u2019\u00e9tais avec le dioc\u00e8se et ce qui m\u2019a touch\u00e9 ce sont les t\u00e9moignages de fid\u00e8les. Que ce soit par rapport aux questions sur la famille, sur les migrants, sur l\u2019annonce de l\u2019\u00c9vangile, il y a eu chez le pape Fran\u00e7ois une richesse de l\u2019engagement et de la parole qui est tr\u00e8s marquante.\u00a0\u00bb<\/p>\n<p>  \u00ab Le pape Fran\u00e7ois a continu\u00e9 \u00e0 faire \u00e9voluer l\u2019\u00c9glise et c\u2019est une belle chose\u00bb<\/p>\n<blockquote class=\"question\"><p>Peut-on parler d\u2019un pape progressiste\u00a0?<\/p><\/blockquote>\n<p>\u00ab\u00a0Je ne sais pas. Parce qu\u2019il avait aussi des c\u00f4t\u00e9s tr\u00e8s classiques. \u00c0 mon avis, il \u00e9tait au-del\u00e0 de ces cat\u00e9gories-l\u00e0. On est fid\u00e8le au Christ et en m\u00eame temps avec une libert\u00e9 int\u00e9rieure. Et l\u2019\u00c9glise, si elle a plus de 2 000 ans, c\u2019est parce qu\u2019elle a toujours \u00e9volu\u00e9. Il a continu\u00e9 \u00e0 la faire \u00e9voluer et c\u2019est une belle chose.\u00a0\u00bb<\/p>\n<blockquote class=\"question\"><p>Pensez-vous que la personnalit\u00e9 du pape Fran\u00e7ois a jou\u00e9 un r\u00f4le dans la hausse constat\u00e9e du nombre de bapt\u00eames d\u2019adultes\u00a0?<\/p><\/blockquote>\n<p>\u00ab\u00a0Je ne suis pas s\u00fbr, m\u00eame si elle a pu marquer. Je pense que c\u2019est plus li\u00e9 \u00e0 une qu\u00eate spirituelle de notre \u00e9poque. C\u2019est un ph\u00e9nom\u00e8ne beaucoup plus large.\u00a0\u00bb<\/p>\n<blockquote class=\"question\"><p>Quel papabile vous semble \u00eatre le favori pour le prochain conclave\u00a0?<\/p><\/blockquote>\n<p>\u00ab\u00a0Je n\u2019en sais rien. Les choses sont tr\u00e8s ouvertes. Il y a un coll\u00e8ge des cardinaux qui a \u00e9t\u00e9 renouvel\u00e9 tr\u00e8s profond\u00e9ment par le pape Fran\u00e7ois. D\u00e9j\u00e0, il faut le temps qu\u2019ils se connaissent entre eux. Mon candidat, c\u2019est le candidat du Saint-Esprit, mais je crois que personne ne le conna\u00eet encore aujourd\u2019hui (rires).\u00a0\u00bb<\/p>\n","protected":false},"excerpt":{"rendered":"Que retenez-vous des fun\u00e9railles du pape Fran\u00e7ois, ce samedi \u00e0 Rome\u00a0? \u00ab\u00a0J\u2019avais d\u2019abord ce sentiment que le monde&hellip;\n","protected":false},"author":2,"featured_media":54668,"comment_status":"","ping_status":"","sticky":false,"template":"","format":"standard","meta":{"footnotes":""},"categories":[9653],"tags":[1111,11,2430,7539,1777,674,107,1011,27,3367,12,5889,25,4001,7538,104],"class_list":{"0":"post-54667","1":"post","2":"type-post","3":"status-publish","4":"format-standard","5":"has-post-thumbnail","7":"category-saint-etienne","8":"tag-actu","9":"tag-actualites","10":"tag-auvergne-rhone-alpes","11":"tag-edition-loire-sud","12":"tag-eu","13":"tag-europe","14":"tag-fil-info","15":"tag-fr","16":"tag-france","17":"tag-loire","18":"tag-news","19":"tag-religion-croyance","20":"tag-republique-francaise","21":"tag-saint-etienne","22":"tag-saint-etienne-ville","23":"tag-societe"},"share_on_mastodon":{"url":"https:\/\/pubeurope.com\/@fr\/114404921407857430","error":""},"_links":{"self":[{"href":"https:\/\/www.europesays.com\/fr\/wp-json\/wp\/v2\/posts\/54667","targetHints":{"allow":["GET"]}}],"collection":[{"href":"https:\/\/www.europesays.com\/fr\/wp-json\/wp\/v2\/posts"}],"about":[{"href":"https:\/\/www.europesays.com\/fr\/wp-json\/wp\/v2\/types\/post"}],"author":[{"embeddable":true,"href":"https:\/\/www.europesays.com\/fr\/wp-json\/wp\/v2\/users\/2"}],"replies":[{"embeddable":true,"href":"https:\/\/www.europesays.com\/fr\/wp-json\/wp\/v2\/comments?post=54667"}],"version-history":[{"count":0,"href":"https:\/\/www.europesays.com\/fr\/wp-json\/wp\/v2\/posts\/54667\/revisions"}],"wp:featuredmedia":[{"embeddable":true,"href":"https:\/\/www.europesays.com\/fr\/wp-json\/wp\/v2\/media\/54668"}],"wp:attachment":[{"href":"https:\/\/www.europesays.com\/fr\/wp-json\/wp\/v2\/media?parent=54667"}],"wp:term":[{"taxonomy":"category","embeddable":true,"href":"https:\/\/www.europesays.com\/fr\/wp-json\/wp\/v2\/categories?post=54667"},{"taxonomy":"post_tag","embeddable":true,"href":"https:\/\/www.europesays.com\/fr\/wp-json\/wp\/v2\/tags?post=54667"}],"curies":[{"name":"wp","href":"https:\/\/api.w.org\/{rel}","templated":true}]}}