{"id":546670,"date":"2025-11-20T10:58:15","date_gmt":"2025-11-20T10:58:15","guid":{"rendered":"https:\/\/www.europesays.com\/fr\/546670\/"},"modified":"2025-11-20T10:58:15","modified_gmt":"2025-11-20T10:58:15","slug":"un-moment-de-partage-entre-copains","status":"publish","type":"post","link":"https:\/\/www.europesays.com\/fr\/546670\/","title":{"rendered":"\u00ab\u00a0Un moment de partage entre copains\u00a0\u00bb"},"content":{"rendered":"<p>\n    Le chef anime \u00abRendez-vous chez Cyril Lignac\u00bb, \u00e9mission dans laquelle il re\u00e7oit trois personnalit\u00e9s qui cuisinent pour lui et se confient.<\/p>\n<p class=\"fig-paragraph\">Toujours avide de nouveaux d\u00e9fis,\u00a0<a href=\"https:\/\/www.lefigaro.fr\/tag\/cyril-lignac\" target=\"_blank\" rel=\"sponsored noopener\" data-gtm-custom-categorie=\"navigation\" data-gtm-custom-action=\"crossclick\" data-gtm-custom-label=\"Contextuel\" data-gtm-event=\"customEventSPE\">Cyril Lignac<\/a>\u00a0se lance ce jeudi 20 novembre dans une nouvelle aventure t\u00e9l\u00e9visuelle sur\u00a0<a href=\"https:\/\/tvmag.lefigaro.fr\/programme-tv\/chaine\/118\/tous-les-programmes-de-m6\" target=\"_blank\" rel=\"sponsored noopener\" data-gtm-custom-categorie=\"navigation\" data-gtm-custom-action=\"crossclick\" data-gtm-custom-label=\"Contextuel\" data-gtm-event=\"customEventSPE\">M6<\/a>. Dans\u00a0<a href=\"https:\/\/tvmag.lefigaro.fr\/programme-tv\/programme\/rendez-vous-chez-cyril-lignac-d2019323081\" target=\"_blank\" rel=\"sponsored noopener\" data-gtm-custom-categorie=\"navigation\" data-gtm-custom-action=\"crossclick\" data-gtm-custom-label=\"Contextuel\" data-gtm-event=\"customEventSPE\">\u00abRendez-vous chez Cyril Lignac\u00bb<\/a>, imagin\u00e9 avec\u00a0<a href=\"https:\/\/www.lefigaro.fr\/tag\/frederic-lopez\" target=\"_blank\" rel=\"noopener\" data-gtm-custom-categorie=\"navigation\" data-gtm-custom-action=\"crossclick\" data-gtm-custom-label=\"Contextuel\" data-gtm-event=\"customEventSPE\">Fr\u00e9d\u00e9ric Lopez,<\/a>\u00a0le chef cathodique re\u00e7oit trois personnalit\u00e9s venues cuisiner pour lui au choix, l\u2019entr\u00e9e, le plat ou le dessert. Un moment de partage aux fourneaux, \u00e0 la fois informel et convivial, qui s\u2019av\u00e8re propice aux confidences. Autour du repas, les invit\u00e9s d\u00e9voilent des anecdotes sur leur vie et leur carri\u00e8re en partageant leurs secrets culinaires.\u00a0<a href=\"https:\/\/www.lefigaro.fr\/tag\/anne-sophie-lapix\" target=\"_blank\" rel=\"sponsored noopener\" data-gtm-custom-categorie=\"navigation\" data-gtm-custom-action=\"crossclick\" data-gtm-custom-label=\"Contextuel\" data-gtm-event=\"customEventSPE\">Anne-Sophie Lapix<\/a>,\u00a0<a href=\"https:\/\/www.lefigaro.fr\/tag\/ahmed-sylla\" target=\"_blank\" rel=\"sponsored noopener\" data-gtm-custom-categorie=\"navigation\" data-gtm-custom-action=\"crossclick\" data-gtm-custom-label=\"Contextuel\" data-gtm-event=\"customEventSPE\">Ahmed Sylla<\/a>\u00a0et\u00a0<a href=\"https:\/\/www.lefigaro.fr\/tag\/michou-youtubeur\" target=\"_blank\" rel=\"sponsored noopener\" data-gtm-custom-categorie=\"navigation\" data-gtm-custom-action=\"crossclick\" data-gtm-custom-label=\"Contextuel\" data-gtm-event=\"customEventSPE\">Michou\u00a0<\/a>se pr\u00eatent \u00e0 l\u2019exercice lors de la premi\u00e8re, diffus\u00e9e ce soir apr\u00e8s \u00abLe Meilleur p\u00e2tissier\u00bb. Les trois jeudis suivants, Cyril Lignac accueillera d\u2019autres artistes ou stars des m\u00e9dias comme\u00a0<a href=\"https:\/\/www.lefigaro.fr\/tag\/jimmy-mohamed\" target=\"_blank\" rel=\"noopener\" data-gtm-custom-categorie=\"navigation\" data-gtm-custom-action=\"crossclick\" data-gtm-custom-label=\"Contextuel\" data-gtm-event=\"customEventSPE\">Jimmy Mohamed<\/a>,\u00a0<a href=\"https:\/\/www.lefigaro.fr\/tag\/sophie-tapie\" target=\"_blank\" rel=\"noopener\" data-gtm-custom-categorie=\"navigation\" data-gtm-custom-action=\"crossclick\" data-gtm-custom-label=\"Contextuel\" data-gtm-event=\"customEventSPE\">Sophie Tapie<\/a>,\u00a0<a href=\"https:\/\/www.lefigaro.fr\/tag\/xavier-niel\" target=\"_blank\" rel=\"noopener\" data-gtm-custom-categorie=\"navigation\" data-gtm-custom-action=\"crossclick\" data-gtm-custom-label=\"Contextuel\" data-gtm-event=\"customEventSPE\">Xavier Niel<\/a>\u00a0ou\u00a0<a href=\"https:\/\/www.lefigaro.fr\/tag\/catherine-jacob\" target=\"_blank\" rel=\"noopener\" data-gtm-custom-categorie=\"navigation\" data-gtm-custom-action=\"crossclick\" data-gtm-custom-label=\"Contextuel\" data-gtm-event=\"customEventSPE\">Catherine Jacob<\/a>. L\u2019occasion de les d\u00e9couvrir sous une autre facette et le chef dans un nouveau r\u00f4le.<\/p>\n<p class=\"fig-paragraph\"><strong>LE FIGARO TV MAGAZINE. &#8211; Comment est n\u00e9e l\u2019id\u00e9e de l\u2019\u00e9mission\u00a0?<\/strong><br \/><strong>CYRIL LIGNAC. &#8211;<\/strong> J\u2019ai particip\u00e9 \u00e0\u00a0<a href=\"https:\/\/tvmag.lefigaro.fr\/programme-tv\/programme\/un-dimanche-a-la-campagne-d1275050237\" target=\"_blank\" rel=\"sponsored noopener\" data-gtm-custom-categorie=\"navigation\" data-gtm-custom-action=\"crossclick\" data-gtm-custom-label=\"Contextuel\" data-gtm-event=\"customEventSPE\">\u00abUn dimanche \u00e0 la campagne\u00bb<\/a>\u00a0et, au moment o\u00f9 nous nous sommes mis en cuisine avec les autres invit\u00e9s,\u00a0<a href=\"https:\/\/www.lefigaro.fr\/tag\/daniel-auteuil\" target=\"_blank\" rel=\"sponsored noopener\" data-gtm-custom-categorie=\"navigation\" data-gtm-custom-action=\"crossclick\" data-gtm-custom-label=\"Contextuel\" data-gtm-event=\"customEventSPE\">Daniel Auteuil<\/a>\u00a0et\u00a0<a href=\"https:\/\/www.lefigaro.fr\/tag\/aure-atika\" target=\"_blank\" rel=\"sponsored noopener\" data-gtm-custom-categorie=\"navigation\" data-gtm-custom-action=\"crossclick\" data-gtm-custom-label=\"Contextuel\" data-gtm-event=\"customEventSPE\">Aure Atika<\/a>, il y a eu un moment suspendu avec de belles discussions. L\u2019un d\u2019entre eux m\u2019a dit\u00a0: \u00ab\u00a0Je n\u2019oserais pas te faire \u00e0 manger si tu venais chez moi.\u00a0\u00bb Apr\u00e8s, nous en avons discut\u00e9 avec Fr\u00e9d\u00e9ric Lopez et voil\u00e0 comment est n\u00e9e cette \u00e9mission, que nous produisons ensemble.<\/p>\n<p class=\"fig-body-link\">\n            \u00c0 lire aussi<br \/>\n        <a class=\"fig-body-link__link fig-premium-mark\" href=\"http:\/\/tvmag.lefigaro.fr\/programme-tv\/actu-tele\/cyril-lignac-tous-en-cuisine-est-un-defi-20250906\" data-fig-type=\"Article\" data-gtm-custom-categorie=\"navigation\" data-gtm-custom-action=\"crossclick\" data-gtm-custom-label=\"Contextuel\" data-gtm-event=\"customEventSPE\" data-fig-domain=\"TVMAG\" target=\"_blank\" rel=\"noopener\"><\/p>\n<p>        Cyril Lignac\u00a0(\u00abTous en cuisine\u00bb)\u00a0: \u00ab Ma vie, mon c\u0153ur, ma respiration&#8230;\u00a0\u00bb<br \/>\n    <\/a>\n<\/p>\n<p>                                    <a class=\"fig-a11y-skip a11y-hidden\" href=\"#fig-a11y-skip-main-inarticle\"><br \/>\n        Passer la publicit\u00e9<br \/>\n    <\/a><\/p>\n<p class=\"fig-paragraph\"><strong>Comment avez-vous travaill\u00e9 ensemble sur le concept\u00a0?<\/strong><br \/>Quand j\u2019ai fait \u00abUn dimanche \u00e0 la campagne\u00bb, j\u2019ai trouv\u00e9 l\u2019exp\u00e9rience g\u00e9niale. J\u2019ai ador\u00e9 la mani\u00e8re dont Fr\u00e9d\u00e9ric Lopez \u00e9coute, nous fait parler, il a cette \u00abrecette\u00bb. Fr\u00e9d\u00e9ric m\u2019a dit que j\u2019avais aussi ce truc de savoir \u00e9couter, de m\u2019\u00e9merveiller. C\u2019est vrai que je m\u2019int\u00e9resse aux gens, j\u2019aime discuter, \u00e9couter des histoires, comprendre. Je suis curieux. Un peu comme en cuisine, o\u00f9 on a des mentors, Fr\u00e9d\u00e9ric est le mien dans cet exercice.<\/p>\n<p class=\"fig-paragraph\"><strong>De quelle mani\u00e8re s\u2019articule ce programme\u00a0?<\/strong><br \/>J\u2019accueille trois personnalit\u00e9s qui me pr\u00e9parent le repas. La cuisine est un pr\u00e9texte pour passer un moment ensemble. Pendant qu\u2019ils concoctent leurs recettes, ils se d\u00e9voilent. On apprend beaucoup sur eux, leur personnalit\u00e9, leur enfance, leur r\u00e9ussite. Certains se sont battus, d\u2019autres ont eu des id\u00e9es de g\u00e9nie, du talent ou du culot. Je suis tr\u00e8s admiratif des parcours de vie de chacun.<\/p>\n<p class=\"fig-paragraph\"><strong>Comment vous \u00eates-vous pr\u00e9par\u00e9\u00a0?<\/strong><br \/>Le principe de ce programme est d\u2019inviter des copains \u00e0 la maison et de cuisiner ensemble, mais je pose aussi des questions. En amont, des journalistes planchent sur les biographies. Personnellement, je me renseigne beaucoup sur chacun, je regarde et je lis tout. Je r\u00e9alise un travail davantage journalistique.<\/p>\n<p class=\"fig-paragraph\"><strong>Connaissiez-vous certains invit\u00e9s que vous recevez\u00a0?<\/strong><br \/>J\u2019avais crois\u00e9 Xavier Niel, je n\u2019avais jamais rencontr\u00e9\u00a0<a href=\"http:\/\/tvmag.lefigaro.fr\/programme-tv\/actu-tele\/il-a-du-l-assommer-pour-qu-elle-me-lache-kelly-massol-etranglee-par-sa-mere-a-6-ans-se-livre-sur-son-enfance-20251026\" data-fig-type=\"Article\" data-gtm-custom-categorie=\"navigation\" data-gtm-custom-action=\"crossclick\" data-gtm-custom-label=\"Contextuel\" data-gtm-event=\"customEventSPE\" data-fig-domain=\"TVMAG\" target=\"_blank\" rel=\"noopener\">Kelly Massol<\/a>\u00a0ni\u00a0<a href=\"https:\/\/www.lefigaro.fr\/tag\/marie-s-infiltre\" target=\"_blank\" rel=\"sponsored noopener\" data-gtm-custom-categorie=\"navigation\" data-gtm-custom-action=\"crossclick\" data-gtm-custom-label=\"Contextuel\" data-gtm-event=\"customEventSPE\">Marie s\u2019infiltre<\/a>. En revanche, je connais tr\u00e8s bien Anne-Sophie Lapix et j\u2019ai particip\u00e9 \u00e0 la matinale de RTL aux c\u00f4t\u00e9s de Jimmy Mohamed pendant trois ans. Pour autant, j\u2019ai appris plein de choses sur lui et m\u00eame sur Anne-Sophie, qui joue du saxophone.<\/p>\n<p class=\"fig-paragraph\"><strong>Qu\u2019est-ce qui vous pla\u00eet dans cet exercice\u00a0?<\/strong><br \/>Cela fait quatorze ans que je participe au\u00a0<a href=\"https:\/\/tvmag.lefigaro.fr\/programme-tv\/programme\/le-meilleur-patissier-d1471557853\" target=\"_blank\" rel=\"sponsored noopener\" data-gtm-custom-categorie=\"navigation\" data-gtm-custom-action=\"crossclick\" data-gtm-custom-label=\"Contextuel\" data-gtm-event=\"customEventSPE\">\u00abMeilleur P\u00e2tissier\u00bb<\/a>\u00a0toujours avec plaisir, mais je suis aussi heureux de relever de nouveaux challenges, car cela me permet de d\u00e9couvrir des univers que je ne connais pas. Mais ce d\u00e9fi repr\u00e9sente aussi une grosse remise en question et du stress positif. Ma priorit\u00e9 reste que les invit\u00e9s passent du bon temps. C\u2019est un moment de partage que je trouve tr\u00e8s enrichissant.<\/p>\n","protected":false},"excerpt":{"rendered":"Le chef anime \u00abRendez-vous chez Cyril Lignac\u00bb, \u00e9mission dans laquelle il re\u00e7oit trois personnalit\u00e9s qui cuisinent pour lui&hellip;\n","protected":false},"author":2,"featured_media":546671,"comment_status":"","ping_status":"","sticky":false,"template":"","format":"standard","meta":{"footnotes":""},"categories":[1359],"tags":[21313,46556,58,59,1011,27,494,973],"class_list":{"0":"post-546670","1":"post","2":"type-post","3":"status-publish","4":"format-standard","5":"has-post-thumbnail","7":"category-people","8":"tag-anne-sophie-lapix","9":"tag-cyril-lignac","10":"tag-divertissement","11":"tag-entertainment","12":"tag-fr","13":"tag-france","14":"tag-m6","15":"tag-people"},"share_on_mastodon":{"url":"https:\/\/pubeurope.com\/@fr\/115581675639462198","error":""},"_links":{"self":[{"href":"https:\/\/www.europesays.com\/fr\/wp-json\/wp\/v2\/posts\/546670","targetHints":{"allow":["GET"]}}],"collection":[{"href":"https:\/\/www.europesays.com\/fr\/wp-json\/wp\/v2\/posts"}],"about":[{"href":"https:\/\/www.europesays.com\/fr\/wp-json\/wp\/v2\/types\/post"}],"author":[{"embeddable":true,"href":"https:\/\/www.europesays.com\/fr\/wp-json\/wp\/v2\/users\/2"}],"replies":[{"embeddable":true,"href":"https:\/\/www.europesays.com\/fr\/wp-json\/wp\/v2\/comments?post=546670"}],"version-history":[{"count":0,"href":"https:\/\/www.europesays.com\/fr\/wp-json\/wp\/v2\/posts\/546670\/revisions"}],"wp:featuredmedia":[{"embeddable":true,"href":"https:\/\/www.europesays.com\/fr\/wp-json\/wp\/v2\/media\/546671"}],"wp:attachment":[{"href":"https:\/\/www.europesays.com\/fr\/wp-json\/wp\/v2\/media?parent=546670"}],"wp:term":[{"taxonomy":"category","embeddable":true,"href":"https:\/\/www.europesays.com\/fr\/wp-json\/wp\/v2\/categories?post=546670"},{"taxonomy":"post_tag","embeddable":true,"href":"https:\/\/www.europesays.com\/fr\/wp-json\/wp\/v2\/tags?post=546670"}],"curies":[{"name":"wp","href":"https:\/\/api.w.org\/{rel}","templated":true}]}}