{"id":546672,"date":"2025-11-20T10:59:41","date_gmt":"2025-11-20T10:59:41","guid":{"rendered":"https:\/\/www.europesays.com\/fr\/546672\/"},"modified":"2025-11-20T10:59:41","modified_gmt":"2025-11-20T10:59:41","slug":"loeuvre-du-peintre-poitevin-andre-verdier-sera-mise-aux-encheres-a-lhotel-des-ventes-de-poitiers-samedi-22-novembre","status":"publish","type":"post","link":"https:\/\/www.europesays.com\/fr\/546672\/","title":{"rendered":"L\u2019\u0153uvre du peintre poitevin Andr\u00e9 Verdier sera mise aux ench\u00e8res \u00e0 l\u2019h\u00f4tel des ventes de Poitiers samedi 22 novembre"},"content":{"rendered":"<p>Quatre-vingt-neuf \u0153uvres du peintre poitevin Andr\u00e9 Verdier (1908-1987) seront mises aux ench\u00e8res, samedi 22\u00a0novembre 2025, \u00e0 partir de 13\u00a0h\u00a030, \u00e0 l\u2019h\u00f4tel des ventes de Poitiers. La place de la Cath\u00e9drale, le rocher de Coligny, le Clain, les bords de Vienne, la vue des Dunes ou encore Gizay, Chauvigny ou l\u2019\u00eele de R\u00e9 sont des th\u00e8mes abord\u00e9s dans un travail multiforme, marqu\u00e9 par le go\u00fbt pour la nature et la douceur de vivre. Professeur aux Beaux-Arts de Poitiers, p\u00e8re de trois enfants, Andr\u00e9 Verdier fut un \u00ab\u00a0peintre de la lumi\u00e8re\u00a0\u00bb selon <a target=\"_self\" href=\"https:\/\/www.lanouvellerepublique.fr\/poitiers\/vis-ma-ville-a-poitiers-montierneuf-c-est-le-petit-montmartre-1736777663\" rel=\"nofollow noopener\">B\u00e9n\u00e9dicte Boissinot<\/a>, commissaire-priseur de la vente.<\/p>\n<p>En t\u00e9moigne Michel, son fils m\u00e9decin \u00e0 la retraite : Andr\u00e9 brilla dans de nombreux styles\u00a0: huiles, bien s\u00fbr, mais aussi aquarelles, fusains, sanguines et dessins. De superbes dessins de femmes en coiffe traditionnelle ou le croquis d\u2019un monsieur en costume-cravate, tous propos\u00e9s \u00e0 la vente, le r\u00e9v\u00e8lent. Les huiles repr\u00e9sentent, quant \u00e0 elles, des sc\u00e8nes joyeuses et color\u00e9es. S\u2019y lit l\u2019attachement d&rsquo;Andr\u00e9 Verdier \u00e0 sa ville et, plus largement, son pays. Bonne nouvelle\u00a0: \u00ab\u00a0Les mises \u00e0 prix seront telles que tous les <a target=\"_self\" href=\"https:\/\/www.lanouvellerepublique.fr\/poitiers\/c-etait-un-match-tres-engage-et-rude-face-a-royan-le-stade-poitevin-a-fait-preuve-de-caractere-1763318034\" rel=\"nofollow noopener\">Poitevins<\/a> pourront trouver un clich\u00e9 qui leur pla\u00eet, c\u2019est un parti pris de l\u2019experte Philippine Mar\u00e9chaux\u00a0\u00bb, indique B\u00e9n\u00e9dicte Boissinot.<\/p>\n<p><img alt=\"Un dessin sign\u00e9 Andr\u00e9 Verdier.\" loading=\"lazy\" width=\"980\" height=\"573\" decoding=\"async\" data-nimg=\"1\" class=\"img-responsive spinner-show\" style=\"color:transparent;background-size:cover;background-position:50% 50%;background-repeat:no-repeat;background-image:url(&quot;data:image\/svg+xml;charset=utf-8,%3Csvg xmlns='http:\/\/www.w3.org\/2000\/svg' viewBox='0 0 980 573'%3E%3Cfilter id='b' color-interpolation-filters='sRGB'%3E%3CfeGaussianBlur stdDeviation='20'\/%3E%3CfeColorMatrix values='1 0 0 0 0 0 1 0 0 0 0 0 1 0 0 0 0 0 100 -1' result='s'\/%3E%3CfeFlood x='0' y='0' width='100%25' height='100%25'\/%3E%3CfeComposite operator='out' in='s'\/%3E%3CfeComposite in2='SourceGraphic'\/%3E%3CfeGaussianBlur stdDeviation='20'\/%3E%3C\/filter%3E%3Cimage width='100%25' height='100%25' x='0' y='0' preserveAspectRatio='none' style='filter: url(%23b);' href='https:\/\/images.lanouvellerepublique.fr\/image\/upload\/t_88w\/f_auto\/691de1a96a8fba4e588b464d.jpg'\/%3E%3C\/svg%3E&quot;)\"   src=\"https:\/\/www.europesays.com\/fr\/wp-content\/uploads\/2025\/11\/691de1a96a8fba4e588b464d.jpg\"\/><\/p>\n<p style=\"background-color:#F2F2F2;padding:5px;margin-top:0px;margin-bottom:10px\">Un dessin sign\u00e9 Andr\u00e9 Verdier.<br \/> \u00a9 (Photo NR-CP, Alice Bourgeois)<\/p>\n<p><img alt=\"Une vieille dame en coiffe traditionnelle.\" loading=\"lazy\" width=\"980\" height=\"573\" decoding=\"async\" data-nimg=\"1\" class=\"img-responsive spinner-show\" style=\"color:transparent;background-size:cover;background-position:50% 50%;background-repeat:no-repeat;background-image:url(&quot;data:image\/svg+xml;charset=utf-8,%3Csvg xmlns='http:\/\/www.w3.org\/2000\/svg' viewBox='0 0 980 573'%3E%3Cfilter id='b' color-interpolation-filters='sRGB'%3E%3CfeGaussianBlur stdDeviation='20'\/%3E%3CfeColorMatrix values='1 0 0 0 0 0 1 0 0 0 0 0 1 0 0 0 0 0 100 -1' result='s'\/%3E%3CfeFlood x='0' y='0' width='100%25' height='100%25'\/%3E%3CfeComposite operator='out' in='s'\/%3E%3CfeComposite in2='SourceGraphic'\/%3E%3CfeGaussianBlur stdDeviation='20'\/%3E%3C\/filter%3E%3Cimage width='100%25' height='100%25' x='0' y='0' preserveAspectRatio='none' style='filter: url(%23b);' href='https:\/\/images.lanouvellerepublique.fr\/image\/upload\/t_88w\/f_auto\/691de1a9f6cf6b16518b4659.jpg'\/%3E%3C\/svg%3E&quot;)\"   src=\"https:\/\/www.europesays.com\/fr\/wp-content\/uploads\/2025\/11\/691de1a9f6cf6b16518b4659.jpg\"\/><\/p>\n<p style=\"background-color:#F2F2F2;padding:5px;margin-top:0px;margin-bottom:10px\">Une vieille dame en coiffe traditionnelle.<br \/> \u00a9 (Photo NR-CP, Alice Bourgeois)<\/p>\n<p><img alt=\"Un des articles du lexique d\u2019histoire de l\u2019art con\u00e7u par Andr\u00e9 Verdier.\" loading=\"lazy\" width=\"980\" height=\"573\" decoding=\"async\" data-nimg=\"1\" class=\"img-responsive spinner-show\" style=\"color:transparent;background-size:cover;background-position:50% 50%;background-repeat:no-repeat;background-image:url(&quot;data:image\/svg+xml;charset=utf-8,%3Csvg xmlns='http:\/\/www.w3.org\/2000\/svg' viewBox='0 0 980 573'%3E%3Cfilter id='b' color-interpolation-filters='sRGB'%3E%3CfeGaussianBlur stdDeviation='20'\/%3E%3CfeColorMatrix values='1 0 0 0 0 0 1 0 0 0 0 0 1 0 0 0 0 0 100 -1' result='s'\/%3E%3CfeFlood x='0' y='0' width='100%25' height='100%25'\/%3E%3CfeComposite operator='out' in='s'\/%3E%3CfeComposite in2='SourceGraphic'\/%3E%3CfeGaussianBlur stdDeviation='20'\/%3E%3C\/filter%3E%3Cimage width='100%25' height='100%25' x='0' y='0' preserveAspectRatio='none' style='filter: url(%23b);' href='https:\/\/images.lanouvellerepublique.fr\/image\/upload\/t_88w\/f_auto\/691de1a96a8fbad5578b461d.jpg'\/%3E%3C\/svg%3E&quot;)\"   src=\"https:\/\/www.europesays.com\/fr\/wp-content\/uploads\/2025\/11\/691de1a96a8fbad5578b461d.jpg\"\/><\/p>\n<p style=\"background-color:#F2F2F2;padding:5px;margin-top:0px;margin-bottom:10px\">Un des articles du lexique d\u2019histoire de l\u2019art con\u00e7u par Andr\u00e9 Verdier.<br \/> \u00a9 (Photo NR-CP, Alice Bourgeois)<\/p>\n<p>La mise aux ench\u00e8res est une nouvelle occasion de (re)d\u00e9couvrir le peintre, apr\u00e8s une vente aux ench\u00e8res \u00e0 Paris, couronn\u00e9e de succ\u00e8s, et une exposition \u00e0 <a target=\"_self\" href=\"https:\/\/www.lanouvellerepublique.fr\/poitiers\/vienne-un-projet-ambitieux-et-original-de-gravure-sur-dalle-1763392898\" rel=\"nofollow noopener\">Poitiers<\/a>, en 2014, un peu plus discr\u00e8te. Rendez-vous en ce sens \u00e0 l\u2019h\u00f4tel des ventes vendredi, de 14\u00a0h \u00e0 18\u00a0h\u00a030 et le samedi de 9\u00a0h \u00e0 11\u00a0h\u00a030. Michel, qui peint de temps \u00e0 autre, sera pr\u00e9sent. Pour parler de l\u2019artiste qui assembla \u00e0 peu pr\u00e8s 800 \u0153uvres, il ne m\u00e9nage pas ses efforts\u00a0: \u00ab\u00a0Mon p\u00e8re est toujours rest\u00e9 fid\u00e8le \u00e0 sa ligne. Il a travers\u00e9 les \u00e9poques sans verser dans le symbolisme ou le cubisme. Ce fut aussi un calligraphe exceptionnel\u00a0\u00bb. Et de noter combien Andr\u00e9 aimait poser son chevalet en haut des Dunes et croquer la lumi\u00e8re de Poitiers. \u00ab\u00a0Nous allons aussi donner quelques-uns de ses manuscrits \u00e0 la biblioth\u00e8que Fran\u00e7ois-Mitterrand \u00e0 Paris.\u00a0\u00bb<\/p>\n<p>Andr\u00e9 Verdier cultiva aussi, sa vie durant, sa passion de <a target=\"_self\" href=\"https:\/\/www.lanouvellerepublique.fr\/vienne\/commune\/lencloitre\/vienne-lencloitre-redonne-vie-au-couvent-des-hommes-1762614649\" rel=\"nofollow noopener\">l\u2019architecture<\/a>. \u00ab\u00a0Nous allons d\u2019ailleurs proposer \u00e0 la vente plusieurs lexiques de l\u2019histoire de l\u2019art, imagin\u00e9s par lui, samedi apr\u00e8s-midi\u00a0\u00bb, informe B\u00e9n\u00e9dicte Boissinot. Soit de petites bibles \u00e0 acqu\u00e9rir pour 40\u00a0euros environ. Informations, dessins, l\u00e9gendes\u00a0: tout a \u00e9t\u00e9 soigneusement con\u00e7u par cet infatigable ouvrier de l\u2019art. Le patrimoine religieux de Poitiers comme bon nombre de tr\u00e9sors fran\u00e7ais y sont d\u00e9cortiqu\u00e9s, \u00e9tudi\u00e9s, mis en lumi\u00e8re, en des mots simples. Aux \u0153uvres d&rsquo;Andr\u00e9 Verdier s\u2019adjoindront d\u2019autres tableaux sign\u00e9s Raoul Carr\u00e9, Henri Plisson ou encore Jehan Berjonneau, \u00e0 retrouver ce samedi.<\/p>\n","protected":false},"excerpt":{"rendered":"Quatre-vingt-neuf \u0153uvres du peintre poitevin Andr\u00e9 Verdier (1908-1987) seront mises aux ench\u00e8res, samedi 22\u00a0novembre 2025, \u00e0 partir de&hellip;\n","protected":false},"author":2,"featured_media":546673,"comment_status":"","ping_status":"","sticky":false,"template":"","format":"standard","meta":{"footnotes":""},"categories":[1358],"tags":[1392,1348,1384,1385,9332,1386,58,59,1011,27,1393,2551,1653,20898,1584],"class_list":{"0":"post-546672","1":"post","2":"type-post","3":"status-publish","4":"format-standard","5":"has-post-thumbnail","7":"category-arts-et-design","8":"tag-a-la-une-local","9":"tag-arts","10":"tag-arts-and-design","11":"tag-arts-et-design","12":"tag-centrepresse","13":"tag-design","14":"tag-divertissement","15":"tag-entertainment","16":"tag-fr","17":"tag-france","18":"tag-loisirs","19":"tag-patrimoine","20":"tag-poitiers","21":"tag-ventes-aux-encheres","22":"tag-vienne"},"share_on_mastodon":{"url":"https:\/\/pubeurope.com\/@fr\/115581682312942876","error":""},"_links":{"self":[{"href":"https:\/\/www.europesays.com\/fr\/wp-json\/wp\/v2\/posts\/546672","targetHints":{"allow":["GET"]}}],"collection":[{"href":"https:\/\/www.europesays.com\/fr\/wp-json\/wp\/v2\/posts"}],"about":[{"href":"https:\/\/www.europesays.com\/fr\/wp-json\/wp\/v2\/types\/post"}],"author":[{"embeddable":true,"href":"https:\/\/www.europesays.com\/fr\/wp-json\/wp\/v2\/users\/2"}],"replies":[{"embeddable":true,"href":"https:\/\/www.europesays.com\/fr\/wp-json\/wp\/v2\/comments?post=546672"}],"version-history":[{"count":0,"href":"https:\/\/www.europesays.com\/fr\/wp-json\/wp\/v2\/posts\/546672\/revisions"}],"wp:featuredmedia":[{"embeddable":true,"href":"https:\/\/www.europesays.com\/fr\/wp-json\/wp\/v2\/media\/546673"}],"wp:attachment":[{"href":"https:\/\/www.europesays.com\/fr\/wp-json\/wp\/v2\/media?parent=546672"}],"wp:term":[{"taxonomy":"category","embeddable":true,"href":"https:\/\/www.europesays.com\/fr\/wp-json\/wp\/v2\/categories?post=546672"},{"taxonomy":"post_tag","embeddable":true,"href":"https:\/\/www.europesays.com\/fr\/wp-json\/wp\/v2\/tags?post=546672"}],"curies":[{"name":"wp","href":"https:\/\/api.w.org\/{rel}","templated":true}]}}