{"id":546678,"date":"2025-11-20T11:04:15","date_gmt":"2025-11-20T11:04:15","guid":{"rendered":"https:\/\/www.europesays.com\/fr\/546678\/"},"modified":"2025-11-20T11:04:15","modified_gmt":"2025-11-20T11:04:15","slug":"moissac-un-documentaire-bouscule-le-silence-sur-lextreme-droite","status":"publish","type":"post","link":"https:\/\/www.europesays.com\/fr\/546678\/","title":{"rendered":"Moissac. Un documentaire bouscule le silence sur l\u2019extr\u00eame droite"},"content":{"rendered":"<p>\n                                                                    l&rsquo;essentiel<br \/>\n                                                                Le film \u00ab\u00a0B\u00e9ziers : l\u2019envers du d\u00e9cor\u00a0\u00bb, projet\u00e9 au Concorde, a soulev\u00e9 un d\u00e9bat intense. La critique de la gestion a permis \u00e0 certains d\u2019exprimer leur mal-\u00eatre et leur crainte du pouvoir local.\n                            <\/p>\n<p>Le film est clairement \u00e0 charge. Certes, ce comportement de maire omnipotent et la glorification de son premier \u00e9dile dans les bulletins municipaux existent sans doute ailleurs ; certes, la personnalit\u00e9 fantasque du protagoniste y est pour beaucoup. Mais ce n\u2019est pas tout. Le r\u00e9alisateur Daniel Kupferstein, \u00e0 travers son documentaire long m\u00e9trage \u00ab\u00a0B\u00e9ziers : l\u2019envers du d\u00e9cor\u00a0\u00bb (2022), d\u00e9monte les rouages de la gestion municipale de Robert M\u00e9nard. Un d\u00e9bat sensible qui fait sens dans la cit\u00e9 uvale. \u00ab\u00a0Que ce film passe \u00e0 Moissac justifie ma pr\u00e9sence \u00e0 sa projection\u00a0\u00bb, avait livr\u00e9 le r\u00e9alisateur lors de la pr\u00e9sentation de la soir\u00e9e du mardi 18 novembre, quelques jours auparavant.<\/p>\n<p>Entre r\u00e9alit\u00e9 et fa\u00e7ade fantasm\u00e9e<\/p>\n<p>Le maire est pass\u00e9, en quelques ann\u00e9es, d\u2019un militantisme de gauche \u00e0 une forme appuy\u00e9e d\u2019extr\u00eame droite identitaire, glissant par paliers vers un obscurantisme modernis\u00e9. Une strat\u00e9gie mise en sc\u00e8ne avec un d\u00e9calage catchy (entra\u00eenant en fran\u00e7ais) dont on pr\u00e9f\u00e9rerait rire est relay\u00e9e par le bulletin municipal local. Intitul\u00e9 \u00ab\u00a0Le Journal de B\u00e9ziers\u00a0\u00bb, il deviendra \u00ab\u00a0Le Journal du Biterrois\u00a0\u00bb en 2015, lorsque Robert M\u00e9nard prendra la t\u00eate de la communaut\u00e9 d\u2019agglom\u00e9ration. Le r\u00e9alisateur met en \u00e9vidence le foss\u00e9 (le journal est pass\u00e9 de bimensuel \u00e0 mensuel, tir\u00e9 \u00e0 80 000 exemplaires) entre la r\u00e9alit\u00e9 socio-\u00e9conomique d\u00e9grad\u00e9e (B\u00e9ziers est une ville paup\u00e9ris\u00e9e) et le B\u00e9ziers fantasm\u00e9 \u00e0 l\u2019am\u00e9ricaine. Relay\u00e9 sur papier glac\u00e9 avec des filles aux longues jambes, des policiers municipaux muscl\u00e9s arm\u00e9s de gros calibres et un code chromatique aux relents nationalistes, ce merveilleux B\u00e9ziers irrite les Biterrois entr\u00e9s dans une forme de r\u00e9sistance, dont le film recueille les t\u00e9moignages. L\u2019agencement urbain de la ville entrepris depuis 2014 proc\u00e8de de la m\u00eame logique : de jolies fa\u00e7ades au centre-ville, le reste sous le tapis.<\/p>\n<p>Des d\u00e9bats presque psychanalytiques<\/p>\n<p>Ce film a \u00e9t\u00e9 projet\u00e9 mardi 18 novembre, au cin\u00e9ma Concorde de Moissac (ville \u00e9galement aux mains de l\u2019extr\u00eame droite). La projection s\u2019est d\u00e9roul\u00e9e gr\u00e2ce \u00e0 l\u2019opini\u00e2tret\u00e9 d\u2019un citoyen moissagais, Bruno Pravin (1), et \u00e0 l\u2019engagement de l\u2019\u00e9quipe du Concorde. Celle-ci tient \u00e0 ce que ce lieu de divertissement et de culture soit aussi celui de la r\u00e9flexion et du d\u00e9bat. Devant une salle bien garnie, le r\u00e9alisateur \u00e9tait pr\u00e9sent ce soir-l\u00e0 \u00e0 Moissac. Apr\u00e8s la projection, les \u00e9changes, d\u2019abord timides, se sont ensuite intensifi\u00e9s. Les parall\u00e8les entre les deux villes (aux \u00e9chelles d\u00e9mographiques et sociologiques bien diff\u00e9rentes) ont fini par \u00e9merger \u00e0 travers des t\u00e9moignages de Moissagais qui ont enfin os\u00e9 lib\u00e9rer leur parole sur leur mal-\u00eatre. S\u2019il y a bien une constante sur ces municipalit\u00e9s devenues presque cousines, c\u2019est cette crainte de dire, diffuse. Les d\u00e9bats n\u2019ont d\u2019ailleurs pas pris un chemin id\u00e9ologique mais presque psychanalytique. Au fond, ce qui ressort de cette soir\u00e9e pourrait \u00eatre un message d\u2019espoir : la qu\u00eate d\u2019une gestion municipale de la pluralit\u00e9 des cultures et des opinions dans la bienveillance et la recherche effective du bien commun. On a le droit de rester un doux r\u00eaveur.<\/p>\n<p>1 : Bruno Pravin milite \u00e9galement au sein de l\u2019Union citoyenne moissagaise, dont la t\u00eate de file n\u2019est autre que S\u00e9verine Laurent, candidate d\u00e9clar\u00e9e pour les prochaines \u00e9lections municipales. Il nous assure faire la distinction entre l\u2019organisation de la soir\u00e9e et ses activit\u00e9s militantes.<\/p>\n","protected":false},"excerpt":{"rendered":"l&rsquo;essentiel Le film \u00ab\u00a0B\u00e9ziers : l\u2019envers du d\u00e9cor\u00a0\u00bb, projet\u00e9 au Concorde, a soulev\u00e9 un d\u00e9bat intense. La critique&hellip;\n","protected":false},"author":2,"featured_media":546679,"comment_status":"","ping_status":"","sticky":false,"template":"","format":"standard","meta":{"footnotes":""},"categories":[1354],"tags":[58,59,1346,1011,27,1360],"class_list":{"0":"post-546678","1":"post","2":"type-post","3":"status-publish","4":"format-standard","5":"has-post-thumbnail","7":"category-films","8":"tag-divertissement","9":"tag-entertainment","10":"tag-films","11":"tag-fr","12":"tag-france","13":"tag-movies"},"share_on_mastodon":{"url":"https:\/\/pubeurope.com\/@fr\/115581699117315422","error":""},"_links":{"self":[{"href":"https:\/\/www.europesays.com\/fr\/wp-json\/wp\/v2\/posts\/546678","targetHints":{"allow":["GET"]}}],"collection":[{"href":"https:\/\/www.europesays.com\/fr\/wp-json\/wp\/v2\/posts"}],"about":[{"href":"https:\/\/www.europesays.com\/fr\/wp-json\/wp\/v2\/types\/post"}],"author":[{"embeddable":true,"href":"https:\/\/www.europesays.com\/fr\/wp-json\/wp\/v2\/users\/2"}],"replies":[{"embeddable":true,"href":"https:\/\/www.europesays.com\/fr\/wp-json\/wp\/v2\/comments?post=546678"}],"version-history":[{"count":0,"href":"https:\/\/www.europesays.com\/fr\/wp-json\/wp\/v2\/posts\/546678\/revisions"}],"wp:featuredmedia":[{"embeddable":true,"href":"https:\/\/www.europesays.com\/fr\/wp-json\/wp\/v2\/media\/546679"}],"wp:attachment":[{"href":"https:\/\/www.europesays.com\/fr\/wp-json\/wp\/v2\/media?parent=546678"}],"wp:term":[{"taxonomy":"category","embeddable":true,"href":"https:\/\/www.europesays.com\/fr\/wp-json\/wp\/v2\/categories?post=546678"},{"taxonomy":"post_tag","embeddable":true,"href":"https:\/\/www.europesays.com\/fr\/wp-json\/wp\/v2\/tags?post=546678"}],"curies":[{"name":"wp","href":"https:\/\/api.w.org\/{rel}","templated":true}]}}