{"id":546687,"date":"2025-11-20T11:11:21","date_gmt":"2025-11-20T11:11:21","guid":{"rendered":"https:\/\/www.europesays.com\/fr\/546687\/"},"modified":"2025-11-20T11:11:21","modified_gmt":"2025-11-20T11:11:21","slug":"la-mise-a-jour-de-la-taxe-fonciere-contestee-jusque-chez-les-macronistes","status":"publish","type":"post","link":"https:\/\/www.europesays.com\/fr\/546687\/","title":{"rendered":"La \u00ab\u00a0mise \u00e0 jour\u00a0\u00bb de la taxe fonci\u00e8re contest\u00e9e jusque chez les macronistes"},"content":{"rendered":"<p>                     <img loading=\"lazy\" decoding=\"async\" src=\"https:\/\/www.europesays.com\/fr\/wp-content\/uploads\/2025\/11\/9431328_upload-1-wqllzfz93lwl-kzihnioglu-pol-armistice-11-novembre-05.JPG\" alt=\"Le ministre de l'\u00e9conomie, Roland Lescure, \u00e0 Paris le 11 novembre 2025.\"   width=\"664\" height=\"443\"\/>    Le ministre de l&rsquo;\u00e9conomie, Roland Lescure, \u00e0 Paris le 11 novembre 2025.  KAMIL ZIHNIOGLU POUR \u00ab\u00a0LE MONDE\u00bb                 <\/p>\n<p class=\"article__paragraph  \">En plein examen budg\u00e9taire, les d\u00e9put\u00e9s ont \u00e9t\u00e9 pris de court par une mesure absente de la copie budg\u00e9taire initiale pr\u00e9sent\u00e9e par le gouvernement. Comme l\u2019a r\u00e9v\u00e9l\u00e9 Le\u00a0Parisien le\u00a018\u00a0novembre, le minist\u00e8re de l\u2019\u00e9conomie a d\u00e9cid\u00e9 de r\u00e9\u00e9valuer \u00e0 la hausse la taxe fonci\u00e8re. <a href=\"https:\/\/www.lemonde.fr\/economie\/article\/2025\/11\/18\/a-la-suite-d-une-mise-a-jour-de-donnees-la-taxe-fonciere-va-augmenter-pour-7-4-millions-de-logements-en-2026_6653930_3234.html\" target=\"_blank\" rel=\"noopener\">La mesure concerne\u00a07,4\u00a0millions de foyers, avec une hausse moyenne de\u00a063\u00a0euros par logement<\/a>, d\u2019apr\u00e8s les estimations de la direction g\u00e9n\u00e9rale des finances publiques (DGFIP), qui devrait rapporter 466\u00a0millions d\u2019euros suppl\u00e9mentaires aux collectivit\u00e9s locales.<\/p>\n<p class=\"article__paragraph  \">Cette \u00ab\u00a0mise \u00e0 jour\u00a0\u00bb, selon Bercy, repose sur une r\u00e9\u00e9valuation prenant d\u00e9sormais en compte les \u00e9quipements de base \u2013 comme l\u2019eau courante, l\u2019\u00e9lectricit\u00e9, les W-C ou les lavabos \u2013 qui sera r\u00e9alis\u00e9e \u00ab\u00a0sans qu\u2019une nouvelle d\u00e9claration ne soit demand\u00e9e aux propri\u00e9taires\u00a0\u00bb. Jusqu\u2019\u00e0 pr\u00e9sent, ces \u00e9l\u00e9ments n\u2019\u00e9taient pas pris en compte pour les 7,4\u00a0millions de logements concern\u00e9s. Le minist\u00e8re de l\u2019\u00e9conomie consid\u00e8re d\u00e9sormais que ces logements disposent de l\u2019ensemble de ces \u00e9quipements, qui n\u2019\u00e9taient jusqu\u2019ici pas int\u00e9gr\u00e9s dans la base fonci\u00e8re.<\/p>\n<p class=\"article__paragraph  \">La d\u00e9cision a d\u2019abord provoqu\u00e9 la col\u00e8re du Rassemblement national. Le mardi 18\u00a0novembre, le d\u00e9put\u00e9 de la Somme Jean-Philippe Tanguy a ainsi interpell\u00e9 dans l\u2019H\u00e9micycle la ministre d\u00e9l\u00e9gu\u00e9e aux comptes publics, Am\u00e9lie de Montchalin, pour d\u00e9noncer \u00ab\u00a0500\u00a0millions de taxe impr\u00e9vue dans le PLF, totalement en contradiction avec la Constitution\u00a0\u00bb. Le lendemain, au Salon international de la s\u00e9curit\u00e9 int\u00e9rieure (Milipol), \u00e0 Villepinte, le pr\u00e9sident du parti d\u2019extr\u00eame droite, Jordan Bardella, appelait \u00e0 son tour le premier ministre, S\u00e9bastien Lecornu, \u00e0 renoncer \u00e0 cette hausse, estimant que les propri\u00e9taires \u00e9taient \u00ab\u00a0devenus les vaches \u00e0 lait\u00a0\u00bb du gouvernement.<\/p>\n<p class=\"reading-mode-only \"><strong>Il vous reste 48.76% de cet article \u00e0 lire. La suite est r\u00e9serv\u00e9e aux abonn\u00e9s.<\/strong><\/p>\n","protected":false},"excerpt":{"rendered":"Le ministre de l&rsquo;\u00e9conomie, Roland Lescure, \u00e0 Paris le 11 novembre 2025. KAMIL ZIHNIOGLU POUR \u00ab\u00a0LE MONDE\u00bb En&hellip;\n","protected":false},"author":2,"featured_media":546688,"comment_status":"","ping_status":"","sticky":false,"template":"","format":"standard","meta":{"footnotes":""},"categories":[6],"tags":[35,33,34,1011,27],"class_list":{"0":"post-546687","1":"post","2":"type-post","3":"status-publish","4":"format-standard","5":"has-post-thumbnail","7":"category-economie","8":"tag-business","9":"tag-economie","10":"tag-economy","11":"tag-fr","12":"tag-france"},"share_on_mastodon":{"url":"https:\/\/pubeurope.com\/@fr\/115581730769364008","error":""},"_links":{"self":[{"href":"https:\/\/www.europesays.com\/fr\/wp-json\/wp\/v2\/posts\/546687","targetHints":{"allow":["GET"]}}],"collection":[{"href":"https:\/\/www.europesays.com\/fr\/wp-json\/wp\/v2\/posts"}],"about":[{"href":"https:\/\/www.europesays.com\/fr\/wp-json\/wp\/v2\/types\/post"}],"author":[{"embeddable":true,"href":"https:\/\/www.europesays.com\/fr\/wp-json\/wp\/v2\/users\/2"}],"replies":[{"embeddable":true,"href":"https:\/\/www.europesays.com\/fr\/wp-json\/wp\/v2\/comments?post=546687"}],"version-history":[{"count":0,"href":"https:\/\/www.europesays.com\/fr\/wp-json\/wp\/v2\/posts\/546687\/revisions"}],"wp:featuredmedia":[{"embeddable":true,"href":"https:\/\/www.europesays.com\/fr\/wp-json\/wp\/v2\/media\/546688"}],"wp:attachment":[{"href":"https:\/\/www.europesays.com\/fr\/wp-json\/wp\/v2\/media?parent=546687"}],"wp:term":[{"taxonomy":"category","embeddable":true,"href":"https:\/\/www.europesays.com\/fr\/wp-json\/wp\/v2\/categories?post=546687"},{"taxonomy":"post_tag","embeddable":true,"href":"https:\/\/www.europesays.com\/fr\/wp-json\/wp\/v2\/tags?post=546687"}],"curies":[{"name":"wp","href":"https:\/\/api.w.org\/{rel}","templated":true}]}}