{"id":546689,"date":"2025-11-20T11:12:20","date_gmt":"2025-11-20T11:12:20","guid":{"rendered":"https:\/\/www.europesays.com\/fr\/546689\/"},"modified":"2025-11-20T11:12:20","modified_gmt":"2025-11-20T11:12:20","slug":"donald-trump-et-zohran-mamdani-vont-se-rencontrer-et-cela-promet-des-etincelles","status":"publish","type":"post","link":"https:\/\/www.europesays.com\/fr\/546689\/","title":{"rendered":"Donald Trump et Zohran Mamdani vont se rencontrer, et cela promet des \u00e9tincelles"},"content":{"rendered":"<p>        <img decoding=\"async\" loading=\"lazy\" src=\"https:\/\/www.europesays.com\/fr\/wp-content\/uploads\/2025\/11\/1a308d6_upload-1-yceitab9sefn-afp-20250722-2226494987-v4-highres-presidenttrumphostsphillipinespresi.jpeg\"  width=\"728\" height=\"409\" alt=\"La rencontre entre le maire de New York fra\u00eechement \u00e9lu et le locataire de la Maison Blanche aura lieu vendredi 21\u00a0novembre dans le Bureau ovale.\"\/>  <\/p>\n<p>CHIP SOMODEVILLA \/ Getty Images via AFP<\/p>\n<p>La rencontre entre le maire de New York fra\u00eechement \u00e9lu et le locataire de la Maison Blanche aura lieu vendredi 21\u00a0novembre dans le Bureau ovale.<\/p>\n<p>      <strong>EN BREF<\/strong> <strong>\u2022 <\/strong>Le pr\u00e9sident Donald Trump et le maire de New York, Zohran Mamdani, se rencontreront vendredi 21\u00a0novembre.<br \/><strong>\u2022 <\/strong>Mamdani, qualifi\u00e9 de \u00ab\u00a0communiste\u00a0\u00bb par Trump, critique de son c\u00f4t\u00e9 le pr\u00e9sident pour son approche fasciste.<br \/><strong>\u2022 <\/strong>Trump avait m\u00eame menac\u00e9 de r\u00e9duire le financement f\u00e9d\u00e9ral allou\u00e9 \u00e0 la ville de New York si Zohran Mamdani \u00e9tait \u00e9lu.                         <\/p>\n<p class=\"asset asset-text\">Invitation \u00e0 la Maison Blanche. En tant que pr\u00e9sident des \u00c9tats-Unis, Donald Trump ne pouvait \u00e9ternellement \u00e9chapper \u00e0 une rencontre formelle avec le <a href=\"https:\/\/www.huffingtonpost.fr\/international\/video\/le-democrate-zohran-mamdani-elu-nouveau-maire-de-new-york-au-grand-dam-de-trump_256783.html\" target=\"_blank\" rel=\"noopener\">nouveau maire de New York<\/a>. Finalement, le face-\u00e0-face tant attendu entre le chef d\u2019\u00c9tat am\u00e9ricain et <a href=\"https:\/\/www.huffingtonpost.fr\/international\/article\/cite-par-zohran-mamdani-enfant-le-jeu-simcity-disait-deja-beaucoup-de-son-devenir_256926.html\" target=\"_blank\" rel=\"noopener\">Zohran Mamdani<\/a> aura bel et bien lieu.<\/p>\n<p class=\"asset asset-text\">Ce mercredi 19\u00a0novembre, c\u2019est <a href=\"https:\/\/www.huffingtonpost.fr\/international\/video\/donald-trump-rehabilite-mohammed-ben-salmane-en-sortant-le-grand-jeu-pour-sa-venue-a-la-maison-blanche_257323.html\" target=\"_blank\" rel=\"noopener\">Donald Trump<\/a> qui a \u00e9t\u00e9 le premier a confirm\u00e9 cette entrevue avec <a href=\"https:\/\/www.huffingtonpost.fr\/international\/article\/un-communiste-cingle-donald-trump-a-trouve-en-zohran-mamdani-son-nouveau-bouc-emissaire-a-new-york_251846.html\" target=\"_blank\" rel=\"noopener\">son nouveau bouc \u00e9missaire<\/a>, pr\u00e9vue vendredi 21\u00a0novembre \u00e0 la Maison Blanche. \u00ab\u00a0Le maire communiste de New York, Zohran \u201cKwame\u201d Mamdani, a demand\u00e9 \u00e0 ce que l\u2019on se rencontre. Nous avons d\u00e9cid\u00e9 que cette rencontre aura lieu dans le Bureau ovale\u00a0\u00bb, a ainsi \u00e9crit le pr\u00e9sident am\u00e9ricain, qui fait mention, dans son message, au deuxi\u00e8me pr\u00e9nom de Zohran Mamdani, Kwame. Un hommage de ses parents \u00e0 la grande figure de la lutte pour l\u2019ind\u00e9pendance au Ghana, Kwame Nkrumah.<\/p>\n<p class=\"asset asset-text\">D\u00e8s son \u00e9lection d\u00e9but novembre en tant que nouveau maire de la plus grande ville des \u00c9tats-Unis, Zohran Mamdani s\u2019\u00e9tait dit pr\u00eat \u00e0 dialoguer avec lui. <a href=\"https:\/\/www.huffingtonpost.fr\/international\/article\/zohran-mamdani-fait-le-meme-diagnostic-que-trump-sur-le-cout-de-la-vie-mais-il-n-a-pas-le-meme-remede_256838.html\" target=\"_blank\" rel=\"noopener\">Notamment sur \u00ab\u00a0le co\u00fbt de la vie\u00a0\u00bb, au c\u0153ur des pr\u00e9occupations des Am\u00e9ricains<\/a>. Et ce, malgr\u00e9 son opposition farouche \u00e0 Donald Trump.<\/p>\n<p class=\"asset asset-text\">Apr\u00e8s l\u2019annonce de Donald Trump mercredi, la porte-parole du nouveau maire de New York Dora Perek a elle aussi confirm\u00e9 ce rendez-vous. \u00ab\u00a0Comme il est d\u2019usage pour une nouvelle administration municipale, le maire \u00e9lu pr\u00e9voit de rencontrer le pr\u00e9sident \u00e0 Washington afin d\u2019aborder la s\u00e9curit\u00e9 publique, la s\u00e9curit\u00e9 \u00e9conomique et le programme pour l\u2019accessibilit\u00e9 financi\u00e8re\u00a0\u00bb.<\/p>\n<p>    Duel \u00e0 distance    <\/p>\n<p class=\"asset asset-text\">Une rencontre qui promet donc des \u00e9tincelles, tant les deux hommes semblent oppos\u00e9s \u00e0 tous les niveaux. Issue de l\u2019aile gauche du Parti d\u00e9mocrate et qualifi\u00e9 de \u00ab\u00a0communiste\u00a0\u00bb, puis de \u00ab\u00a0maire communiste\u00a0\u00bb par Donald Trump, Zohran Mamdani se pose en figure de r\u00e9sistance face au pr\u00e9sident. Il a d\u2019ailleurs critiqu\u00e9 Donald Trump tout au long de sa campagne, l\u2019accusant r\u00e9guli\u00e8rement de \u00ab\u00a0fascisme\u00a0\u00bb.<\/p>\n<p class=\"asset asset-text\">De son c\u00f4t\u00e9, Donald Trump a dit aux Am\u00e9ricains qu\u2019ils \u00e9taient d\u00e9sormais face \u00e0 un \u00ab\u00a0choix entre le communisme et le bon sens\u00a0\u00bb. Il avait d\u2019ailleurs menac\u00e9 de r\u00e9duire le financement f\u00e9d\u00e9ral allou\u00e9 \u00e0 la ville de New York si Zohran Mamdani \u00e9tait \u00e9lu \u00e0 la t\u00eate de la ville qui l\u2019a vu \u00e9merger sur la sc\u00e8ne nationale. Apr\u00e8s la victoire du jeune candidat d\u00e9mocrate (34\u00a0ans), le locataire de la Maison Blanche avait m\u00eame <a href=\"https:\/\/www.huffingtonpost.fr\/international\/article\/zohran-mamdani-ne-se-laisse-pas-faire-face-a-donald-trump-qui-menace-de-l-expulser_252105.html\" target=\"_blank\" rel=\"noopener\">menac\u00e9 de l\u2019arr\u00eater s\u2019il osait d\u00e9fier les services d\u2019immigration am\u00e9ricains<\/a>. Une r\u00e9ponse directe au discours de victoire du candidat \u00e0 la mairie de New York, qui avait affirm\u00e9 qu\u2019il \u00ab\u00a0emp\u00eacherait les agents masqu\u00e9s de l\u2019ICE (la police f\u00e9d\u00e9rale charg\u00e9e de l\u2019immigration)\u00a0d\u2019expulser nos voisins\u00a0\u00bb.<\/p>\n<p class=\"asset asset-text\">Mais malgr\u00e9 le lobbying de Trump en faveur du principal rival de Mamdani lors de l\u2019\u00e9lection \u00e0 la mairie de New York, le nouveau maire de la \u00ab\u00a0Big Apple\u00a0\u00bb \u00e9tait devenu le 4\u00a0novembre dernier le premier candidat \u00e0 d\u00e9passer le million de voix depuis 1969\u00a0\u00e0 New York. Un score bien aid\u00e9 par sa campagne intense \u2212 et moderne \u2212 o\u00f9 il a notamment <a href=\"https:\/\/www.huffingtonpost.fr\/international\/article\/pour-zohran-mamdani-favori-des-municipales-a-new-york-le-plus-dur-ne-sera-pas-de-l-emporter_256551.html\" target=\"_blank\" rel=\"noopener\">promis des logements et des services de garderie abordables<\/a> pour les New-yorkais.<\/p>\n","protected":false},"excerpt":{"rendered":"CHIP SOMODEVILLA \/ Getty Images via AFP La rencontre entre le maire de New York fra\u00eechement \u00e9lu et&hellip;\n","protected":false},"author":2,"featured_media":546690,"comment_status":"","ping_status":"","sticky":false,"template":"","format":"standard","meta":{"footnotes":""},"categories":[5],"tags":[11,75,73,1011,27,14,415,12,28,62862],"class_list":{"0":"post-546689","1":"post","2":"type-post","3":"status-publish","4":"format-standard","5":"has-post-thumbnail","7":"category-international","8":"tag-actualites","9":"tag-donald-trump","10":"tag-etats-unis","11":"tag-fr","12":"tag-france","13":"tag-international","14":"tag-new-york","15":"tag-news","16":"tag-world","17":"tag-zohran-mamdani"},"share_on_mastodon":{"url":"https:\/\/pubeurope.com\/@fr\/115581730952418072","error":""},"_links":{"self":[{"href":"https:\/\/www.europesays.com\/fr\/wp-json\/wp\/v2\/posts\/546689","targetHints":{"allow":["GET"]}}],"collection":[{"href":"https:\/\/www.europesays.com\/fr\/wp-json\/wp\/v2\/posts"}],"about":[{"href":"https:\/\/www.europesays.com\/fr\/wp-json\/wp\/v2\/types\/post"}],"author":[{"embeddable":true,"href":"https:\/\/www.europesays.com\/fr\/wp-json\/wp\/v2\/users\/2"}],"replies":[{"embeddable":true,"href":"https:\/\/www.europesays.com\/fr\/wp-json\/wp\/v2\/comments?post=546689"}],"version-history":[{"count":0,"href":"https:\/\/www.europesays.com\/fr\/wp-json\/wp\/v2\/posts\/546689\/revisions"}],"wp:featuredmedia":[{"embeddable":true,"href":"https:\/\/www.europesays.com\/fr\/wp-json\/wp\/v2\/media\/546690"}],"wp:attachment":[{"href":"https:\/\/www.europesays.com\/fr\/wp-json\/wp\/v2\/media?parent=546689"}],"wp:term":[{"taxonomy":"category","embeddable":true,"href":"https:\/\/www.europesays.com\/fr\/wp-json\/wp\/v2\/categories?post=546689"},{"taxonomy":"post_tag","embeddable":true,"href":"https:\/\/www.europesays.com\/fr\/wp-json\/wp\/v2\/tags?post=546689"}],"curies":[{"name":"wp","href":"https:\/\/api.w.org\/{rel}","templated":true}]}}