{"id":546691,"date":"2025-11-20T11:13:17","date_gmt":"2025-11-20T11:13:17","guid":{"rendered":"https:\/\/www.europesays.com\/fr\/546691\/"},"modified":"2025-11-20T11:13:17","modified_gmt":"2025-11-20T11:13:17","slug":"info-la-depeche-piege-dans-sa-voiture-immergee-un-homme-de-40-ans-meurt-noye-apres-une-sortie-de-route","status":"publish","type":"post","link":"https:\/\/www.europesays.com\/fr\/546691\/","title":{"rendered":"INFO LA D\u00c9P\u00caCHE. Pi\u00e9g\u00e9 dans sa voiture immerg\u00e9e, un homme de 40 ans meurt noy\u00e9 apr\u00e8s une sortie de route"},"content":{"rendered":"<p>\n                                                                    l&rsquo;essentiel<br \/>\n                                                                Coinc\u00e9 dans son habitacle retourn\u00e9 dans un cours d\u2019eau, un conducteur de 40 ans n\u2019a pas surv\u00e9cu \u00e0 une sortie de route survenue ce mercredi matin sur une route du Tarn-et-Garonne. Malgr\u00e9 l\u2019intervention rapide des secours, l\u2019homme \u00e9tait d\u00e9j\u00e0 sans vie \u00e0 leur arriv\u00e9e.\n                            <\/p>\n<p>Les secours n\u2019ont rien pu faire. Jeudi 20\u00a0novembre 2025, peu avant 8\u00a0h\u00a020, un homme de 40 ans a trouv\u00e9 la mort apr\u00e8s une violente sortie de route entre Castelsarrasin et Moissac (Tarn-et-Garonne).<\/p>\n<p>Selon les premiers \u00e9l\u00e9ments recueillis par La D\u00e9p\u00eache du Midi, sa voiture a quitt\u00e9 la chauss\u00e9e sur le chemin de Castelus, avant d\u2019arracher une barri\u00e8re de s\u00e9curit\u00e9 et de plonger dans un petit cours d\u2019eau. Le v\u00e9hicule a fini sur le toit, l\u2019habitacle se remplissant rapidement d\u2019eau et pi\u00e9geant le conducteur.<\/p>\n<p>Lorsque les secours arrivent sur place, l\u2019\u00e9pave est immerg\u00e9e et s\u00e9v\u00e8rement endommag\u00e9e. Les premiers intervenants constatent que l\u2019homme est d\u00e9j\u00e0 sans vie dans le v\u00e9hicule retourn\u00e9. Les premi\u00e8res constatations orientent vers une noyade.<\/p>\n<p>        <img decoding=\"async\" class=\"std-img__img responsive-img\" src=\"https:\/\/www.europesays.com\/fr\/wp-content\/uploads\/2025\/11\/1763637197_154_image.jpg\" alt=\"L\u2019automobiliste est d\u00e9c\u00e9d\u00e9 vraisemblablement noy\u00e9 dans sa voiture\"\/><\/p>\n<p>                L\u2019automobiliste est d\u00e9c\u00e9d\u00e9 vraisemblablement noy\u00e9 dans sa voiture<br \/>\n                                    DDM &#8211; MANUEL MASSIP<\/p>\n<p>Une \u00e9quipe sp\u00e9cialis\u00e9e prend alors le relais, \u00e9paul\u00e9e par des renforts venus de Montauban. Tr\u00e8s d\u00e9form\u00e9e, la voiture impose une d\u00e9licate op\u00e9ration de d\u00e9sincarc\u00e9ration. Les sauveteurs doivent utiliser des outils adapt\u00e9s pour forcer la porte de la Suzuki Vita et acc\u00e9der au corps. Les tentatives de d\u00e9gagement d\u2019urgence avaient \u00e9chou\u00e9, l\u2019impact ayant trop \u00e9cras\u00e9 la structure du petit 4&#215;4.<\/p>\n<p>Le p\u00e8re de la victime, t\u00e9moin en \u00e9tat de choc<\/p>\n<p>Sur les berges du cours d\u2019eau, la sc\u00e8ne est d\u2019autant plus difficile que le p\u00e8re de la victime, arriv\u00e9 sur les lieux, assiste aux op\u00e9rations. En \u00e9tat de choc, il est pris en charge par une \u00e9quipe d\u2019assistance aux victimes.<\/p>\n<p>Pendant ce temps, les forces de l\u2019ordre proc\u00e8dent aux constatations. Le commandant de police Lilian Cl\u00e9ment dirige les op\u00e9rations sur le terrain en pr\u00e9sence du maire de <a href=\"https:\/\/www.ladepeche.fr\/communes\/tarn-et-garonne,82\/\" target=\"_self\" rel=\"nofollow noopener\"><strong>Castelsarrasin<\/strong><\/a>.<\/p>\n<p>Des pr\u00e9l\u00e8vements d\u2019eau sont effectu\u00e9s pour d\u00e9terminer si l\u2019homme est bien mort noy\u00e9 ou si une autre cause est en jeu. C\u2019est un coll\u00e8gue de la victime qui a proc\u00e9d\u00e9 \u00e0 l\u2019identification du corps sur place.<\/p>\n<p>L\u2019enqu\u00eate devra d\u00e9sormais pr\u00e9ciser le d\u00e9roulement exact de cette sortie de route tragique sur cette petite route de campagne.<\/p>\n","protected":false},"excerpt":{"rendered":"l&rsquo;essentiel Coinc\u00e9 dans son habitacle retourn\u00e9 dans un cours d\u2019eau, un conducteur de 40 ans n\u2019a pas surv\u00e9cu&hellip;\n","protected":false},"author":2,"featured_media":546692,"comment_status":"","ping_status":"","sticky":false,"template":"","format":"standard","meta":{"footnotes":""},"categories":[4],"tags":[11,1011,27,12,25],"class_list":{"0":"post-546691","1":"post","2":"type-post","3":"status-publish","4":"format-standard","5":"has-post-thumbnail","7":"category-france","8":"tag-actualites","9":"tag-fr","10":"tag-france","11":"tag-news","12":"tag-republique-francaise"},"share_on_mastodon":{"url":"https:\/\/pubeurope.com\/@fr\/115581735568959661","error":""},"_links":{"self":[{"href":"https:\/\/www.europesays.com\/fr\/wp-json\/wp\/v2\/posts\/546691","targetHints":{"allow":["GET"]}}],"collection":[{"href":"https:\/\/www.europesays.com\/fr\/wp-json\/wp\/v2\/posts"}],"about":[{"href":"https:\/\/www.europesays.com\/fr\/wp-json\/wp\/v2\/types\/post"}],"author":[{"embeddable":true,"href":"https:\/\/www.europesays.com\/fr\/wp-json\/wp\/v2\/users\/2"}],"replies":[{"embeddable":true,"href":"https:\/\/www.europesays.com\/fr\/wp-json\/wp\/v2\/comments?post=546691"}],"version-history":[{"count":0,"href":"https:\/\/www.europesays.com\/fr\/wp-json\/wp\/v2\/posts\/546691\/revisions"}],"wp:featuredmedia":[{"embeddable":true,"href":"https:\/\/www.europesays.com\/fr\/wp-json\/wp\/v2\/media\/546692"}],"wp:attachment":[{"href":"https:\/\/www.europesays.com\/fr\/wp-json\/wp\/v2\/media?parent=546691"}],"wp:term":[{"taxonomy":"category","embeddable":true,"href":"https:\/\/www.europesays.com\/fr\/wp-json\/wp\/v2\/categories?post=546691"},{"taxonomy":"post_tag","embeddable":true,"href":"https:\/\/www.europesays.com\/fr\/wp-json\/wp\/v2\/tags?post=546691"}],"curies":[{"name":"wp","href":"https:\/\/api.w.org\/{rel}","templated":true}]}}