{"id":546693,"date":"2025-11-20T11:14:22","date_gmt":"2025-11-20T11:14:22","guid":{"rendered":"https:\/\/www.europesays.com\/fr\/546693\/"},"modified":"2025-11-20T11:14:22","modified_gmt":"2025-11-20T11:14:22","slug":"fabien-mandon-le-chef-de-larmee-francaise-fait-polemique-avec-une-sortie-sur-la-perte-de-nos-enfants","status":"publish","type":"post","link":"https:\/\/www.europesays.com\/fr\/546693\/","title":{"rendered":"Fabien Mandon, le chef de l\u2019arm\u00e9e fran\u00e7aise, fait pol\u00e9mique avec une sortie sur la \u00ab\u00a0perte\u00a0de nos enfants\u00a0\u00bb"},"content":{"rendered":"<p>        <img decoding=\"async\" loading=\"lazy\" src=\"https:\/\/www.europesays.com\/fr\/wp-content\/uploads\/2025\/11\/6769b03_1658620139925-6210b7f125000060502b255a.jpeg\"  width=\"728\" height=\"409\" alt=\"Le pr\u00e9sident fran\u00e7ais Emmanuel Macron et son homologue russe Vladimir Poutine, ici lors d\u2019un appel en juin 2020\u00a0pour &quot;\u00e9viter le pire&quot; en Ukraine. \"\/>  <\/p>\n<p>POOL New via Reuters<\/p>\n<p>Le pr\u00e9sident fran\u00e7ais Emmanuel Macron et son homologue russe Vladimir Poutine, ici lors d\u2019un appel en juin 2020\u00a0pour \u00ab\u00a0\u00e9viter le pire\u00a0\u00bb en Ukraine. <\/p>\n<p class=\"asset asset-text\">POLITIQUE &#8211; Un discours qui n\u2019incite pas au garde \u00e0 vous. Lors de son passage au Congr\u00e8s des maires de France mardi, le chef d\u2019\u00e9tat-major des <a href=\"https:\/\/www.huffingtonpost.fr\/international\/article\/en-guyane-un-militaire-francais-meurt-lors-d-une-operation-contre-l-orpaillage-clandestin_256737.html\" target=\"_blank\" rel=\"noopener\">Arm\u00e9es fran\u00e7ais<\/a>, le g\u00e9n\u00e9ral Fabien Mandon avait \u00e9voqu\u00e9 l\u2019imminence d\u2019une confrontation guerri\u00e8re avec <a href=\"https:\/\/www.huffingtonpost.fr\/international\/article\/l-ukraine-a-recu-une-nouvelle-proposition-de-paix-des-etats-unis_257331.html\" target=\"_blank\" rel=\"noopener\">la Russie de Vladimir Poutine<\/a>. Avec une formule qui a rapidement fait grincer des dents, tous bords politiques confondus. Ou presque.<\/p>\n<p class=\"asset asset-text\">Et ce mercredi 19\u00a0novembre, c\u2019est le <a href=\"https:\/\/www.huffingtonpost.fr\/politique\/article\/avec-ce-meeting-jean-luc-melenchon-lance-sans-le-dire-sa-campagne-presidentielle_257201.html\" target=\"_blank\" rel=\"noopener\">leader de la France insoumise Jean-Luc M\u00e9lenchon<\/a> qui a \u00e9t\u00e9 l\u2019un des premiers \u00e0 exprimer son \u00ab\u00a0d\u00e9saccord total\u00a0\u00bb avec les propos du g\u00e9n\u00e9ral fran\u00e7ais. \u00ab\u00a0On a tout le savoir, toute la force \u00e9conomique et d\u00e9mographique pour dissuader le r\u00e9gime de Moscou (&#8230;). Ce qu\u2019il nous manque, et c\u2019est l\u00e0 o\u00f9 vous avez un r\u00f4le majeur, c\u2019est la force d\u2019\u00e2me pour accepter de nous faire mal pour prot\u00e9ger ce que l\u2019on est\u00a0\u00bb, avait d\u2019abord l\u00e2ch\u00e9 le plus haut grad\u00e9 fran\u00e7ais devant les maires de France.<\/p>\n<p class=\"asset asset-text\">Avant de poursuivre avec cette formule alarmiste\u00a0: \u00ab\u00a0Si notre pays flanche parce qu\u2019il n\u2019est pas pr\u00eat \u00e0 accepter de perdre ses enfants, parce qu\u2019il faut dire les choses, de souffrir \u00e9conomiquement parce que les priorit\u00e9s iront \u00e0 de la production d\u00e9fense, alors on est en risque\u00a0\u00bb.<\/p>\n<p> La lecture de ce contenu est susceptible d\u2019entra\u00eener un d\u00e9p\u00f4t de cookies de la part de l\u2019op\u00e9rateur tiers qui l\u2019h\u00e9berge. Compte-tenu des choix que vous avez exprim\u00e9s en mati\u00e8re de d\u00e9p\u00f4t de cookies, nous avons bloqu\u00e9 l\u2019affichage de ce contenu. Si vous souhaitez y acc\u00e9der, vous devez accepter la cat\u00e9gorie de cookies \u201cContenus tiers\u201d en cliquant sur le bouton ci-dessous. <\/p>\n<p> Lire la Vid\u00e9o        <\/p>\n<p class=\"asset asset-text\">\u00ab\u00a0Il faut en parler dans vos communes\u00a0\u00bb, avait-il conclu. En octobre dernier, le militaire avait consid\u00e9r\u00e9 qu\u2019une guerre entre l\u2019Otan et la Russie \u00e9tait imminente, \u00e9voquant un horizon de \u00ab\u00a0trois, quatre ans\u00a0\u00bb. Une pr\u00e9c\u00e9dente d\u00e9claration qui avait \u00e9t\u00e9 faite\u00a0devant les d\u00e9put\u00e9s de la commission de la D\u00e9fense afin de les sensibiliser au n\u00e9cessaire \u00ab<a href=\"https:\/\/www.huffingtonpost.fr\/economie\/article\/ces-entreprises-francaises-qui-ont-tout-a-gagner-d-une-defense-europeenne_247095.html\" target=\"_blank\" rel=\"noopener\">\u00a0effort de r\u00e9armement\u00a0\u00bb <\/a>du pays. Mais, surtout, pour appuyer le projet de budget de la d\u00e9fense.<\/p>\n<p>                     \u00ab\u00a0Un chef d\u2019\u00e9tat-major des Arm\u00e9es ne devrait pas dire \u00e7a\u00a0\u00bb    <\/p>\n<p class=\"asset asset-text\">\u00ab\u00a0Je veux exprimer un d\u00e9saccord total avec le discours du chef d\u2019\u00c9tat-major des arm\u00e9es. Ce n\u2019est pas \u00e0 lui d\u2019aller inviter les maires ni qui que ce soit \u00e0 des pr\u00e9parations guerri\u00e8res d\u00e9cid\u00e9es par personne\u00a0\u00bb, a donc r\u00e9pliqu\u00e9 sur X Jean-Luc M\u00e9lenchon. Dans son message, le leader de LFI a \u00e9galement reproch\u00e9 au chef d\u2019\u00e9tat-major des Arm\u00e9es fran\u00e7ais de \u00ab\u00a0pr\u00e9voir des sacrifices qui seraient la cons\u00e9quence de nos \u00e9checs diplomatiques sur lesquels son avis public n\u2019a pas \u00e9t\u00e9 demand\u00e9\u00a0\u00bb.<\/p>\n<p> La lecture de ce contenu est susceptible d\u2019entra\u00eener un d\u00e9p\u00f4t de cookies de la part de l\u2019op\u00e9rateur tiers qui l\u2019h\u00e9berge. Compte-tenu des choix que vous avez exprim\u00e9s en mati\u00e8re de d\u00e9p\u00f4t de cookies, nous avons bloqu\u00e9 l\u2019affichage de ce contenu. Si vous souhaitez y acc\u00e9der, vous devez accepter la cat\u00e9gorie de cookies \u201cContenus tiers\u201d en cliquant sur le bouton ci-dessous. <\/p>\n<p> Lire la Vid\u00e9o        <\/p>\n<p class=\"asset asset-text\">\u00ab\u00a0Un chef d\u2019\u00e9tat-major des Arm\u00e9es ne devrait pas dire \u00e7a\u00a0\u00bb, a \u00e9galement r\u00e9agi le groupe parlementaire de LFI dans un communiqu\u00e9. \u00ab\u00a0Ces d\u00e9clarations interviennent apr\u00e8s d\u2019autres prises de position expliquant que la France devait se tenir pr\u00eate \u00e0 un possible affrontement avec la Russie d\u2019ici quatre ou cinq ans. En r\u00e9p\u00e9tant publiquement ces sc\u00e9narios de guerre et en les dramatisant jusqu\u2019\u00e0 \u00e9voquer la perte d\u2019enfants, le CEMA outrepasse son r\u00f4le. De tels propos ne rel\u00e8vent en aucun cas de sa fonction\u00a0\u00bb, ajoutent les d\u00e9put\u00e9s du groupe.<\/p>\n<p> La lecture de ce contenu est susceptible d\u2019entra\u00eener un d\u00e9p\u00f4t de cookies de la part de l\u2019op\u00e9rateur tiers qui l\u2019h\u00e9berge. Compte-tenu des choix que vous avez exprim\u00e9s en mati\u00e8re de d\u00e9p\u00f4t de cookies, nous avons bloqu\u00e9 l\u2019affichage de ce contenu. Si vous souhaitez y acc\u00e9der, vous devez accepter la cat\u00e9gorie de cookies \u201cContenus tiers\u201d en cliquant sur le bouton ci-dessous. <\/p>\n<p> Lire la Vid\u00e9o        Du PCF\u2026 jusqu\u2019au RN    <\/p>\n<p class=\"asset asset-text\">Un constat \u00e9galement partag\u00e9 par le patron du Parti communiste fran\u00e7ais Fabien Roussel, dont les positions se rapprochent de celles des Insoumis sur le dossier russo-ukrainien. \u00ab\u00a0C\u2019est NON\u00a0! 51\u00a0000 monuments aux morts dans nos communes ce n\u2019est pas assez\u00a0? Oui \u00e0 la d\u00e9fense nationale mais non aux discours va-t-en-guerre insupportables\u00a0!\u00a0\u00bb, a-t-il tonn\u00e9 sur X.<\/p>\n<p class=\"asset asset-text\">L\u2019ancienne candidate \u00e0 la pr\u00e9sidentielle fran\u00e7aise S\u00e9gol\u00e8ne Royal s\u2019est elle aussi \u00e9mue de cette sortie tr\u00e8s comment\u00e9e dans un long message sur ses r\u00e9seaux sociaux. \u00c9voquant des \u00ab\u00a0d\u00e9clarations d\u00e9lirantes, qui vont renforcer l\u2019anxi\u00e9t\u00e9 des jeunes d\u00e9j\u00e0 au plus bas\u00a0\u00bb, elle demande des explications au chef de l\u2019\u00c9tat Emmanuel Macron. Car selon, l\u2019ancienne ministre socialiste, soit il \u00ab\u00a0est au courant et a valid\u00e9 ce texte et d\u00e8s lors il doit s\u2019expliquer\u00a0; soit ce n\u2019est pas le cas et le Chef d\u2019\u00c9tat-major doit \u00eatre d\u00e9missionn\u00e9\u00a0\u00bb.<\/p>\n<p class=\"asset asset-text\">\u00ab\u00a0Sachons tirer les le\u00e7ons de l\u2019histoire\u00a0\u00bb, ajoute-t-elle en rapprochant cette sortie du g\u00e9n\u00e9ral Mandon avec les r\u00e9centes comm\u00e9morations du 11\u00a0novembre, \u00ab\u00a0fin de la terrible boucherie de la guerre de 14\/18 dont tous les historiens rel\u00e8vent les causes d\u00e9risoires\u00a0\u00bb.<\/p>\n<p> La lecture de ce contenu est susceptible d\u2019entra\u00eener un d\u00e9p\u00f4t de cookies de la part de l\u2019op\u00e9rateur tiers qui l\u2019h\u00e9berge. Compte-tenu des choix que vous avez exprim\u00e9s en mati\u00e8re de d\u00e9p\u00f4t de cookies, nous avons bloqu\u00e9 l\u2019affichage de ce contenu. Si vous souhaitez y acc\u00e9der, vous devez accepter la cat\u00e9gorie de cookies \u201cContenus tiers\u201d en cliquant sur le bouton ci-dessous. <\/p>\n<p> Lire la Vid\u00e9o        <\/p>\n<p class=\"asset asset-text\">Mais m\u00eame \u00e0 l\u2019autre bout du spectre politique, le vice-pr\u00e9sident du Rassemblement national S\u00e9bastien Chenu a estim\u00e9 que le g\u00e9n\u00e9ral Fabien Mandon n\u2019avait pas \u00ab\u00a0la l\u00e9gitimit\u00e9\u00a0\u00bb pour tenir ces propos et a d\u00e9nonc\u00e9 \u00ab\u00a0une faute\u00a0\u00bb de sa part.<\/p>\n<p> La lecture de ce contenu est susceptible d\u2019entra\u00eener un d\u00e9p\u00f4t de cookies de la part de l\u2019op\u00e9rateur tiers qui l\u2019h\u00e9berge. Compte-tenu des choix que vous avez exprim\u00e9s en mati\u00e8re de d\u00e9p\u00f4t de cookies, nous avons bloqu\u00e9 l\u2019affichage de ce contenu. Si vous souhaitez y acc\u00e9der, vous devez accepter la cat\u00e9gorie de cookies \u201cContenus tiers\u201d en cliquant sur le bouton ci-dessous. <\/p>\n<p> Lire la Vid\u00e9o        <\/p>\n<p class=\"asset asset-text\">Au micro de LCI il a d\u2019ailleurs rejoint la position de S\u00e9gol\u00e8ne Royal\u00a0: \u00ab\u00a0Ou alors le pr\u00e9sident de la R\u00e9publique lui a demand\u00e9 de le faire et c\u2019est encore plus \u00e9norme\u00a0\u00bb. <\/p>\n","protected":false},"excerpt":{"rendered":"POOL New via Reuters Le pr\u00e9sident fran\u00e7ais Emmanuel Macron et son homologue russe Vladimir Poutine, ici lors d\u2019un&hellip;\n","protected":false},"author":2,"featured_media":546694,"comment_status":"","ping_status":"","sticky":false,"template":"","format":"standard","meta":{"footnotes":""},"categories":[2],"tags":[11,33183,1011,27,14,12,316,132],"class_list":{"0":"post-546693","1":"post","2":"type-post","3":"status-publish","4":"format-standard","5":"has-post-thumbnail","7":"category-actualites","8":"tag-actualites","9":"tag-armee-francaise","10":"tag-fr","11":"tag-france","12":"tag-international","13":"tag-news","14":"tag-politique","15":"tag-russie"},"share_on_mastodon":{"url":"https:\/\/pubeurope.com\/@fr\/115581739490979356","error":""},"_links":{"self":[{"href":"https:\/\/www.europesays.com\/fr\/wp-json\/wp\/v2\/posts\/546693","targetHints":{"allow":["GET"]}}],"collection":[{"href":"https:\/\/www.europesays.com\/fr\/wp-json\/wp\/v2\/posts"}],"about":[{"href":"https:\/\/www.europesays.com\/fr\/wp-json\/wp\/v2\/types\/post"}],"author":[{"embeddable":true,"href":"https:\/\/www.europesays.com\/fr\/wp-json\/wp\/v2\/users\/2"}],"replies":[{"embeddable":true,"href":"https:\/\/www.europesays.com\/fr\/wp-json\/wp\/v2\/comments?post=546693"}],"version-history":[{"count":0,"href":"https:\/\/www.europesays.com\/fr\/wp-json\/wp\/v2\/posts\/546693\/revisions"}],"wp:featuredmedia":[{"embeddable":true,"href":"https:\/\/www.europesays.com\/fr\/wp-json\/wp\/v2\/media\/546694"}],"wp:attachment":[{"href":"https:\/\/www.europesays.com\/fr\/wp-json\/wp\/v2\/media?parent=546693"}],"wp:term":[{"taxonomy":"category","embeddable":true,"href":"https:\/\/www.europesays.com\/fr\/wp-json\/wp\/v2\/categories?post=546693"},{"taxonomy":"post_tag","embeddable":true,"href":"https:\/\/www.europesays.com\/fr\/wp-json\/wp\/v2\/tags?post=546693"}],"curies":[{"name":"wp","href":"https:\/\/api.w.org\/{rel}","templated":true}]}}