{"id":546695,"date":"2025-11-20T11:15:17","date_gmt":"2025-11-20T11:15:17","guid":{"rendered":"https:\/\/www.europesays.com\/fr\/546695\/"},"modified":"2025-11-20T11:15:17","modified_gmt":"2025-11-20T11:15:17","slug":"voici-comment-la-securite-est-renforcee","status":"publish","type":"post","link":"https:\/\/www.europesays.com\/fr\/546695\/","title":{"rendered":"voici comment la s\u00e9curit\u00e9 est renforc\u00e9e"},"content":{"rendered":"<p>                    Par<br \/>\n        <strong><br \/>\n            <a href=\"https:\/\/actu.fr\/auteur\/mathias-souteyrat\" title=\"Consulter tous les articles de Mathias Souteyrat\" rel=\"nofollow noopener\" target=\"_blank\">Mathias Souteyrat<\/a><br \/>\n                    <\/strong><\/p>\n<p>        Publi\u00e9 le<\/p>\n<p>            20 nov. 2025 \u00e0 11h19        <\/p>\n<p>Le traditionnel <a href=\"https:\/\/actu.fr\/auvergne-rhone-alpes\/saint-etienne_42218\/marche-de-noel-a-saint-etienne-dates-horaires-grande-roue-decouvrez-le-programme_61877918.html\" rel=\"nofollow noopener\" target=\"_blank\">march\u00e9 de No\u00ebl de Saint-\u00c9tienne<\/a> fait son grand retour ce vendredi 21 novembre jusqu\u2019au 31 d\u00e9cembre 2025.<br \/>L\u2019\u00e9dition 2024 avait \u00e9t\u00e9 endeuill\u00e9e par un dramatique fait divers. Dans l\u2019apr\u00e8s-midi du mardi 26\u00a0novembre, <a href=\"https:\/\/actu.fr\/auvergne-rhone-alpes\/saint-etienne_42218\/saint-etienne-la-police-abat-un-homme-ce-que-l-on-sait-de-l-assaillant-au-couteau_61923131.html\" rel=\"nofollow noopener\" target=\"_blank\">un policier municipal<\/a> a sorti son arme de service et tir\u00e9 \u00e0 deux reprises, neutralisant et tuant un <strong>St\u00e9phanois de 31\u00a0ans<\/strong>, tr\u00e8s connu des services judiciaires, en train d\u2019agresser une passante avec un couteau pr\u00e8s de la pr\u00e9fecture et de la place Jean-Jaur\u00e8s, en marge des festivit\u00e9s hivernales.<\/p>\n<p>Plus de policiers, dispositif de s\u00e9curit\u00e9 priv\u00e9e, militaires Sentinelle<\/p>\n<p class=\" wall-content\">Cette ann\u00e9e, le dispositif policier a \u00e9t\u00e9 renforc\u00e9. Marie-Jo P\u00e9rez, adjointe \u00e0 la s\u00e9curit\u00e9 de la ville, a d\u00e9voil\u00e9 les nouvelles mesures lors de la conf\u00e9rence de presse de pr\u00e9sentation du march\u00e9 de No\u00ebl.<\/p>\n<blockquote class=\"ac-article-quote wall-content\">\n<p>La police municipale sera pr\u00e9sente quotidiennement, de l\u2019ouverture \u00e0 la fermeture. Par rapport \u00e0 l\u2019an dernier, le nombre de policiers pr\u00e9sents sera doubl\u00e9. Les mercredis, samedis et dimanches, jours de forte affluence, les effectifs seront encore multipli\u00e9s par deux.<br \/>\nUn dispositif de s\u00e9curit\u00e9 priv\u00e9 s\u2019ajoutera aux forces de police municipale en soir\u00e9e et veillera sur les chalets pendant la nuit.<br \/>\nLes policiers de la Bac et les militaires de l\u2019op\u00e9ration Sentinelle patrouilleront aussi dans le march\u00e9.<\/p>\n<p>    <strong>Marie-Jo P\u00e9rez<\/strong><br \/>\n        Adjointe \u00e0 la s\u00e9curit\u00e9    <\/p><\/blockquote>\n<p>    <img   decoding=\"async\" loading=\"lazy\" src=\"https:\/\/www.europesays.com\/fr\/wp-content\/uploads\/2025\/11\/20241212-122922-960x640.jpg\" alt=\"La police municipale sera pr\u00e9sente quotidiennement, de l\u2019ouverture \u00e0 la fermeture.\" width=\"960\" height=\"640\"\/><br \/>\n    La police municipale sera pr\u00e9sente quotidiennement, de l\u2019ouverture \u00e0 la fermeture. (\u00a9Archives \/ Mathias Souteyrat \/ actu Saint-Etienne)60 chalets, grande roue, patinoire<\/p>\n<p class=\" wall-content\">Le march\u00e9 de No\u00ebl 2025 sera dans la continuit\u00e9 des ann\u00e9es pr\u00e9c\u00e9dentes sur les places Jeau-Jaur\u00e8s, H\u00f4tel-de-ville et Dorian.<\/p>\n<p class=\" wall-content\">Il accueille cette ann\u00e9e 60 chalets, avec\u2009:<\/p>\n<ul class=\" wall-content\">\n<li>Produits artisanaux et locaux<\/li>\n<li>D\u00e9corations lumineuses,<\/li>\n<li>Cadeaux et jouets,<\/li>\n<li>Bijoux et accessoires,<\/li>\n<li>Sp\u00e9cialit\u00e9s alsaciennes,<\/li>\n<li>savoyardes et hollandaises<\/li>\n<li>Vins chauds et soupes\u2026<\/li>\n<\/ul>\n<p>Votre r\u00e9gion, votre actu !<\/p>\n<p>Recevez chaque jour les infos qui comptent pour vous.<\/p>\n<p>\t<a href=\"https:\/\/actu.fr\/newsletter\" class=\"ac-btn ac-btn--corner ac-btn--medium ac-btn--blue800\" rel=\"nofollow noopener\" target=\"_blank\">S&rsquo;incrire<\/a><\/p>\n<p class=\" wall-content\">La grande roue, haute de ses <strong>30 m\u00e8tres<\/strong>, sera de la partie, tout comme la patinoire, les descentes de luges et le petit train.<\/p>\n<p>Gratuit, le march\u00e9 de No\u00ebl sera ouvert jusqu\u2019au 31\u00a0d\u00e9cembre inclus, de 10\u2009h\u200930 \u00e0 20\u00a0heures du dimanche au jeudi et jusqu\u2019\u00e0 21\u2009h\u200930 le vendredi et samedi.<\/p>\n<p class=\" wall-content\">Personnalisez votre actualit\u00e9 en ajoutant vos villes et m\u00e9dias en favori avec <a href=\"https:\/\/moncompte.actu.fr\" title=\"D\u00e9couvez Mon Actu\" rel=\"nofollow noopener\" data-trk=\"{&quot;cta&quot;:{&quot;action&quot;:&quot;https:\\\/\\\/moncompte.actu.fr&quot;,&quot;category&quot;:&quot;mon compte&quot;,&quot;from&quot;:&quot;article footer&quot;,&quot;name&quot;:&quot;Mon actu&quot;,&quot;type&quot;:&quot;cta&quot;}}\" target=\"_blank\">Mon Actu<\/a>.<\/p>\n","protected":false},"excerpt":{"rendered":"Par Mathias Souteyrat Publi\u00e9 le 20 nov. 2025 \u00e0 11h19 Le traditionnel march\u00e9 de No\u00ebl de Saint-\u00c9tienne fait&hellip;\n","protected":false},"author":2,"featured_media":546696,"comment_status":"","ping_status":"","sticky":false,"template":"","format":"standard","meta":{"footnotes":""},"categories":[9653],"tags":[1111,11,2430,1777,674,1011,27,2089,12,15830,1072,25,4001,104],"class_list":{"0":"post-546695","1":"post","2":"type-post","3":"status-publish","4":"format-standard","5":"has-post-thumbnail","7":"category-saint-etienne","8":"tag-actu","9":"tag-actualites","10":"tag-auvergne-rhone-alpes","11":"tag-eu","12":"tag-europe","13":"tag-fr","14":"tag-france","15":"tag-marche","16":"tag-news","17":"tag-noel","18":"tag-police","19":"tag-republique-francaise","20":"tag-saint-etienne","21":"tag-societe"},"share_on_mastodon":{"url":"https:\/\/pubeurope.com\/@fr\/115581742797234410","error":""},"_links":{"self":[{"href":"https:\/\/www.europesays.com\/fr\/wp-json\/wp\/v2\/posts\/546695","targetHints":{"allow":["GET"]}}],"collection":[{"href":"https:\/\/www.europesays.com\/fr\/wp-json\/wp\/v2\/posts"}],"about":[{"href":"https:\/\/www.europesays.com\/fr\/wp-json\/wp\/v2\/types\/post"}],"author":[{"embeddable":true,"href":"https:\/\/www.europesays.com\/fr\/wp-json\/wp\/v2\/users\/2"}],"replies":[{"embeddable":true,"href":"https:\/\/www.europesays.com\/fr\/wp-json\/wp\/v2\/comments?post=546695"}],"version-history":[{"count":0,"href":"https:\/\/www.europesays.com\/fr\/wp-json\/wp\/v2\/posts\/546695\/revisions"}],"wp:featuredmedia":[{"embeddable":true,"href":"https:\/\/www.europesays.com\/fr\/wp-json\/wp\/v2\/media\/546696"}],"wp:attachment":[{"href":"https:\/\/www.europesays.com\/fr\/wp-json\/wp\/v2\/media?parent=546695"}],"wp:term":[{"taxonomy":"category","embeddable":true,"href":"https:\/\/www.europesays.com\/fr\/wp-json\/wp\/v2\/categories?post=546695"},{"taxonomy":"post_tag","embeddable":true,"href":"https:\/\/www.europesays.com\/fr\/wp-json\/wp\/v2\/tags?post=546695"}],"curies":[{"name":"wp","href":"https:\/\/api.w.org\/{rel}","templated":true}]}}