{"id":546697,"date":"2025-11-20T11:17:20","date_gmt":"2025-11-20T11:17:20","guid":{"rendered":"https:\/\/www.europesays.com\/fr\/546697\/"},"modified":"2025-11-20T11:17:20","modified_gmt":"2025-11-20T11:17:20","slug":"le-tram-reprend-son-fonctionnement-normal-a-partir-de-ce-vendredi","status":"publish","type":"post","link":"https:\/\/www.europesays.com\/fr\/546697\/","title":{"rendered":"le tram reprend son fonctionnement normal \u00e0 partir de ce vendredi"},"content":{"rendered":"<p>Les travaux \u00e9taient annonc\u00e9s longs et complexes. Le lundi 27\u00a0octobre dernier, on apprenait qu\u2019une importante fuite d\u2019eau avait \u00e9t\u00e9 d\u00e9tect\u00e9e dans la Grand-rue, plus pr\u00e9cis\u00e9ment rue du Pr\u00e9sident-Wilson, \u00e0 hauteur des escaliers de la mairie.<\/p>\n<p><a href=\"https:\/\/www.leprogres.fr\/economie\/2025\/10\/28\/fuite-d-eau-dans-la-grand-rue-un-chantier-complexe-de-quatre-semaines\" target=\"_blank\" rel=\"nofollow noopener\">Le chantier pour r\u00e9parer la canalisation \u00e0 l\u2019origine de cette fuite d\u2019eau<\/a> n\u00e9cessitait de creuser une \u00e9norme tranch\u00e9e dans la chauss\u00e9e, et donc d\u2019interrompre totalement la circulation des trams. Ainsi, depuis le 29\u00a0octobre, plus aucun tram\u00a0ne circulait entre la place du Peuple et la Cit\u00e9 du design, perturbant le quotidien de milliers d\u2019usagers de la Stas, m\u00eame si des bus de substitution ont \u00e9t\u00e9 mis en place.<\/p>\n<p>  Pile \u00e0 temps pour l\u2019ouverture des festivit\u00e9s de No\u00ebl<\/p>\n<p>Bonne nouvelle\u00a0: le chantier est d\u00e9sormais termin\u00e9 et les trois lignes de tram vont pouvoir \u00e0 nouveau circuler normalement d\u00e8s ce vendredi 21\u00a0novembre \u00e0 4 heures, avec m\u00eame quelques jours d\u2019avance sur la date pr\u00e9vue (qui \u00e9tait le 24\u00a0novembre).<\/p>\n<p>Ce retour \u00e0 la normale tombe on ne peut mieux puisqu\u2019il co\u00efncide avec <a href=\"https:\/\/www.leprogres.fr\/culture-loisirs\/2025\/11\/13\/festivites-de-noel-encore-plus-d-animations-et-un-dispositif-de-securite-renforce-sur-le-marche\" target=\"_blank\" rel=\"nofollow noopener\">l\u2019ouverture des festivit\u00e9s de No\u00ebl sur les places de l\u2019H\u00f4tel-de-Ville et Jean-Jaur\u00e8s<\/a>.<\/p>\n<p class=\"note\">L\u2019ensemble du r\u00e9seau Stas sera gratuit les week-ends des 13 et 14 et des 20 et 21\u00a0d\u00e9cembre.<\/p>\n","protected":false},"excerpt":{"rendered":"Les travaux \u00e9taient annonc\u00e9s longs et complexes. Le lundi 27\u00a0octobre dernier, on apprenait qu\u2019une importante fuite d\u2019eau avait&hellip;\n","protected":false},"author":2,"featured_media":546698,"comment_status":"","ping_status":"","sticky":false,"template":"","format":"standard","meta":{"footnotes":""},"categories":[9653],"tags":[1111,11,2430,7539,1777,674,1011,27,3367,12,25,4001,7538,2803],"class_list":{"0":"post-546697","1":"post","2":"type-post","3":"status-publish","4":"format-standard","5":"has-post-thumbnail","7":"category-saint-etienne","8":"tag-actu","9":"tag-actualites","10":"tag-auvergne-rhone-alpes","11":"tag-edition-loire-sud","12":"tag-eu","13":"tag-europe","14":"tag-fr","15":"tag-france","16":"tag-loire","17":"tag-news","18":"tag-republique-francaise","19":"tag-saint-etienne","20":"tag-saint-etienne-ville","21":"tag-transport"},"share_on_mastodon":{"url":"https:\/\/pubeurope.com\/@fr\/115581750262494072","error":""},"_links":{"self":[{"href":"https:\/\/www.europesays.com\/fr\/wp-json\/wp\/v2\/posts\/546697","targetHints":{"allow":["GET"]}}],"collection":[{"href":"https:\/\/www.europesays.com\/fr\/wp-json\/wp\/v2\/posts"}],"about":[{"href":"https:\/\/www.europesays.com\/fr\/wp-json\/wp\/v2\/types\/post"}],"author":[{"embeddable":true,"href":"https:\/\/www.europesays.com\/fr\/wp-json\/wp\/v2\/users\/2"}],"replies":[{"embeddable":true,"href":"https:\/\/www.europesays.com\/fr\/wp-json\/wp\/v2\/comments?post=546697"}],"version-history":[{"count":0,"href":"https:\/\/www.europesays.com\/fr\/wp-json\/wp\/v2\/posts\/546697\/revisions"}],"wp:featuredmedia":[{"embeddable":true,"href":"https:\/\/www.europesays.com\/fr\/wp-json\/wp\/v2\/media\/546698"}],"wp:attachment":[{"href":"https:\/\/www.europesays.com\/fr\/wp-json\/wp\/v2\/media?parent=546697"}],"wp:term":[{"taxonomy":"category","embeddable":true,"href":"https:\/\/www.europesays.com\/fr\/wp-json\/wp\/v2\/categories?post=546697"},{"taxonomy":"post_tag","embeddable":true,"href":"https:\/\/www.europesays.com\/fr\/wp-json\/wp\/v2\/tags?post=546697"}],"curies":[{"name":"wp","href":"https:\/\/api.w.org\/{rel}","templated":true}]}}