{"id":546708,"date":"2025-11-20T11:25:27","date_gmt":"2025-11-20T11:25:27","guid":{"rendered":"https:\/\/www.europesays.com\/fr\/546708\/"},"modified":"2025-11-20T11:25:27","modified_gmt":"2025-11-20T11:25:27","slug":"quatre-nouvelles-fermetures-administratives-a-montpellier","status":"publish","type":"post","link":"https:\/\/www.europesays.com\/fr\/546708\/","title":{"rendered":"quatre nouvelles fermetures administratives \u00e0 Montpellier"},"content":{"rendered":"<p>\nLe pr\u00e9fet de l&rsquo;H\u00e9rault a d\u00e9cid\u00e9 de quatre nouvelles fermetures administratives, sanctions destin\u00e9es \u00e0 lutter contre le travail dissimul\u00e9.<\/p>\n<p>\n\u00a9 Pr\u00e9fet de l\u2019H\u00e9rault \/ Fermeture administrative \u2013 Photo d\u2019illustration.<\/p>\n<p><a data-no-instant=\"1\" href=\"https:\/\/nimes-metropole-entreprises.fr\/le-territoire-de-nimes-metropole\/un-reseau-economique-et-collaboratif\/digiweek-de-nimes-metropole\/\" rel=\"noopener\" class=\"a2t-link\" aria-label=\"461-image\" target=\"_blank\"><img decoding=\"async\" loading=\"lazy\" src=\"https:\/\/www.europesays.com\/fr\/wp-content\/uploads\/2025\/11\/461-image.jpeg\" alt=\"\"   width=\"1220\" height=\"260\"\/><\/a><\/p>\n<p>Dans le cadre des contr\u00f4les destin\u00e9s \u00e0 la<strong> lutte contre le travail ill\u00e9gal<\/strong>, le <strong>pr\u00e9fet de l\u2019H\u00e9rault<\/strong>, Fran\u00e7ois-Xavier Lauch, a d\u00e9cid\u00e9 de <strong>quatre nouvelles fermetures administratives<\/strong> \u00e0 <a href=\"https:\/\/infoccitanie.fr\/tag\/montpellier-metropole\/\" target=\"_blank\" rel=\"noopener\">Montpellier<\/a> apr\u00e8s la constatation de l\u2019emploi de personnes \u00e9trang\u00e8res en situation irr\u00e9guli\u00e8re.<\/p>\n<p>Des fermetures allant de quinze jours \u00e0 trois mois<\/p>\n<ul class=\"wp-block-list\">\n<li>L\u2019\u00e9tablissement <strong>L\u2019Hortus<\/strong>, situ\u00e9 57 avenue de Louisville, est ferm\u00e9 pour trois mois.<\/li>\n<li>La <strong>boucherie de Louisville<\/strong>, situ\u00e9e 450 avenue de Barcelone, est ferm\u00e9e pour un mois.<\/li>\n<li>L\u2019\u00e9tablissement <strong>Tha\u00ef to box<\/strong>, situ\u00e9 13 rue de Verdun, est ferm\u00e9 pour un mois.<\/li>\n<li>L\u2019\u00e9tablissement <strong>Food Factory<\/strong>, situ\u00e9 138 avenue de Lod\u00e8ve, est ferm\u00e9 pour quinze jours.<\/li>\n<\/ul>\n","protected":false},"excerpt":{"rendered":"Le pr\u00e9fet de l&rsquo;H\u00e9rault a d\u00e9cid\u00e9 de quatre nouvelles fermetures administratives, sanctions destin\u00e9es \u00e0 lutter contre le travail&hellip;\n","protected":false},"author":2,"featured_media":502156,"comment_status":"","ping_status":"","sticky":false,"template":"","format":"standard","meta":{"footnotes":""},"categories":[9599],"tags":[1111,11,1777,674,13624,1011,27,2208,12,2680,25],"class_list":{"0":"post-546708","1":"post","2":"type-post","3":"status-publish","4":"format-standard","5":"has-post-thumbnail","7":"category-montpellier","8":"tag-actu","9":"tag-actualites","10":"tag-eu","11":"tag-europe","12":"tag-fermeture-administrative","13":"tag-fr","14":"tag-france","15":"tag-montpellier","16":"tag-news","17":"tag-occitanie","18":"tag-republique-francaise"},"share_on_mastodon":{"url":"https:\/\/pubeurope.com\/@fr\/115581782322441760","error":""},"_links":{"self":[{"href":"https:\/\/www.europesays.com\/fr\/wp-json\/wp\/v2\/posts\/546708","targetHints":{"allow":["GET"]}}],"collection":[{"href":"https:\/\/www.europesays.com\/fr\/wp-json\/wp\/v2\/posts"}],"about":[{"href":"https:\/\/www.europesays.com\/fr\/wp-json\/wp\/v2\/types\/post"}],"author":[{"embeddable":true,"href":"https:\/\/www.europesays.com\/fr\/wp-json\/wp\/v2\/users\/2"}],"replies":[{"embeddable":true,"href":"https:\/\/www.europesays.com\/fr\/wp-json\/wp\/v2\/comments?post=546708"}],"version-history":[{"count":0,"href":"https:\/\/www.europesays.com\/fr\/wp-json\/wp\/v2\/posts\/546708\/revisions"}],"wp:featuredmedia":[{"embeddable":true,"href":"https:\/\/www.europesays.com\/fr\/wp-json\/wp\/v2\/media\/502156"}],"wp:attachment":[{"href":"https:\/\/www.europesays.com\/fr\/wp-json\/wp\/v2\/media?parent=546708"}],"wp:term":[{"taxonomy":"category","embeddable":true,"href":"https:\/\/www.europesays.com\/fr\/wp-json\/wp\/v2\/categories?post=546708"},{"taxonomy":"post_tag","embeddable":true,"href":"https:\/\/www.europesays.com\/fr\/wp-json\/wp\/v2\/tags?post=546708"}],"curies":[{"name":"wp","href":"https:\/\/api.w.org\/{rel}","templated":true}]}}