{"id":546709,"date":"2025-11-20T11:26:12","date_gmt":"2025-11-20T11:26:12","guid":{"rendered":"https:\/\/www.europesays.com\/fr\/546709\/"},"modified":"2025-11-20T11:26:12","modified_gmt":"2025-11-20T11:26:12","slug":"saint-lo-une-boutique-de-retrogaming-avec-des-bornes-darcade-a-ouvert-ses-portes-dans-le-centre-ville","status":"publish","type":"post","link":"https:\/\/www.europesays.com\/fr\/546709\/","title":{"rendered":"Saint-L\u00f4. Une boutique de retrogaming avec des bornes d&rsquo;arcade a ouvert ses portes dans le centre-ville"},"content":{"rendered":"<p melodystyle=\"texte\">Une nouvelle boutique atypique vient d&rsquo;ouvrir dans le centre de Saint-L\u00f4. Derri\u00e8re la vitrine, les lumi\u00e8res vives de plusieurs bornes d&rsquo;arcade attirent les regards. Tout un univers de retrogaming\u00a0!<\/p>\n<p>Un univers de nostalgie<\/p>\n<p melodystyle=\"texte\">A\u00a0la t\u00eate du magasin, J\u00e9r\u00f4me Lecordier, 48 ans, originaire de Bayeux, qui a ainsi transform\u00e9 sa passion en activit\u00e9 commerciale \u00e0 part enti\u00e8re. Un univers pour les nostalgiques de ces bornes de jeux.<\/p>\n<p>J\u00e9r\u00f4me LecordierImpossible de lire le son.<\/p>\n<p melodystyle=\"texte\">Vous pouvez retrouver J\u00e9r\u00f4me Lecordier dans son univers de bornes d&rsquo;arcade, 35 rue Torteron \u00e0 Saint-L\u00f4\u00a0o\u00f9 il voit d\u00e9j\u00e0 d\u00e9filer pas mal de nostalgiques de ces jeux.<\/p>\n","protected":false},"excerpt":{"rendered":"Une nouvelle boutique atypique vient d&rsquo;ouvrir dans le centre de Saint-L\u00f4. Derri\u00e8re la vitrine, les lumi\u00e8res vives de&hellip;\n","protected":false},"author":2,"featured_media":546710,"comment_status":"","ping_status":"","sticky":false,"template":"","format":"standard","meta":{"footnotes":""},"categories":[9587],"tags":[1111,11,1777,674,1011,27,12,5161,25,9590],"class_list":{"0":"post-546709","1":"post","2":"type-post","3":"status-publish","4":"format-standard","5":"has-post-thumbnail","7":"category-rouen","8":"tag-actu","9":"tag-actualites","10":"tag-eu","11":"tag-europe","12":"tag-fr","13":"tag-france","14":"tag-news","15":"tag-normandie","16":"tag-republique-francaise","17":"tag-rouen"},"share_on_mastodon":{"url":"https:\/\/pubeurope.com\/@fr\/115581785556818349","error":""},"_links":{"self":[{"href":"https:\/\/www.europesays.com\/fr\/wp-json\/wp\/v2\/posts\/546709","targetHints":{"allow":["GET"]}}],"collection":[{"href":"https:\/\/www.europesays.com\/fr\/wp-json\/wp\/v2\/posts"}],"about":[{"href":"https:\/\/www.europesays.com\/fr\/wp-json\/wp\/v2\/types\/post"}],"author":[{"embeddable":true,"href":"https:\/\/www.europesays.com\/fr\/wp-json\/wp\/v2\/users\/2"}],"replies":[{"embeddable":true,"href":"https:\/\/www.europesays.com\/fr\/wp-json\/wp\/v2\/comments?post=546709"}],"version-history":[{"count":0,"href":"https:\/\/www.europesays.com\/fr\/wp-json\/wp\/v2\/posts\/546709\/revisions"}],"wp:featuredmedia":[{"embeddable":true,"href":"https:\/\/www.europesays.com\/fr\/wp-json\/wp\/v2\/media\/546710"}],"wp:attachment":[{"href":"https:\/\/www.europesays.com\/fr\/wp-json\/wp\/v2\/media?parent=546709"}],"wp:term":[{"taxonomy":"category","embeddable":true,"href":"https:\/\/www.europesays.com\/fr\/wp-json\/wp\/v2\/categories?post=546709"},{"taxonomy":"post_tag","embeddable":true,"href":"https:\/\/www.europesays.com\/fr\/wp-json\/wp\/v2\/tags?post=546709"}],"curies":[{"name":"wp","href":"https:\/\/api.w.org\/{rel}","templated":true}]}}