{"id":546711,"date":"2025-11-20T11:27:16","date_gmt":"2025-11-20T11:27:16","guid":{"rendered":"https:\/\/www.europesays.com\/fr\/546711\/"},"modified":"2025-11-20T11:27:16","modified_gmt":"2025-11-20T11:27:16","slug":"rouen-avec-spot-les-tiers-lieux-mettent-un-coup-de-projecteur-sur-leurs-activites","status":"publish","type":"post","link":"https:\/\/www.europesays.com\/fr\/546711\/","title":{"rendered":"Rouen. Avec Spot, les tiers-lieux mettent un coup de projecteur sur leurs activit\u00e9s"},"content":{"rendered":"<p melodystyle=\"texte\">C&rsquo;est un moyen de se montrer, de se faire conna\u00eetre. Les tiers-lieux de Rouen se sont associ\u00e9s pour cr\u00e9er la Semaine portes ouvertes des tiers-lieux (Spot) jusqu&rsquo;au 23\u00a0novembre. Un moment pour communiquer ensemble et faire conna\u00eetre leurs diff\u00e9rentes activit\u00e9s citoyennes dans le cadre du mois de l&rsquo;\u00e9conomie sociale et solidaire. Parmi ses tiers-lieux figurent notamment <a href=\"https:\/\/www.tendanceouest.com\/actualite-428048-rouen-quartier-libre-lance-sa-saison-d-ete-avec-electro-brunchs-et-soirees-festives\" target=\"_blank\" rel=\"nofollow noopener\">le Quartier libre<\/a>, <a href=\"https:\/\/www.tendanceouest.com\/actualite-418722-rouen-l-enquete-sur-l-incendie-de-la-base-classee-sans-suite-on-se-sent-bien-impuissants\" target=\"_blank\" rel=\"nofollow noopener\">la Base<\/a>, la Maison bleue, le Kal\u00e9idoscope, Guidoline, l&rsquo;Artisanerie ou les Tatas Frip\u00e9es.\u00a0<\/p>\n<p>Portes ouvertes et ateliers jusqu&rsquo;\u00e0 dimanche<\/p>\n<p melodystyle=\"texte\">Tous officient dans des domaines tr\u00e8s vari\u00e9s, du coworking \u00e0 l&rsquo;artisanat en passant par les activit\u00e9s culturelles ou militantes. \u00ab\u00a0Pour moi, ce qui est important dans un tiers-lieu, c&rsquo;est de soutenir l&rsquo;initiative citoyenne, quel que soit le domaine, indique Ana\u00efs Lafontaine, cr\u00e9atrice de l&rsquo;Artisanerie, et \u00e0 l&rsquo;origine de Spot. C&rsquo;est vraiment l&rsquo;id\u00e9e de cr\u00e9er du lien social et de faire ensemble.\u00a0\u00bb Leur point commun\u00a0: mettre en marche l&rsquo;intelligence collective pour faire aboutir les projets.\u00a0<\/p>\n<blockquote class=\"instagram-media\" data-instgrm-captioned=\"\" data-instgrm-permalink=\"https:\/\/www.instagram.com\/reel\/DRIM4fclrww\/?utm_source=ig_embed&amp;utm_campaign=loading\" data-instgrm-version=\"14\" style=\"background: #FFF; border: 0; border-radius: 3px; box-shadow: 0 0 1px 0 rgba(0,0,0,0.5),0 1px 10px 0 rgba(0,0,0,0.15); margin: 1px; max-width: 540px; min-width: 326px; padding: 0; width: calc(100% - 2px);\"><p>&#13;<br \/>\n&#13;\n<\/p><\/blockquote>\n<p melodystyle=\"texte\">\u00ab\u00a0L&rsquo;id\u00e9e \u00e9tait aussi que les tiers-lieux puissent s&rsquo;identifier comme partenaires pour partager leurs probl\u00e8mes et voir les opportunit\u00e9s pour travailler ensemble\u00a0\u00bb, ajoute Ana\u00efs Lafontaine.\u00a0<\/p>\n<p melodystyle=\"texte\">La plupart des tiers-lieux proposent des visites libres jusqu&rsquo;\u00e0 samedi ou dimanche. Des participations gratuites \u00e0 des ateliers sont aussi possibles. Tout le programme est \u00e0 retrouver <a href=\"https:\/\/spot-rouen.fr\/agenda\" target=\"_blank\" rel=\"nofollow noopener\">sur le site de Spot.<\/a>\u00a0<\/p>\n<p> \t\t\t\t\t\t<script async src=\"\/\/www.instagram.com\/embed.js\"><\/script><\/p>\n","protected":false},"excerpt":{"rendered":"C&rsquo;est un moyen de se montrer, de se faire conna\u00eetre. Les tiers-lieux de Rouen se sont associ\u00e9s pour&hellip;\n","protected":false},"author":2,"featured_media":546712,"comment_status":"","ping_status":"","sticky":false,"template":"","format":"standard","meta":{"footnotes":""},"categories":[9587],"tags":[1111,11,1777,674,1011,27,12,5161,25,9590],"class_list":{"0":"post-546711","1":"post","2":"type-post","3":"status-publish","4":"format-standard","5":"has-post-thumbnail","7":"category-rouen","8":"tag-actu","9":"tag-actualites","10":"tag-eu","11":"tag-europe","12":"tag-fr","13":"tag-france","14":"tag-news","15":"tag-normandie","16":"tag-republique-francaise","17":"tag-rouen"},"share_on_mastodon":{"url":"https:\/\/pubeurope.com\/@fr\/115581789432461864","error":""},"_links":{"self":[{"href":"https:\/\/www.europesays.com\/fr\/wp-json\/wp\/v2\/posts\/546711","targetHints":{"allow":["GET"]}}],"collection":[{"href":"https:\/\/www.europesays.com\/fr\/wp-json\/wp\/v2\/posts"}],"about":[{"href":"https:\/\/www.europesays.com\/fr\/wp-json\/wp\/v2\/types\/post"}],"author":[{"embeddable":true,"href":"https:\/\/www.europesays.com\/fr\/wp-json\/wp\/v2\/users\/2"}],"replies":[{"embeddable":true,"href":"https:\/\/www.europesays.com\/fr\/wp-json\/wp\/v2\/comments?post=546711"}],"version-history":[{"count":0,"href":"https:\/\/www.europesays.com\/fr\/wp-json\/wp\/v2\/posts\/546711\/revisions"}],"wp:featuredmedia":[{"embeddable":true,"href":"https:\/\/www.europesays.com\/fr\/wp-json\/wp\/v2\/media\/546712"}],"wp:attachment":[{"href":"https:\/\/www.europesays.com\/fr\/wp-json\/wp\/v2\/media?parent=546711"}],"wp:term":[{"taxonomy":"category","embeddable":true,"href":"https:\/\/www.europesays.com\/fr\/wp-json\/wp\/v2\/categories?post=546711"},{"taxonomy":"post_tag","embeddable":true,"href":"https:\/\/www.europesays.com\/fr\/wp-json\/wp\/v2\/tags?post=546711"}],"curies":[{"name":"wp","href":"https:\/\/api.w.org\/{rel}","templated":true}]}}