{"id":546715,"date":"2025-11-20T11:29:15","date_gmt":"2025-11-20T11:29:15","guid":{"rendered":"https:\/\/www.europesays.com\/fr\/546715\/"},"modified":"2025-11-20T11:29:15","modified_gmt":"2025-11-20T11:29:15","slug":"grenoble-on-en-sait-plus-sur-le-projet-des-habitants-de-ce-quartier-pour-attirer-les-medecins","status":"publish","type":"post","link":"https:\/\/www.europesays.com\/fr\/546715\/","title":{"rendered":"Grenoble. On en sait plus sur le projet des habitants de ce quartier pour attirer les m\u00e9decins"},"content":{"rendered":"<p>                    Par<br \/>\n        <strong><br \/>\n            <a href=\"https:\/\/actu.fr\/auteur\/lisa-rodrigues\" title=\"Consulter tous les articles de Lisa Rodrigues\" target=\"_blank\" rel=\"noopener\">Lisa Rodrigues<\/a><br \/>\n                    <\/strong><\/p>\n<p>        Publi\u00e9 le<\/p>\n<p>            20 nov. 2025 \u00e0 11h25        <\/p>\n<p>Le projet avance doucement. Des habitants du quartier Berriat \u00e0 <a href=\"https:\/\/actu.fr\/auvergne-rhone-alpes\/grenoble_38185\" target=\"_blank\" rel=\"noopener\">Grenoble<\/a> se mobilisent depuis d\u00e9but 2024 pour <a href=\"https:\/\/actu.fr\/auvergne-rhone-alpes\/grenoble_38185\/grenoble-les-habitants-de-ce-quartier-se-mobilisent-pour-creer-un-centre-de-sante_62270395.html\" target=\"_blank\" rel=\"noopener\">ouvrir un \u00ab\u00a0centre de sant\u00e9 communautaire\u00a0\u00bb<\/a>, en lien avec le projet de la mairie d\u2019ouvrir un \u00e9quipement de ce type dans la ville.<br \/>Une p\u00e9tition a m\u00eame \u00e9t\u00e9 lanc\u00e9e dans le quartier, recueillant plus de <strong>1 300 signatures<\/strong> selon l\u2019association sp\u00e9cialement cr\u00e9\u00e9e pour d\u00e9fendre le dossier. Cette derni\u00e8re vient de d\u00e9voiler les grands contours du projet. Chiffrage, lieu d\u2019implantation, gestionnaire de la structure : les habitants le crient haut et fort, il ne manque qu\u2019un feu vert de la Ville pour se lancer.<\/p>\n<p>\u00ab\u00a0Des enfants n\u2019ont actuellement pas de suivi r\u00e9gulier\u00a0\u00bb<\/p>\n<p class=\" wall-content\">Si le mouvement pour le centre de sant\u00e9 \u00e0 Berriat est parti de l\u2019Union de quartier, depuis le mois de mars 2025, une association ind\u00e9pendante suit de tr\u00e8s pr\u00e8s le dossier. Ce sont les membres de cette m\u00eame association qui sont all\u00e9s \u00e0 la rencontre des professionnels de sant\u00e9 du secteur et des associations du quartier pour pr\u00e9senter leur projet.<\/p>\n<p class=\" wall-content\">Leur constat est simple : <strong>leur quartier est en manque de m\u00e9decins<\/strong>. \u00ab\u00a0Des enfants sur le quartier n\u2019ont actuellement pas de m\u00e9decins traitants et n\u2019ont donc pas un suivi r\u00e9gulier\u00a0\u00bb, d\u00e9plore l\u2019association. Les quelques habitants ayant ce suivi sont oblig\u00e9s d\u2019aller \u00ab\u00a0dans un autre quartier et parfois dans une autre ville\u00a0\u00bb pour se soigner.<\/p>\n<p class=\" wall-content\">Le centre de sant\u00e9 permettrait ainsi de dispenser \u00ab\u00a0essentiellement des soins de premiers recours\u00a0\u00bb et de proximit\u00e9 aux habitants. De plus, les m\u00e9decins sont \u00ab\u00a0<a href=\"https:\/\/actu.fr\/auvergne-rhone-alpes\/la-tour-du-pin_38509\/isere-cette-commune-galere-pour-trouver-des-medecins-elle-revele-son-ultime-recours_62402964.html\" target=\"_blank\" rel=\"noopener\">salari\u00e9s de la structure<\/a> qui g\u00e8re le centre\u00a0\u00bb, un statut qui attire aujourd\u2019hui une partie de la profession ne souhaitant pas supporter les inconv\u00e9nients d\u2019une pratique en lib\u00e9ral.<\/p>\n<p>Un centre qui serait au c\u0153ur du quartier<\/p>\n<p class=\" wall-content\">Les habitants proposent d\u2019ores et d\u00e9j\u00e0 un lieu pouvant h\u00e9berger ce centre de sant\u00e9 : <strong>l\u2019Espace Saint-Bruno<\/strong>, sur la place du m\u00eame nom, qui accueille aujourd\u2019hui des r\u00e9unions d\u2019associations, ateliers et activit\u00e9s de loisirs.<\/p>\n<p>    <img   decoding=\"async\" loading=\"lazy\" src=\"https:\/\/www.europesays.com\/fr\/wp-content\/uploads\/2025\/11\/espace-saint-bruno-960x634.png\" alt=\"D'apr\u00e8s l'association d'habitants d\u00e9fendant le projet de centre de sant\u00e9 dans le quartier Berriat, un accord a \u00e9t\u00e9 trouv\u00e9 pour que la structure s'installe \u00e0 l'Espace Saint-Bruno. \" width=\"960\" height=\"634\"\/><br \/>\n    D\u2019apr\u00e8s l\u2019association d\u2019habitants d\u00e9fendant le projet de centre de sant\u00e9 dans le quartier Berriat, un accord a \u00e9t\u00e9 trouv\u00e9 pour que la structure s\u2019installe \u00e0 l\u2019Espace Saint-Bruno. (\u00a9Capture Google Street View)<\/p>\n<p>Votre r\u00e9gion, votre actu !<\/p>\n<p>Recevez chaque jour les infos qui comptent pour vous.<\/p>\n<p>\t<a href=\"https:\/\/actu.fr\/newsletter\" class=\"ac-btn ac-btn--corner ac-btn--medium ac-btn--blue800\" target=\"_blank\" rel=\"noopener\">S&rsquo;incrire<\/a><\/p>\n<p class=\" wall-content\">Le lieu est actuellement propri\u00e9t\u00e9 du dioc\u00e8se et de la paroisse, mais \u00ab\u00a0un <strong>accord de principe pour l\u2019acquisition<\/strong> de l\u2019Espace Saint-Bruno\u00a0\u00bb a \u00e9t\u00e9 d\u00e9fini sur 15 ans, assure l\u2019association, sans pr\u00e9cision sur le montant de cet achat.<\/p>\n<p class=\" wall-content\">Le b\u00e2timent a plusieurs avantages, notamment sa \u00ab\u00a0une position centrale\u00a0\u00bb \u00e0 proximit\u00e9 des transports en commun et son large espace disponible, avec plus de 250 m\u00b2 utilisables au rez-de-chauss\u00e9e et 146 m\u00b2 \u00e0 am\u00e9nager \u00e0 l\u2019\u00e9tage, selon les plans avanc\u00e9s.<\/p>\n<p>Un \u00ab\u00a0alli\u00e9\u00a0\u00bb local pour g\u00e9rer le centre<\/p>\n<p class=\" wall-content\">Concernant la gestion du centre de sant\u00e9, celle-ci ne serait pas assur\u00e9e par l\u2019association, mais par un tiers.<\/p>\n<p class=\" wall-content\">L\u2019association s\u2019est donc mise \u00e0 la recherche d\u2019un acteur \u00ab\u00a0\u00e0 but non lucratif\u00a0\u00bb et qui \u00ab\u00a0s\u2019inscrit dans l\u2019\u00e9conomie sociale et solidaire\u00a0\u00bb. \u00ab\u00a0Cette recherche a permis la rencontre d\u2019un \u2018alli\u00e9\u2019, <strong>une structure ancienne et exp\u00e9riment\u00e9e du bassin grenoblois<\/strong>\u00ab\u00a0, annonce l\u2019association.<\/p>\n<p class=\" wall-content\">Des \u00ab\u00a0\u00e9changes\u00a0\u00bb sont en cours et sont en bonne voie. \u00ab\u00a0Une gouvernance sera \u00e0 d\u00e9finir afin d\u2019associer tous les acteurs du projet.\u00a0\u00bb<\/p>\n<p>Une aide de la Ville esp\u00e9r\u00e9e<\/p>\n<p class=\" wall-content\">C\u00f4t\u00e9 finances, les habitants ont chiffr\u00e9 leur projet \u00e0 <strong>un peu moins d\u20191 million d\u2019euros TTC<\/strong> : une premi\u00e8re phase de travaux est estim\u00e9e \u00e0 621 000 \u20ac et une seconde \u00e0 378 000 \u20ac.<\/p>\n<p class=\" wall-content\">Une facture qui pourrait s\u2019all\u00e9ger avec les 600 000 \u20ac d\u00e9j\u00e0 budg\u00e9t\u00e9s par la mairie de Grenoble pour aider \u00e0 la cr\u00e9ation d\u2019un nouveau centre de sant\u00e9.<\/p>\n<blockquote class=\"ac-article-quote wall-content\">\n<p>La pr\u00e9vision budg\u00e9taire d\u00e9cid\u00e9e par la municipalit\u00e9 couvre la quasi-totalit\u00e9 de la premi\u00e8re phase de travaux. Les ressources compl\u00e9mentaires seront sollicit\u00e9es aupr\u00e8s de diff\u00e9rentes collectivit\u00e9s ou organismes soutenant la cr\u00e9ation de centres de sant\u00e9.<\/p>\n<p>    <strong>Association Centre de sant\u00e9 Saint-Bruno<\/strong>\n            <\/p><\/blockquote>\n<p class=\" wall-content\">Une rencontre est ainsi demand\u00e9e par l\u2019association avec la mairie pour pr\u00e9senter plus en d\u00e9tail leur projet.<\/p>\n<p class=\" wall-content\">Personnalisez votre actualit\u00e9 en ajoutant vos villes et m\u00e9dias en favori avec <a href=\"https:\/\/moncompte.actu.fr\" title=\"D\u00e9couvez Mon Actu\" rel=\"nofollow noopener\" data-trk=\"{&quot;cta&quot;:{&quot;action&quot;:&quot;https:\\\/\\\/moncompte.actu.fr&quot;,&quot;category&quot;:&quot;mon compte&quot;,&quot;from&quot;:&quot;article footer&quot;,&quot;name&quot;:&quot;Mon actu&quot;,&quot;type&quot;:&quot;cta&quot;}}\" target=\"_blank\">Mon Actu<\/a>.<\/p>\n","protected":false},"excerpt":{"rendered":"Par Lisa Rodrigues Publi\u00e9 le 20 nov. 2025 \u00e0 11h25 Le projet avance doucement. Des habitants du quartier&hellip;\n","protected":false},"author":2,"featured_media":546716,"comment_status":"","ping_status":"","sticky":false,"template":"","format":"standard","meta":{"footnotes":""},"categories":[9566],"tags":[1111,11,2430,1777,674,1011,27,2731,2673,12,25,71,104],"class_list":{"0":"post-546715","1":"post","2":"type-post","3":"status-publish","4":"format-standard","5":"has-post-thumbnail","7":"category-grenoble","8":"tag-actu","9":"tag-actualites","10":"tag-auvergne-rhone-alpes","11":"tag-eu","12":"tag-europe","13":"tag-fr","14":"tag-france","15":"tag-grenoble","16":"tag-medecins","17":"tag-news","18":"tag-republique-francaise","19":"tag-sante","20":"tag-societe"},"share_on_mastodon":{"url":"https:\/\/pubeurope.com\/@fr\/115581799976449049","error":""},"_links":{"self":[{"href":"https:\/\/www.europesays.com\/fr\/wp-json\/wp\/v2\/posts\/546715","targetHints":{"allow":["GET"]}}],"collection":[{"href":"https:\/\/www.europesays.com\/fr\/wp-json\/wp\/v2\/posts"}],"about":[{"href":"https:\/\/www.europesays.com\/fr\/wp-json\/wp\/v2\/types\/post"}],"author":[{"embeddable":true,"href":"https:\/\/www.europesays.com\/fr\/wp-json\/wp\/v2\/users\/2"}],"replies":[{"embeddable":true,"href":"https:\/\/www.europesays.com\/fr\/wp-json\/wp\/v2\/comments?post=546715"}],"version-history":[{"count":0,"href":"https:\/\/www.europesays.com\/fr\/wp-json\/wp\/v2\/posts\/546715\/revisions"}],"wp:featuredmedia":[{"embeddable":true,"href":"https:\/\/www.europesays.com\/fr\/wp-json\/wp\/v2\/media\/546716"}],"wp:attachment":[{"href":"https:\/\/www.europesays.com\/fr\/wp-json\/wp\/v2\/media?parent=546715"}],"wp:term":[{"taxonomy":"category","embeddable":true,"href":"https:\/\/www.europesays.com\/fr\/wp-json\/wp\/v2\/categories?post=546715"},{"taxonomy":"post_tag","embeddable":true,"href":"https:\/\/www.europesays.com\/fr\/wp-json\/wp\/v2\/tags?post=546715"}],"curies":[{"name":"wp","href":"https:\/\/api.w.org\/{rel}","templated":true}]}}