{"id":546721,"date":"2025-11-20T11:33:12","date_gmt":"2025-11-20T11:33:12","guid":{"rendered":"https:\/\/www.europesays.com\/fr\/546721\/"},"modified":"2025-11-20T11:33:12","modified_gmt":"2025-11-20T11:33:12","slug":"lescalade-de-violence-dun-jeune-majeur","status":"publish","type":"post","link":"https:\/\/www.europesays.com\/fr\/546721\/","title":{"rendered":"l\u2019escalade de violence d\u2019un jeune majeur"},"content":{"rendered":"<p>Depuis juillet\u00a02025, ce jeune de 19 ans \u2013 inconnu de la justice \u2013 semble plonger dans la violence. Avec pour point d\u2019orgue <a href=\"https:\/\/www.dna.fr\/faits-divers-justice\/2025\/11\/15\/un-chauffeur-de-bus-violemment-agresse-la-police-enquete\" target=\"_blank\" rel=\"nofollow noopener\">l\u2019agression d\u2019un chauffeur de bus le 14\u00a0novembre \u00e0 l\u2019arr\u00eat Carpe-Haute<\/a> dans le quartier de la Robertsau \u00e0 Strasbourg.<\/p>\n<p>Ce soir-l\u00e0, peu avant 19\u00a0h, il s\u2019en prend avec rage au conducteur de la CTS qui lui demande de quitter son v\u00e9hicule, en raison de son \u00e9tat d\u2018\u00e9bri\u00e9t\u00e9. La victime tentait de raisonner le jeune homme, en l\u2019accompagnant hors du bus, lorsqu\u2019elle est frapp\u00e9e \u00e0 deux reprises au cr\u00e2ne \u00e0 l\u2019aide d\u2019une bouteille, qui se brise. Sonn\u00e9 et au sol, le chauffeur est ensuite rou\u00e9 de coups. \u00ab\u00a0Il a eu une vingtaine de coups de pied au visage\u00a0\u00bb, d\u00e9peint un t\u00e9moin. \u00ab\u00a0Coups de poing, de t\u00eate, de genou et plus de trois coups de pied au visage\u00a0\u00bb, relate un second. Alors&#8230;<\/p>\n","protected":false},"excerpt":{"rendered":"Depuis juillet\u00a02025, ce jeune de 19 ans \u2013 inconnu de la justice \u2013 semble plonger dans la violence.&hellip;\n","protected":false},"author":2,"featured_media":546722,"comment_status":"","ping_status":"","sticky":false,"template":"","format":"standard","meta":{"footnotes":""},"categories":[2820],"tags":[1111,11,2880,1777,674,274,107,1011,27,775,12,25,640,2879],"class_list":{"0":"post-546721","1":"post","2":"type-post","3":"status-publish","4":"format-standard","5":"has-post-thumbnail","7":"category-strasbourg","8":"tag-actu","9":"tag-actualites","10":"tag-edition-strasbourg","11":"tag-eu","12":"tag-europe","13":"tag-faits-divers-justice","14":"tag-fil-info","15":"tag-fr","16":"tag-france","17":"tag-grand-est","18":"tag-news","19":"tag-republique-francaise","20":"tag-strasbourg","21":"tag-strasbourg-ville"},"share_on_mastodon":{"url":"https:\/\/pubeurope.com\/@fr\/115581813102223171","error":""},"_links":{"self":[{"href":"https:\/\/www.europesays.com\/fr\/wp-json\/wp\/v2\/posts\/546721","targetHints":{"allow":["GET"]}}],"collection":[{"href":"https:\/\/www.europesays.com\/fr\/wp-json\/wp\/v2\/posts"}],"about":[{"href":"https:\/\/www.europesays.com\/fr\/wp-json\/wp\/v2\/types\/post"}],"author":[{"embeddable":true,"href":"https:\/\/www.europesays.com\/fr\/wp-json\/wp\/v2\/users\/2"}],"replies":[{"embeddable":true,"href":"https:\/\/www.europesays.com\/fr\/wp-json\/wp\/v2\/comments?post=546721"}],"version-history":[{"count":0,"href":"https:\/\/www.europesays.com\/fr\/wp-json\/wp\/v2\/posts\/546721\/revisions"}],"wp:featuredmedia":[{"embeddable":true,"href":"https:\/\/www.europesays.com\/fr\/wp-json\/wp\/v2\/media\/546722"}],"wp:attachment":[{"href":"https:\/\/www.europesays.com\/fr\/wp-json\/wp\/v2\/media?parent=546721"}],"wp:term":[{"taxonomy":"category","embeddable":true,"href":"https:\/\/www.europesays.com\/fr\/wp-json\/wp\/v2\/categories?post=546721"},{"taxonomy":"post_tag","embeddable":true,"href":"https:\/\/www.europesays.com\/fr\/wp-json\/wp\/v2\/tags?post=546721"}],"curies":[{"name":"wp","href":"https:\/\/api.w.org\/{rel}","templated":true}]}}