{"id":546731,"date":"2025-11-20T11:38:13","date_gmt":"2025-11-20T11:38:13","guid":{"rendered":"https:\/\/www.europesays.com\/fr\/546731\/"},"modified":"2025-11-20T11:38:13","modified_gmt":"2025-11-20T11:38:13","slug":"emmanuelle-delapierre-fait-entrer-une-nouvelle-ere-au-musee-darts-de-nantes","status":"publish","type":"post","link":"https:\/\/www.europesays.com\/fr\/546731\/","title":{"rendered":"Emmanuelle Delapierre fait entrer une nouvelle \u00e8re au Mus\u00e9e d\u2019arts de Nantes"},"content":{"rendered":"<p>\n    <strong>PORTRAIT &#8211;<\/strong> L\u2019ex-directrice du Mus\u00e9e des beaux-arts de Caen a succ\u00e9d\u00e9 en juin \u00e0 Sophie L\u00e9vy \u00e0 la t\u00eate de l\u2019\u00e9tablissement nantais. Son projet devrait conforter la place accord\u00e9e, depuis 2017, \u00e0 l\u2019art contemporain dans les collections.<\/p>\n<p class=\"fig-paragraph\">Rel\u00e8ve de quart \u00e0 Nantes (Loire-Atlantique). Le vaisseau amiral de l\u2019histoire de l\u2019art dans la\u00a0<a href=\"http:\/\/www.lefigaro.fr\/voyages\/48-heures-a-nantes-deux-jours-d-art-et-de-culture-dans-la-cite-des-ducs-de-bretagne-20200622\" data-fig-type=\"Article\" data-gtm-custom-categorie=\"navigation\" data-gtm-custom-action=\"crossclick\" data-gtm-custom-label=\"Contextuel\" data-gtm-event=\"customEventSPE\" data-fig-domain=\"LEFIGARO\" target=\"_blank\" rel=\"noopener\">Cit\u00e9 des ducs de Bretagne<\/a>\u00a0s\u2019appr\u00eate \u00e0 conclure une ann\u00e9e plac\u00e9e sous le signe de la transition. Une page du Mus\u00e9e d\u2019arts s\u2019est tourn\u00e9e avec le d\u00e9part, en janvier, de sa directrice,\u00a0<a href=\"http:\/\/www.lefigaro.fr\/culture\/sophie-levy-prend-la-barre-du-festival-estival-le-voyage-a-nantes-20240911\" data-fig-type=\"Article\" data-gtm-custom-categorie=\"navigation\" data-gtm-custom-action=\"crossclick\" data-gtm-custom-label=\"Contextuel\" data-gtm-event=\"customEventSPE\" data-fig-domain=\"LEFIGARO\" target=\"_blank\" rel=\"noopener\">Sophie L\u00e9vy<\/a>. Ma\u00eetre d\u2019\u0153uvre de la renaissance de l\u2019\u00e9tablissement, rouvert en 2017 apr\u00e8s six ans de travaux, la conservatrice a pris la suite de\u00a0<a href=\"http:\/\/www.lefigaro.fr\/nantes\/nantes-jean-blaise-le-directeur-du-voyage-a-nantes-place-en-garde-a-vue-dans-une-affaire-de-favoritisme-20230612\" data-fig-type=\"NewsFlash\" data-gtm-custom-categorie=\"navigation\" data-gtm-custom-action=\"crossclick\" data-gtm-custom-label=\"Contextuel\" data-gtm-event=\"customEventSPE\" data-fig-domain=\"LEFIGARO\" target=\"_blank\" rel=\"noopener\">Jean Blaise<\/a>\u00a0\u00e0 la t\u00eate du Voyage \u00e0 Nantes. Le passage de flambeau au Mus\u00e9e d\u2019arts s\u2019est, en revanche, r\u00e9alis\u00e9 de mani\u00e8re diff\u00e9r\u00e9e.<\/p>\n<p class=\"fig-paragraph\">Apr\u00e8s d\u2019ultimes entretiens pendant l\u2019hiver, le choix de Nantes M\u00e9tropole, tutelle de l\u2019\u00e9tablissement, s\u2019est port\u00e9, en mars, sur Emmanuelle Delapierre, directrice du Mus\u00e9e des beaux-arts de Caen depuis 2015. Pass\u00e9e par les mus\u00e9es d\u2019Arras puis de Valenciennes, la conservatrice de 52\u00a0ans, sp\u00e9cialiste de la sculpture fran\u00e7aise du XVIIe\u00a0si\u00e8cle, a fait ses adieux \u00e0 la Normandie des impressionnistes et aux tr\u00e9sors des collections caennaises &#8211;\u00a0Le Mariage de\u2026<\/p>\n<p class=\"fig-premium-paywall__infos\">\n        Cet article est r\u00e9serv\u00e9 aux abonn\u00e9s.        Il vous reste 79% \u00e0 d\u00e9couvrir.\n    <\/p>\n<p>                <img  data- alt=\"Le Figaro\" class=\"fig-img--complete fig-img\"\/><\/p>\n<p class=\"fig-premium-paywall__title\">Black Friday<\/p>\n<p class=\"fig-premium-paywall__subtitle\">-70% sur l&rsquo;abonnement num\u00e9rique<\/p>\n<p class=\"fig-premium-paywall__connect\">\n                D\u00e9j\u00e0 abonn\u00e9\u00a0?                <a class=\"fig-premium-paywall__connect-link\" href=\"https:\/\/connect.lefigaro.fr\/login?client=horizon_web&amp;type=main&amp;redirect_uri=https%3A%2F%2Fwww.lefigaro.fr%2Fnantes%2Femmanuelle-delapierre-fait-entrer-une-nouvelle-ere-au-musee-d-arts-de-nantes-20251120\" data-js-gtm=\"{&quot;customCategorie&quot;: &quot;conversion&quot;, &quot;customAction&quot;: &quot;before_Landing_Connexion_paywall_auto&quot;, &quot;customLabel&quot;: &quot;bGVmaWdhcm8uZnJfXzFmMGM1M2I1LTQ0ZmItNjExYy1iZjQxLTkzYmMyYzdkM2MyMV9fTmV3c0ZsYXNo_Emmanuelle Delapierre fait entrer une nouvelle \u00e8re au Mus\u00e9e d\u2019arts de Nantes_451&quot;, &quot;customIDSPE&quot;: &quot;bGVmaWdhcm8uZnJfXzFmMGM1M2I1LTQ0ZmItNjExYy1iZjQxLTkzYmMyYzdkM2MyMV9fTmV3c0ZsYXNo&quot;, &quot;event&quot;: &quot;customEventSPE&quot;}\" target=\"_blank\" rel=\"noopener\"><br \/>\n                    Connectez-vous<br \/>\n                <\/a>\n            <\/p>\n","protected":false},"excerpt":{"rendered":"PORTRAIT &#8211; L\u2019ex-directrice du Mus\u00e9e des beaux-arts de Caen a succ\u00e9d\u00e9 en juin \u00e0 Sophie L\u00e9vy \u00e0 la&hellip;\n","protected":false},"author":2,"featured_media":546732,"comment_status":"","ping_status":"","sticky":false,"template":"","format":"standard","meta":{"footnotes":""},"categories":[2818],"tags":[1111,11,1777,674,1011,27,3048,766,12,2636,25],"class_list":{"0":"post-546731","1":"post","2":"type-post","3":"status-publish","4":"format-standard","5":"has-post-thumbnail","7":"category-nantes","8":"tag-actu","9":"tag-actualites","10":"tag-eu","11":"tag-europe","12":"tag-fr","13":"tag-france","14":"tag-musee","15":"tag-nantes","16":"tag-news","17":"tag-pays-de-la-loire","18":"tag-republique-francaise"},"share_on_mastodon":{"url":"https:\/\/pubeurope.com\/@fr\/115581832740773224","error":""},"_links":{"self":[{"href":"https:\/\/www.europesays.com\/fr\/wp-json\/wp\/v2\/posts\/546731","targetHints":{"allow":["GET"]}}],"collection":[{"href":"https:\/\/www.europesays.com\/fr\/wp-json\/wp\/v2\/posts"}],"about":[{"href":"https:\/\/www.europesays.com\/fr\/wp-json\/wp\/v2\/types\/post"}],"author":[{"embeddable":true,"href":"https:\/\/www.europesays.com\/fr\/wp-json\/wp\/v2\/users\/2"}],"replies":[{"embeddable":true,"href":"https:\/\/www.europesays.com\/fr\/wp-json\/wp\/v2\/comments?post=546731"}],"version-history":[{"count":0,"href":"https:\/\/www.europesays.com\/fr\/wp-json\/wp\/v2\/posts\/546731\/revisions"}],"wp:featuredmedia":[{"embeddable":true,"href":"https:\/\/www.europesays.com\/fr\/wp-json\/wp\/v2\/media\/546732"}],"wp:attachment":[{"href":"https:\/\/www.europesays.com\/fr\/wp-json\/wp\/v2\/media?parent=546731"}],"wp:term":[{"taxonomy":"category","embeddable":true,"href":"https:\/\/www.europesays.com\/fr\/wp-json\/wp\/v2\/categories?post=546731"},{"taxonomy":"post_tag","embeddable":true,"href":"https:\/\/www.europesays.com\/fr\/wp-json\/wp\/v2\/tags?post=546731"}],"curies":[{"name":"wp","href":"https:\/\/api.w.org\/{rel}","templated":true}]}}