{"id":546741,"date":"2025-11-20T11:43:11","date_gmt":"2025-11-20T11:43:11","guid":{"rendered":"https:\/\/www.europesays.com\/fr\/546741\/"},"modified":"2025-11-20T11:43:11","modified_gmt":"2025-11-20T11:43:11","slug":"lille-le-sauvetage-heroique-dun-etudiant-rue-du-gand-par-trois-policiers-de-la-bac","status":"publish","type":"post","link":"https:\/\/www.europesays.com\/fr\/546741\/","title":{"rendered":"Lille. Le sauvetage h\u00e9ro\u00efque d&rsquo;un \u00e9tudiant rue du Gand par trois policiers de la BAC"},"content":{"rendered":"<p>                    Par<br \/>\n        <strong><br \/>\n            <a href=\"https:\/\/actu.fr\/auteur\/margot-nicodeme\" title=\"Consulter tous les articles de Margot Nicod\u00e8me\" rel=\"nofollow noopener\" target=\"_blank\">Margot Nicod\u00e8me<\/a><br \/>\n                    <\/strong><\/p>\n<p>        Publi\u00e9 le<\/p>\n<p>            20 nov. 2025 \u00e0 12h14        <\/p>\n<p>C\u2019est <b>un impressionnant sauvetage<\/b>\u00a0qu\u2019ont r\u00e9alis\u00e9 <b>les policiers de la BAC <\/b>de <a href=\"https:\/\/actu.fr\/hauts-de-france\/lille_59350\" rel=\"nofollow noopener\" target=\"_blank\">Lille<\/a> (Nord), au petit matin. Ce jeudi 20 novembre 2025, peu avant 7h, ils sont en patrouille dans<b> la tr\u00e8s connue <a href=\"https:\/\/actu.fr\/hauts-de-france\/lille_59350\/vieux-lille-john-weng-le-bistro-asiatique-aux-plats-creatifs-debarque-rue-de-gand_63273455.html\" rel=\"nofollow noopener\" target=\"_blank\">rue de Gand<\/a><\/b>, quand <b>ils entendent une alarme au loin<\/b>. En s\u2019approchant, ils pressentent un danger, et n\u2019h\u00e9sitent pas \u00e0 intervenir, au p\u00e9ril de leur vie.<\/p>\n<p>Des policiers de la BAC sauvent in extremis un \u00e9tudiant inanim\u00e9 dans son logement du Vieux-Lille<\/p>\n<p class=\" wall-content\">L\u2019alarme est en fait \u00e9mise par <b>un d\u00e9tecteur d\u2019incendie<\/b>, log\u00e9 dans un appartement de la rue. Les trois agents de la BAC, <b>Matthieu, Arnaud et Julien<\/b>, vont au plus pr\u00e8s de la source et rencontrent deux t\u00e9moins inquiets, qui ont d\u00e9j\u00e0 appel\u00e9 les pompiers. Dans la nuit, aucune fum\u00e9e n\u2019est visible, mais <b>une forte odeur de br\u00fbl\u00e9 empreigne les lieux<\/b>.<\/p>\n<p class=\" wall-content\">Aid\u00e9s de leurs lampes torches, les policiers finissent par identifier une fum\u00e9e opaque derri\u00e8re une fen\u00eatre \u00e0 un \u00e9tage. Ils agissent aussit\u00f4t : ils p\u00e9n\u00e8trent dans les parties communes de l\u2019immeuble, et tentent d\u2019ouvrir la porte de l\u2019appartement. Verrouill\u00e9e, ils sont contraints de la d\u00e9foncer.\u00a0<\/p>\n<p class=\" wall-content\">\u00c0 l\u2019int\u00e9rieur, la fum\u00e9e ne \u00ab\u00a0permet pas de voir \u00e0 un m\u00e8tre\u00a0\u00bb, indique une source judiciaire, et l\u2019air est irrespirable. Malgr\u00e9 tout, un policier attrape<b> une po\u00eale incandescente oubli\u00e9e sur une plaque \u00e9lectrique<\/b>. Il \u00e9vite de peu l\u2019incendie en la pla\u00e7ant sous l\u2019eau. Ses deux coll\u00e8gues se mettent \u00e0 la recherche d\u2019occupants, et c\u2019est ainsi qu\u2019ils trouvent <b>Gabin, 19 ans, inanim\u00e9 dans son lit mezzanine<\/b>.<\/p>\n<p class=\" wall-content\">L\u2019\u00e9tudiant est inconscient, et sorti \u00e0 la h\u00e2te par deux des policiers. En bas de l\u2019immeuble, le Sdis et le Smur sont arriv\u00e9s. Le jeune homme est pris en charge par les secours, mais son degr\u00e9 d\u2019intoxication par les fum\u00e9es ne n\u00e9cessite pas un transfert vers l\u2019h\u00f4pital.\u00a0<\/p>\n<p class=\" wall-content\">Les trois h\u00e9ros du jour ont \u00e9t\u00e9 chaleureusement remerci\u00e9s par Gabin lui-m\u00eame, mais aussi f\u00e9licit\u00e9s par les pompiers, qui interviennent d\u2019ordinaire sur ce type d\u2019urgence avec des masques de protection respiratoire.<\/p>\n<p class=\" wall-content\">Personnalisez votre actualit\u00e9 en ajoutant vos villes et m\u00e9dias en favori avec <a href=\"https:\/\/moncompte.actu.fr\" title=\"D\u00e9couvez Mon Actu\" rel=\"nofollow noopener\" data-trk=\"{&quot;cta&quot;:{&quot;action&quot;:&quot;https:\\\/\\\/moncompte.actu.fr&quot;,&quot;category&quot;:&quot;mon compte&quot;,&quot;from&quot;:&quot;article footer&quot;,&quot;name&quot;:&quot;Mon actu&quot;,&quot;type&quot;:&quot;cta&quot;}}\" target=\"_blank\">Mon Actu<\/a>.<\/p>\n","protected":false},"excerpt":{"rendered":"Par Margot Nicod\u00e8me Publi\u00e9 le 20 nov. 2025 \u00e0 12h14 C\u2019est un impressionnant sauvetage\u00a0qu\u2019ont r\u00e9alis\u00e9 les policiers de&hellip;\n","protected":false},"author":2,"featured_media":546742,"comment_status":"","ping_status":"","sticky":false,"template":"","format":"standard","meta":{"footnotes":""},"categories":[2815],"tags":[1111,11,1777,674,118,1011,27,811,1310,1307,12,1072,25],"class_list":{"0":"post-546741","1":"post","2":"type-post","3":"status-publish","4":"format-standard","5":"has-post-thumbnail","7":"category-lille","8":"tag-actu","9":"tag-actualites","10":"tag-eu","11":"tag-europe","12":"tag-faits-divers","13":"tag-fr","14":"tag-france","15":"tag-hauts-de-france","16":"tag-incendie","17":"tag-lille","18":"tag-news","19":"tag-police","20":"tag-republique-francaise"},"share_on_mastodon":{"url":"https:\/\/pubeurope.com\/@fr\/115581852376070076","error":""},"_links":{"self":[{"href":"https:\/\/www.europesays.com\/fr\/wp-json\/wp\/v2\/posts\/546741","targetHints":{"allow":["GET"]}}],"collection":[{"href":"https:\/\/www.europesays.com\/fr\/wp-json\/wp\/v2\/posts"}],"about":[{"href":"https:\/\/www.europesays.com\/fr\/wp-json\/wp\/v2\/types\/post"}],"author":[{"embeddable":true,"href":"https:\/\/www.europesays.com\/fr\/wp-json\/wp\/v2\/users\/2"}],"replies":[{"embeddable":true,"href":"https:\/\/www.europesays.com\/fr\/wp-json\/wp\/v2\/comments?post=546741"}],"version-history":[{"count":0,"href":"https:\/\/www.europesays.com\/fr\/wp-json\/wp\/v2\/posts\/546741\/revisions"}],"wp:featuredmedia":[{"embeddable":true,"href":"https:\/\/www.europesays.com\/fr\/wp-json\/wp\/v2\/media\/546742"}],"wp:attachment":[{"href":"https:\/\/www.europesays.com\/fr\/wp-json\/wp\/v2\/media?parent=546741"}],"wp:term":[{"taxonomy":"category","embeddable":true,"href":"https:\/\/www.europesays.com\/fr\/wp-json\/wp\/v2\/categories?post=546741"},{"taxonomy":"post_tag","embeddable":true,"href":"https:\/\/www.europesays.com\/fr\/wp-json\/wp\/v2\/tags?post=546741"}],"curies":[{"name":"wp","href":"https:\/\/api.w.org\/{rel}","templated":true}]}}