{"id":546743,"date":"2025-11-20T11:44:14","date_gmt":"2025-11-20T11:44:14","guid":{"rendered":"https:\/\/www.europesays.com\/fr\/546743\/"},"modified":"2025-11-20T11:44:14","modified_gmt":"2025-11-20T11:44:14","slug":"traverser-evenements-ville-de-lille-adresses-horaires-calendriers-et-histoire","status":"publish","type":"post","link":"https:\/\/www.europesays.com\/fr\/546743\/","title":{"rendered":"Traverser \/ \u00c9v\u00e9nements &#8211; Ville de Lille : adresses, horaires, calendriers et histoire"},"content":{"rendered":"<p>\n                                                                        Le 22 novembre 2025<br \/>\n\t\t\t\t\t\t\t\t\t\t\tde 17h00 \u00e0 18h00\n\t\t\t\t\t                                        <\/p>\n<p class=\"subtitle\">\u00e0 <strong><br \/>\nAuditorium du Conservatoire de Lille<\/strong><\/p>\n<p>Restitution du projet Traverser<\/p>\n<p>            <img loading=\"lazy\" decoding=\"async\" src=\"\/var\/www\/storage\/images\/mediatheque\/mairie-de-lille\/images-openagenda\/traverser\/3892274-1-fre-FR\/Traverser_news_image_top.jpg\" width=\"779\" height=\"551\" alt=\"Traverser\"\/><\/p>\n<p>D\u00e9couvrez la restitution de \u201cTraverser\u201d, un projet artistique n\u00e9 d\u2019ateliers men\u00e9s par trois artistes et r\u00e9unissant \u00e9criture, danse et musique.<\/p>\n<p>Imagin\u00e9e et construite avec des jeunes exil\u00e9\u00b7es et des habitant\u00b7es locaux, cette cr\u00e9ation explore avec sensibilit\u00e9 et force les th\u00e8mes de l\u2019accueil, du parcours migratoire.<\/p>\n<p>Sur sc\u00e8ne, voix, gestes et rythmes se r\u00e9pondent et s\u2019entrelacent pour donner vie \u00e0 une performance profond\u00e9ment humaine, o\u00f9 l\u2019art devient espace de rencontre, de partage et d\u2019expression et o\u00f9 une \u00e9nergie collective s&rsquo;engage pour un monde durable.<\/p>\n<p>Cet \u00e9v\u00e9nement s\u2019inscrit dans le Festival des Solidarit\u00e9s Internationales (FSI), un temps fort d\u00e9di\u00e9 aux initiatives culturelles, sociales et citoyennes qui interrogent le monde d\u2019aujourd\u2019hui et du Festival Migrant&rsquo;sc\u00e8ne de la Cimade \u00ab\u00a0Tissons demain ! Place aux alternatives, place \u00e0 l\u2019alt\u00e9rit\u00e9 !\u00a0\u00bb.<\/p>\n<p>\nSamedi 22 novembre 2025 \u2013 17h00<br \/>Auditorium du Conservatoire de Lille<\/p>\n<p>        \t\t                        Infos pratiques<\/p>\n<p>                    Lieu<\/p>\n<p>\nAuditorium du Conservatoire de Lille<\/p>\n<p>                    Adresse<\/p>\n<p>Place du concert 59000 Lille<\/p>\n<p>                                                            Voir le plan<\/p>\n<p>\n                    PublicsDe  \u00e0  ans<\/p>\n<p>                            Horaires<\/p>\n<p class=\"textAlone\">Le 22\/11\/2025 de 17:00 \u00e0 18:00<\/p>\n","protected":false},"excerpt":{"rendered":"Le 22 novembre 2025 de 17h00 \u00e0 18h00 \u00e0 Auditorium du Conservatoire de Lille Restitution du projet Traverser&hellip;\n","protected":false},"author":2,"featured_media":546744,"comment_status":"","ping_status":"","sticky":false,"template":"","format":"standard","meta":{"footnotes":""},"categories":[2815],"tags":[1111,11,4763,1777,674,1011,27,811,1307,5415,12,25],"class_list":{"0":"post-546743","1":"post","2":"type-post","3":"status-publish","4":"format-standard","5":"has-post-thumbnail","7":"category-lille","8":"tag-actu","9":"tag-actualites","10":"tag-agenda","11":"tag-eu","12":"tag-europe","13":"tag-fr","14":"tag-france","15":"tag-hauts-de-france","16":"tag-lille","17":"tag-mairie","18":"tag-news","19":"tag-republique-francaise"},"share_on_mastodon":{"url":"https:\/\/pubeurope.com\/@fr\/115581857271037761","error":""},"_links":{"self":[{"href":"https:\/\/www.europesays.com\/fr\/wp-json\/wp\/v2\/posts\/546743","targetHints":{"allow":["GET"]}}],"collection":[{"href":"https:\/\/www.europesays.com\/fr\/wp-json\/wp\/v2\/posts"}],"about":[{"href":"https:\/\/www.europesays.com\/fr\/wp-json\/wp\/v2\/types\/post"}],"author":[{"embeddable":true,"href":"https:\/\/www.europesays.com\/fr\/wp-json\/wp\/v2\/users\/2"}],"replies":[{"embeddable":true,"href":"https:\/\/www.europesays.com\/fr\/wp-json\/wp\/v2\/comments?post=546743"}],"version-history":[{"count":0,"href":"https:\/\/www.europesays.com\/fr\/wp-json\/wp\/v2\/posts\/546743\/revisions"}],"wp:featuredmedia":[{"embeddable":true,"href":"https:\/\/www.europesays.com\/fr\/wp-json\/wp\/v2\/media\/546744"}],"wp:attachment":[{"href":"https:\/\/www.europesays.com\/fr\/wp-json\/wp\/v2\/media?parent=546743"}],"wp:term":[{"taxonomy":"category","embeddable":true,"href":"https:\/\/www.europesays.com\/fr\/wp-json\/wp\/v2\/categories?post=546743"},{"taxonomy":"post_tag","embeddable":true,"href":"https:\/\/www.europesays.com\/fr\/wp-json\/wp\/v2\/tags?post=546743"}],"curies":[{"name":"wp","href":"https:\/\/api.w.org\/{rel}","templated":true}]}}