{"id":546754,"date":"2025-11-20T11:52:13","date_gmt":"2025-11-20T11:52:13","guid":{"rendered":"https:\/\/www.europesays.com\/fr\/546754\/"},"modified":"2025-11-20T11:52:13","modified_gmt":"2025-11-20T11:52:13","slug":"panne-de-courant-massive-un-infirmier-soupconne-dhomicide-linfo-a-midi-en-ile-de-france","status":"publish","type":"post","link":"https:\/\/www.europesays.com\/fr\/546754\/","title":{"rendered":"Panne de courant massive, un infirmier soup\u00e7onn\u00e9 d&rsquo;homicide&#8230; L\u2019info \u00e0 midi en \u00cele-de-France"},"content":{"rendered":"<p>                    Par<br \/>\n        <strong><br \/>\n            <a href=\"https:\/\/actu.fr\/auteur\/redaction-paris\" title=\"Consulter tous les articles de R\u00e9daction Paris\" target=\"_blank\" rel=\"noopener\">R\u00e9daction Paris<\/a><br \/>\n                    <\/strong><\/p>\n<p>        Publi\u00e9 le<\/p>\n<p>            20 nov. 2025 \u00e0 11h58        <\/p>\n<p>Malgr\u00e9 les pr\u00e9visions, pas de neige \u00e0 l\u2019horizon. Que s\u2019est-il pass\u00e9 ce jeudi 20 novembre 2025 en \u00cele-de-France ? Voici l\u2019essentiel de l\u2019actualit\u00e9 \u00e0 midi : Paris et les Hauts-de-Seine ont connu une panne de courant, un infirmier du Val-de-Marne est soup\u00e7onn\u00e9 d\u2019avoir tu\u00e9 un de ses patients\u00a0et le D\u00e9partement des Yvelines a \u00e9t\u00e9 r\u00e9compens\u00e9 pour sa lutte contre la prostitution.\u00a0<\/p>\n<p>Les informations \u00e0 retenir ce jeudi 20 novembre 2025, \u00e0 midi, en \u00cele-de-France<\/p>\n<p class=\"expresso-item wall-content\"><strong>Essonne. <\/strong><a title=\"Lire l&#039;article\" href=\"https:\/\/actu.fr\/ile-de-france\/corbeil-essonnes_91174\/management-toxique-locaux-vetustes-les-policiers-municipaux-de-corbeil-essonnes-lancent-une-greve-illimitee_63461733.html\" target=\"_blank\" rel=\"noopener\">Management toxique, locaux v\u00e9tustes : les policiers municipaux de Corbeil-Essonnes lancent une gr\u00e8ve illimit\u00e9e<\/a><br \/>Plusieurs agents de la police municipale de Corbeil-Essonnes ont manifest\u00e9 ce mercredi pour d\u00e9noncer un management toxique et des conditions de travail v\u00e9tustes.<\/p>\n<p class=\"expresso-item wall-content\"><strong>Seine-et-Marne. <\/strong><a title=\"Lire l&#039;article\" href=\"https:\/\/actu.fr\/ile-de-france\/coulommiers_77131\/telethon-comment-coulommiers-reste-dans-le-top-10-national-des-plus-gros-contributeurs-chaque-annee_63458640.html\" target=\"_blank\" rel=\"noopener\">T\u00e9l\u00e9thon : comment Coulommiers reste dans le Top 10 national des plus gros contributeurs chaque ann\u00e9e<\/a><br \/>Depuis 1999, l\u2019organisation fait des miracles en termes de promesses de dons \u00e0 Coulommiers. Les animations pour le T\u00e9l\u00e9thon ont d\u00e9j\u00e0 d\u00e9but\u00e9, mais plusieurs temps forts approchent.<\/p>\n<p class=\"expresso-item wall-content\"><strong>Yvelines. <\/strong><a title=\"Lire l&#039;article\" href=\"https:\/\/actu.fr\/societe\/le-departement-des-yvelines-recompense-pour-sa-lutte-contre-la-prostitution-des-mineurs_63460819.html\" target=\"_blank\" rel=\"noopener\">Le D\u00e9partement r\u00e9compens\u00e9 pour sa lutte contre la prostitution des mineurs<\/a><br \/>Les Yvelines ont \u00e9t\u00e9 r\u00e9compens\u00e9es pour leur action contre la prostitution des mineurs le 19 novembre 2025. En avril, un avocat accusait Pierre B\u00e9dier d\u2019inaction sur le m\u00eame sujet !<\/p>\n<p class=\"expresso-item wall-content\"><strong>Hauts-de-Seine. <\/strong><a title=\"Lire l&#039;article\" href=\"https:\/\/actu.fr\/ile-de-france\/issy-les-moulineaux_92040\/panne-de-courant-massive-a-paris-et-dans-les-hauts-de-seine-2-500-foyers-toujours-prives-d-electricite_63461717.html\" target=\"_blank\" rel=\"noopener\">Panne de courant massive : 2 500 foyers toujours priv\u00e9s d\u2019\u00e9lectricit\u00e9<\/a><br \/>Une panne de courant touche toujours 2 500 foyers des Hauts-de-Seine ce jeudi 20 novembre 2025. Des agents de RTE sont toujours sur le terrain pour r\u00e9tablir la situation.<\/p>\n<p class=\"expresso-item wall-content\"><strong>Val-de-Marne. <\/strong><a title=\"Lire l&#039;article\" href=\"https:\/\/actu.fr\/ile-de-france\/creteil_94028\/val-de-marne-un-infirmier-soupconne-d-avoir-tue-un-patient-dans-sa-chambre-d-hopital-une-enquete-ouverte_63462549.html\" target=\"_blank\" rel=\"noopener\">Un infirmier soup\u00e7onn\u00e9 d\u2019avoir tu\u00e9 un patient dans sa chambre d\u2019h\u00f4pital, une enqu\u00eate ouverte<\/a><br \/>En juin 2025, un infirmier du centre hospitalier de Cr\u00e9teil est soup\u00e7onn\u00e9 d\u2019avoir provoqu\u00e9 la mort d\u2019un patient en r\u00e9animation. Une enqu\u00eate est en cours.<\/p>\n<p class=\" wall-content\"><strong>Suivez-nous pour en savoir plus\u2009!<\/strong><br \/>Vous voulez plus d\u2019infos sur l\u2019\u00cele-de-France\u2009? Vous pouvez nous retrouver sur actu \u00cele-de-France. Pour nous suivre sur les r\u00e9seaux sociaux, dans vos d\u00e9partements\u2009:<\/p>\n<p class=\" wall-content\"><strong>Paris<\/strong>\u2009: retrouvez\u00a0actu\u00a0Paris\u00a0sur\u00a0<a href=\"https:\/\/www.facebook.com\/actufr.paris\/\" target=\"_blank\" rel=\"noopener\">Facebook<\/a>\u00a0et\u00a0<a href=\"https:\/\/twitter.com\/actufrparis\" target=\"_blank\" rel=\"noopener\">Twitter<\/a>\u2009;<br \/><strong>Seine-et-Marne<\/strong>\u2009: retrouvez\u00a0La R\u00e9publique de Seine-et-Marne\u00a0(sud) sur\u00a0<a href=\"https:\/\/www.facebook.com\/RepubliqueSeineMarne\/\" target=\"_blank\" rel=\"noopener\">Facebook<\/a>\u00a0et\u00a0<a href=\"https:\/\/twitter.com\/LaRep77\" target=\"_blank\" rel=\"noopener\">Twitter<\/a>\u2009;\u00a0La Marne\u00a0(nord) sur\u00a0<a href=\"https:\/\/www.facebook.com\/journallarmarne\/?__tn__=%2Cd%2CP-R&amp;eid=ARDLZc91LaHbXzDwChLLLQJVMBLx_ABJremTC2-RG0CYvg0f4f8CLvbV5G1Lli4g_6QoXDcKkU1_LX1W\" target=\"_blank\" rel=\"noopener\">Facebook<\/a>\u00a0et\u00a0<a href=\"https:\/\/twitter.com\/JournalLaMarne\" target=\"_blank\" rel=\"noopener\">Twitter<\/a>\u2009; et\u00a0Le Pays Briard\u00a0sur\u00a0<a href=\"https:\/\/www.facebook.com\/LePaysBriard\/?ref=bookmarks\" target=\"_blank\" rel=\"noopener\">Facebook<\/a>\u00a0et\u00a0<a href=\"https:\/\/twitter.com\/LePaysBriard\" target=\"_blank\" rel=\"noopener\">Twitter<\/a>\u2009;<br \/><strong>Yvelines\u2009:<\/strong>\u00a0retrouvez\u00a078actu\u00a0sur\u00a0<a href=\"https:\/\/www.facebook.com\/78actu\/\" target=\"_blank\" rel=\"noopener\">Facebook<\/a>\u00a0et\u00a0<a href=\"https:\/\/x.com\/78actu\">Twitter<\/a>\u2009;<br \/><strong>Essonne\u2009:<\/strong>\u00a0retrouvez\u00a0actu Essonne\u00a0sur\u00a0<a href=\"https:\/\/www.facebook.com\/actuessonne\/?ref=br_rs\" target=\"_blank\" rel=\"noopener\">Facebook<\/a>\u00a0et\u00a0<a href=\"https:\/\/twitter.com\/ActuEssonne\" target=\"_blank\" rel=\"noopener\">Twitter<\/a>\u2009;<br \/><strong>Hauts-de-Seine\u2009:<\/strong>\u00a0retrouvez\u00a0actu\u00a0Hauts-de-Seine\u00a0sur\u00a0<a href=\"https:\/\/www.facebook.com\/actufr.hautsdeseine\/\" target=\"_blank\" rel=\"noopener\">Facebook<\/a>\u00a0et\u00a0<a href=\"https:\/\/twitter.com\/actufr92\" target=\"_blank\" rel=\"noopener\">Twitter<\/a>\u2009;<br \/><strong>Seine-Saint-Denis\u2009:<\/strong>\u00a0retrouvez actu Seine-Saint-Denis sur\u00a0<a href=\"https:\/\/www.facebook.com\/actufr.seinesaintdenis\/\" target=\"_blank\" rel=\"noopener\">Facebook<\/a>\u00a0et\u00a0<a href=\"https:\/\/x.com\/Actufr93\">Twitter<\/a>\u2009;<br \/><strong>Val-de-Marne\u2009:\u00a0<\/strong>retrouvez actu Val-de-Marne sur\u00a0<a href=\"https:\/\/www.facebook.com\/actu94.valdemarne\/\" target=\"_blank\" rel=\"noopener\">Facebook<\/a>\u00a0et\u00a0<a href=\"https:\/\/x.com\/actufr94\">Twitter<\/a>\u2009;<br \/><strong>Val-d\u2019Oise\u2009:\u00a0<\/strong>retrouvez La Gazette du Val-d\u2019Oise sur\u00a0<a href=\"https:\/\/x.com\/actufr94\">Twitter<\/a><\/p>\n<p class=\" wall-content\">Personnalisez votre actualit\u00e9 en ajoutant vos villes et m\u00e9dias en favori avec <a href=\"https:\/\/moncompte.actu.fr\" title=\"D\u00e9couvez Mon Actu\" rel=\"nofollow noopener\" data-trk=\"{&quot;cta&quot;:{&quot;action&quot;:&quot;https:\\\/\\\/moncompte.actu.fr&quot;,&quot;category&quot;:&quot;mon compte&quot;,&quot;from&quot;:&quot;article footer&quot;,&quot;name&quot;:&quot;Mon actu&quot;,&quot;type&quot;:&quot;cta&quot;}}\" target=\"_blank\">Mon Actu<\/a>.<\/p>\n<p>                    <script async src=\"https:\/\/platform.twitter.com\/widgets.js\" charset=\"utf-8\"><\/script><\/p>\n","protected":false},"excerpt":{"rendered":"Par R\u00e9daction Paris Publi\u00e9 le 20 nov. 2025 \u00e0 11h58 Malgr\u00e9 les pr\u00e9visions, pas de neige \u00e0 l\u2019horizon.&hellip;\n","protected":false},"author":2,"featured_media":546755,"comment_status":"","ping_status":"","sticky":false,"template":"","format":"standard","meta":{"footnotes":""},"categories":[1888],"tags":[1111,1928,11,1927,1777,674,1011,27,777,12,1926,626,1925,1072,25,104,12846],"class_list":{"0":"post-546754","1":"post","2":"type-post","3":"status-publish","4":"format-standard","5":"has-post-thumbnail","7":"category-paris","8":"tag-actu","9":"tag-actu-paris","10":"tag-actualites","11":"tag-actualites-paris","12":"tag-eu","13":"tag-europe","14":"tag-fr","15":"tag-france","16":"tag-meurtre","17":"tag-news","18":"tag-news-paris","19":"tag-paris","20":"tag-paris-news","21":"tag-police","22":"tag-republique-francaise","23":"tag-societe","24":"tag-telethon"},"share_on_mastodon":{"url":"https:\/\/pubeurope.com\/@fr\/115581887920549667","error":""},"_links":{"self":[{"href":"https:\/\/www.europesays.com\/fr\/wp-json\/wp\/v2\/posts\/546754","targetHints":{"allow":["GET"]}}],"collection":[{"href":"https:\/\/www.europesays.com\/fr\/wp-json\/wp\/v2\/posts"}],"about":[{"href":"https:\/\/www.europesays.com\/fr\/wp-json\/wp\/v2\/types\/post"}],"author":[{"embeddable":true,"href":"https:\/\/www.europesays.com\/fr\/wp-json\/wp\/v2\/users\/2"}],"replies":[{"embeddable":true,"href":"https:\/\/www.europesays.com\/fr\/wp-json\/wp\/v2\/comments?post=546754"}],"version-history":[{"count":0,"href":"https:\/\/www.europesays.com\/fr\/wp-json\/wp\/v2\/posts\/546754\/revisions"}],"wp:featuredmedia":[{"embeddable":true,"href":"https:\/\/www.europesays.com\/fr\/wp-json\/wp\/v2\/media\/546755"}],"wp:attachment":[{"href":"https:\/\/www.europesays.com\/fr\/wp-json\/wp\/v2\/media?parent=546754"}],"wp:term":[{"taxonomy":"category","embeddable":true,"href":"https:\/\/www.europesays.com\/fr\/wp-json\/wp\/v2\/categories?post=546754"},{"taxonomy":"post_tag","embeddable":true,"href":"https:\/\/www.europesays.com\/fr\/wp-json\/wp\/v2\/tags?post=546754"}],"curies":[{"name":"wp","href":"https:\/\/api.w.org\/{rel}","templated":true}]}}