{"id":546762,"date":"2025-11-20T12:00:16","date_gmt":"2025-11-20T12:00:16","guid":{"rendered":"https:\/\/www.europesays.com\/fr\/546762\/"},"modified":"2025-11-20T12:00:16","modified_gmt":"2025-11-20T12:00:16","slug":"la-pologne-va-fermer-le-dernier-consulat-russe-apres-un-sabotage-ferroviaire","status":"publish","type":"post","link":"https:\/\/www.europesays.com\/fr\/546762\/","title":{"rendered":"La Pologne va fermer le dernier consulat russe apr\u00e8s un sabotage ferroviaire"},"content":{"rendered":"<p>Le ministre polonais des Affaires \u00e9trang\u00e8res, Rados\u0142aw Sikorski, a d\u00e9clar\u00e9 mercredi qu&rsquo;il ordonnerait la fermeture du dernier consulat russe encore en activit\u00e9 dans le pays apr\u00e8s que les autorit\u00e9s ont d\u00e9clar\u00e9 que les services secrets russes \u00e9taient soup\u00e7onn\u00e9s d&rsquo;\u00eatre \u00e0 l&rsquo;origine de l&rsquo;explosion sur une ligne ferroviaire en Pologne, consid\u00e9r\u00e9e comme un acte de sabotage.<\/p>\n<p>Sikorski a d\u00e9clar\u00e9 avoir averti \u00e0 plusieurs reprises la Russie que sa pr\u00e9sence diplomatique et consulaire serait encore r\u00e9duite si elle ne cessait pas ses actions hostiles \u00e0 l&rsquo;\u00e9gard de la Pologne, a rapport\u00e9 l&rsquo;agence de presse polonaise PAP.<\/p>\n<p>\u00ab \u00c0 cet \u00e9gard, bien que cela ne constitue pas notre r\u00e9ponse compl\u00e8te, j&rsquo;ai d\u00e9cid\u00e9 de retirer mon consentement au fonctionnement du dernier consulat russe \u00e0 Gdansk \u00bb, a-t-il d\u00e9clar\u00e9.<\/p>\n<p>Il a ajout\u00e9 que Moscou serait officiellement inform\u00e9e dans les heures qui suivent.<\/p>\n<p>\u00ab Cette fois-ci, il ne s&rsquo;agissait pas seulement d&rsquo;un acte de subversion, comme cela s&rsquo;\u00e9tait produit auparavant, mais d&rsquo;un acte de terrorisme d&rsquo;\u00c9tat, car son intention claire \u00e9tait de faire des victimes humaines \u00bb, rel\u00e8ve Sikorski.<\/p>\n<p>\u00c0 la suite de cette fermeture, la Russie ne disposera plus que de son ambassade \u00e0 Varsovie.<\/p>\n<p>Le Premier ministre polonais Donald Tusk a qualifi\u00e9 l&rsquo;explosion qui s&rsquo;est produite ce week-end sur une ligne reliant Varsovie \u00e0 la fronti\u00e8re ukrainienne d&rsquo;\u00ab acte de sabotage sans pr\u00e9c\u00e9dent \u00bb.<\/p>\n<p>L&rsquo;explosion a endommag\u00e9 les voies pr\u00e8s de Mika, \u00e0 environ 100 kilom\u00e8tres au sud-est de la capitale polonaise. Personne n&rsquo;a \u00e9t\u00e9 bless\u00e9.<\/p>\n<p>Dans un autre incident survenu ce week-end, des lignes \u00e9lectriques ont \u00e9t\u00e9 d\u00e9truites dans la r\u00e9gion de Pu\u0142awy, \u00e0 environ 50 kilom\u00e8tres de Lublin, dans l&rsquo;est de la Pologne.<\/p>\n<p>Interrog\u00e9 sur les commentaires de Sikorski, le porte-parole du Kremlin, Dmitri Peskov, a d\u00e9clar\u00e9 que \u00ab les relations entre la Russie et la Pologne s&rsquo;\u00e9taient compl\u00e8tement d\u00e9t\u00e9rior\u00e9es \u00bb.<\/p>\n<p>Mardi, Tusk a d\u00e9clar\u00e9 au Parlement polonais que les deux suspects collaboraient depuis longtemps avec les services secrets russes.<\/p>\n<p>Il a ajout\u00e9 que leur identit\u00e9 \u00e9tait connue, mais ne pouvait \u00eatre r\u00e9v\u00e9l\u00e9e au public en raison de l&rsquo;enqu\u00eate en cours, et que les deux hommes avaient d\u00e9j\u00e0 quitt\u00e9 la Pologne pour se rendre en Bi\u00e9lorussie.<\/p>\n<p>Les responsables occidentaux ont accus\u00e9 la Russie et ses mandataires d&rsquo;avoir orchestr\u00e9 des dizaines d&rsquo;attaques et d&rsquo;autres incidents \u00e0 travers l&rsquo;Europe depuis l&rsquo;invasion \u00e0 grande \u00e9chelle de l&rsquo;Ukraine en 2022.<\/p>\n<p>Selon des responsables occidentaux, l&rsquo;objectif de Moscou est de saper le soutien \u00e0 l&rsquo;Ukraine, de semer la peur et de diviser les soci\u00e9t\u00e9s europ\u00e9ennes.<\/p>\n<p>La Pologne avait d\u00e9j\u00e0 ordonn\u00e9 la fermeture de deux autres consulats russes. Le consulat de Cracovie a \u00e9t\u00e9 ferm\u00e9 plus t\u00f4t cette ann\u00e9e apr\u00e8s que la Pologne a d\u00e9termin\u00e9 qu&rsquo;un incendie qui avait d\u00e9truit un centre commercial \u00e0 Varsovie en 2024 \u00e9tait le r\u00e9sultat d&rsquo;un incendie criminel commandit\u00e9 par les services de renseignement russes.<\/p>\n<p>Et en 2024, Sikorski a ordonn\u00e9 la fermeture du consulat de Pozna\u0144, en r\u00e9ponse \u00e0 des actes de sabotage, notamment des incendies criminels, qui, selon lui, \u00e9taient commandit\u00e9s par Moscou.<\/p>\n<p>Sources additionnelles<strong> \u2022 adaptation : Serge Duch\u00eane<\/strong><\/p>\n","protected":false},"excerpt":{"rendered":"Le ministre polonais des Affaires \u00e9trang\u00e8res, Rados\u0142aw Sikorski, a d\u00e9clar\u00e9 mercredi qu&rsquo;il ordonnerait la fermeture du dernier consulat&hellip;\n","protected":false},"author":2,"featured_media":546763,"comment_status":"","ping_status":"","sticky":false,"template":"","format":"standard","meta":{"footnotes":""},"categories":[1591],"tags":[11,312,1887,12,2437,1885,1886,132],"class_list":{"0":"post-546762","1":"post","2":"type-post","3":"status-publish","4":"format-standard","5":"has-post-thumbnail","7":"category-russie","8":"tag-actualites","9":"tag-diplomatie","10":"tag-federation-de-russie","11":"tag-news","12":"tag-pologne","13":"tag-russia","14":"tag-russian-federation","15":"tag-russie"},"share_on_mastodon":{"url":"https:\/\/pubeurope.com\/@fr\/115581919270827518","error":""},"_links":{"self":[{"href":"https:\/\/www.europesays.com\/fr\/wp-json\/wp\/v2\/posts\/546762","targetHints":{"allow":["GET"]}}],"collection":[{"href":"https:\/\/www.europesays.com\/fr\/wp-json\/wp\/v2\/posts"}],"about":[{"href":"https:\/\/www.europesays.com\/fr\/wp-json\/wp\/v2\/types\/post"}],"author":[{"embeddable":true,"href":"https:\/\/www.europesays.com\/fr\/wp-json\/wp\/v2\/users\/2"}],"replies":[{"embeddable":true,"href":"https:\/\/www.europesays.com\/fr\/wp-json\/wp\/v2\/comments?post=546762"}],"version-history":[{"count":0,"href":"https:\/\/www.europesays.com\/fr\/wp-json\/wp\/v2\/posts\/546762\/revisions"}],"wp:featuredmedia":[{"embeddable":true,"href":"https:\/\/www.europesays.com\/fr\/wp-json\/wp\/v2\/media\/546763"}],"wp:attachment":[{"href":"https:\/\/www.europesays.com\/fr\/wp-json\/wp\/v2\/media?parent=546762"}],"wp:term":[{"taxonomy":"category","embeddable":true,"href":"https:\/\/www.europesays.com\/fr\/wp-json\/wp\/v2\/categories?post=546762"},{"taxonomy":"post_tag","embeddable":true,"href":"https:\/\/www.europesays.com\/fr\/wp-json\/wp\/v2\/tags?post=546762"}],"curies":[{"name":"wp","href":"https:\/\/api.w.org\/{rel}","templated":true}]}}