{"id":546764,"date":"2025-11-20T12:01:25","date_gmt":"2025-11-20T12:01:25","guid":{"rendered":"https:\/\/www.europesays.com\/fr\/546764\/"},"modified":"2025-11-20T12:01:25","modified_gmt":"2025-11-20T12:01:25","slug":"ce-que-contient-le-nouveau-plan-americain-de-paix-pour-lukraine-fortement-oriente-vers-la-russie","status":"publish","type":"post","link":"https:\/\/www.europesays.com\/fr\/546764\/","title":{"rendered":"Ce que contient le nouveau plan am\u00e9ricain de paix pour l&rsquo;Ukraine \u00ab\u00a0fortement orient\u00e9 vers la Russie\u00a0\u00bb"},"content":{"rendered":"<ul class=\"jsx-862013697 ArticleChapo__List\">\n<li class=\"jsx-862013697 ArticleChapo__List_Item flex\">L&rsquo;administration am\u00e9ricaine a soumis une nouvelle \u00e9bauche de plan de paix \u00e0 la pr\u00e9sidence ukrainienne.<\/li>\n<li class=\"jsx-862013697 ArticleChapo__List_Item flex\">Selon plusieurs m\u00e9dias, les 28 points d\u00e9taill\u00e9s par ce document se r\u00e9v\u00e8lent \u00ab\u00a0tr\u00e8s avantageux pour (Vladimir) Poutine\u00a0\u00bb et la Russie.<\/li>\n<li class=\"jsx-862013697 ArticleChapo__List_Item flex\">On fait le point.<\/li>\n<\/ul>\n<p><a href=\"https:\/\/www.tf1info.fr\/actualite\/guerre-ukraine-russie-une-rencontre-donald-trump-vladimir-poutine-historique-le-vendredi-15-aout-2025-en-alaska-sans-volodymyr-zelensky-14326\/\" rel=\"noopener\" class=\"jsx-484472199 Link jsx-1428418400 jsx-554215408\" target=\"_blank\"><\/p>\n<p style=\"font-weight:400\" class=\"jsx-1837267516\">Suivez la couverture compl\u00e8te<\/p>\n<p style=\"font-weight:800\" class=\"jsx-1837267516\">Ukraine-Russie : l&rsquo;espoir de n\u00e9gociations au point mort<\/p>\n<p><\/a><\/p>\n<p data-module=\"article-paragraph\" class=\"jsx-3046738180 Paragraph\">Kiev sous pression. Kirill Dmitriev, directeur du fonds souverain russe et proche de Vladimir Poutine, et <a href=\"https:\/\/www.tf1info.fr\/international\/ultimatum-de-trump-a-la-russie-qui-est-steve-witkoff-le-monsieur-diplomatie-de-la-maison-blanche-2387071.html\" target=\"_blank\" rel=\"noopener\">Steve Witkoff<\/a>, envoy\u00e9 sp\u00e9cial de Donald Trump, ont \u00e9labor\u00e9 un nouveau plan de paix pour l&rsquo;Ukraine. Ce document en 28 points a \u00e9t\u00e9 pr\u00e9sent\u00e9 cette semaine \u00e0 l&rsquo;administration ukrainienne, ont appris plusieurs m\u00e9dias. Plusieurs dispositions correspondent \u00e0 des lignes rouges\u00a0<\/p>\n<p data-module=\"article-paragraph\" class=\"jsx-3046738180 Paragraph Paragraph__End\">pr\u00e9c\u00e9demment \u00e9nonc\u00e9es par l&rsquo;Ukraine, et constitueraient des concessions majeures. \u00ab\u00a0Une nuance importante est que nous ne comprenons pas s&rsquo;il s&rsquo;agit r\u00e9ellement d&rsquo;un plan Trump\u00a0\u00bb ou \u00ab\u00a0de son entourage\u00a0\u00bb, note tout de m\u00eame un haut responsable ukrainien, sous couvert d&rsquo;anonymat, aupr\u00e8s d&rsquo;<a href=\"https:\/\/www.axios.com\/2025\/11\/19\/trump-ukraine-peace-plan-russia-donbas\" rel=\"nofollow noopener\" target=\"_blank\">Axios<\/a>.\u00a0<\/p>\n<p>Un accord \u00e9quivalent \u00e0 une \u00ab\u00a0capitulation\u00a0\u00bb ? <\/p>\n<p data-module=\"article-paragraph\" class=\"jsx-3046738180 Paragraph\">Une personne ayant eu acc\u00e8s au document l&rsquo;a d\u00e9crit comme tr\u00e8s g\u00e9n\u00e9rique et \u00ab\u00a0fortement orient\u00e9 vers la Russie\u00a0\u00bb, estime une source proche du dossier, dans les colonnes du <a href=\"https:\/\/www.ft.com\/content\/23536bf6-c550-4896-931f-a33a1c2ad91a\" rel=\"nofollow noopener\" target=\"_blank\">Financial Times<\/a>. Une autre personne inform\u00e9e du plan l&rsquo;a qualifi\u00e9 de \u00ab\u00a0tr\u00e8s avantageux pour (Vladimir) Poutine\u00a0\u00bb. Le Kremlin aurait \u00ab\u00a0durci ses conditions maximalistes, constatant la situation de plus en plus pr\u00e9caire de l\u2019Ukraine sur la ligne de front, et exploitant les retomb\u00e9es d\u2019un vaste scandale de corruption impliquant des personnes proches du pr\u00e9sident <a href=\"https:\/\/www.tf1info.fr\/international\/verif-scandale-de-corruption-le-principal-opposant-de-volodymyr-zelensky-est-il-en-prison-2407243.html\" target=\"_blank\" rel=\"noopener\">Volodymyr Zelensky<\/a>\u00ab\u00a0, abonde le <a href=\"https:\/\/kyivindependent.com\/ukraine-alarmed-as-us-pushes-peace-framework-aligning-with-moscow-demands\/\" rel=\"nofollow noopener\" target=\"_blank\">Kyiv Independant<\/a>. De son c\u00f4t\u00e9, <a href=\"https:\/\/www.theguardian.com\/world\/2025\/nov\/19\/us-and-russian-officials-draft-new-peace-plan-based-on-capitulation-from-ukraine\" target=\"_blank\" rel=\"noopener\">The Guardian<\/a> estime que les mesures en question donneraient \u00e0 Moscou un \u00ab\u00a0contr\u00f4le sans pr\u00e9c\u00e9dent sur la souverainet\u00e9 militaire et politique de l&rsquo;Ukraine\u00a0\u00bb, et pourraient \u00eatre consid\u00e9r\u00e9es comme \u00ab\u00a0une capitulation\u00a0\u00bb.\u00a0<\/p>\n<p data-module=\"article-paragraph\" class=\"jsx-3046738180 Paragraph Paragraph__End\">Concr\u00e8tement, le texte pr\u00e9voit la \u00ab\u00a0reconnaissance de (l&rsquo;annexion de) la Crim\u00e9e et d&rsquo;autres r\u00e9gions prises par la Russie\u00a0\u00bb, indique un haut responsable ukrainien \u00e0 l&rsquo;AFP. Il exigerait aussi que Kiev c\u00e8de le reste de la r\u00e9gion orientale du Donbass, y compris des territoires toujours sous son contr\u00f4le. L&rsquo;id\u00e9e serait d\u2019accorder \u00e0 la Russie \u00ab\u00a0des parties de l\u2019est de l\u2019Ukraine qu\u2019elle ne contr\u00f4le pas actuellement\u00a0\u00bb, reprend Axios, en \u00e9change d\u2019une \u00ab\u00a0garantie de s\u00e9curit\u00e9 am\u00e9ricaine pour l\u2019Ukraine et l\u2019Europe contre une future agression russe\u00a0\u00bb. Mais dans le m\u00eame temps, cette \u00e9bauche d&rsquo;accord de paix interdirait la pr\u00e9sence de troupes \u00e9trang\u00e8res sur le sol ukrainien, ce que r\u00e9clament pourtant Kiev et ses alli\u00e9s europ\u00e9ens depuis de longs mois.\u00a0<\/p>\n<p>Vers une arm\u00e9e ukrainienne largement r\u00e9duite ? <\/p>\n<p data-module=\"article-paragraph\" class=\"jsx-3046738180 Paragraph Paragraph__End\">Sur le plan militaire, le document envisage \u00ab\u00a0la r\u00e9duction de l&rsquo;arm\u00e9e \u00e0 400.000 personnes\u00a0\u00bb, soit plus de la moiti\u00e9 des effectifs, glisse le haut responsable ukrainien \u00e0 l&rsquo;AFP. Comme si cela ne suffisait pas, les Ukrainiens ne recevraient plus d&rsquo;armes occidentales \u00e0 longue port\u00e9e capables d&rsquo;atteindre profond\u00e9ment le territoire russe et devraient renoncer \u00e0 toutes celles qu&rsquo;ils poss\u00e8dent d\u00e9j\u00e0. Parmi les autres dispositions notables, selon The Financial Times, le russe devrait \u00eatre reconnu comme langue officielle de l&rsquo;\u00c9tat ukrainien. Dans le m\u00eame temps, un statut officiel serait accord\u00e9 \u00e0 la branche locale de l&rsquo;\u00c9glise orthodoxe russe.\u00a0<\/p>\n<p><a href=\"https:\/\/www.tf1info.fr\/international\/video-tf1-mon-fils-n-a-pas-eu-le-temps-de-sortir-les-images-des-frappes-russes-qui-ont-fait-au-moins-25-morts-en-ukraine-2407722.html\" rel=\"noopener\" class=\"jsx-3308031228 Link flex\" target=\"_blank\"><img decoding=\"async\" src=\"https:\/\/www.europesays.com\/fr\/wp-content\/uploads\/2025\/11\/frappes-ukraine-19-novembre-2025-b9a42a-0@1x.jpeg\" alt=\"TF1\" loading=\"lazy\" importance=\"low\" fetchpriority=\"low\" class=\"\" aria-hidden=\"true\"\/><\/p>\n<p class=\"jsx-3657663356 ReadMoreArticle__Title\">Lire aussi<\/p>\n<p class=\"jsx-3657663356\">\u00ab\u00a0Mon fils n&rsquo;a pas eu le temps de sortir\u00a0\u00bb : les images des frappes russes qui ont fait au moins 25 morts en Ukraine<\/p>\n<p><\/a><\/p>\n<p data-module=\"article-paragraph\" class=\"jsx-3046738180 Paragraph Paragraph__End\">Cette initiative am\u00e9ricaine est vivement critiqu\u00e9e par les Europ\u00e9ens. \u00ab\u00a0Pour qu&rsquo;un plan fonctionne, il faut que les Ukrainiens et les Europ\u00e9ens soient impliqu\u00e9s, c&rsquo;est tr\u00e8s clair\u00a0\u00bb, lance la cheffe de la diplomatie de l&rsquo;UE, Kaja Kallas, ce jeudi 20 novembre. \u00ab\u00a0La paix ne peut pas \u00eatre la capitulation\u00a0\u00bb, mart\u00e8le le ministre fran\u00e7ais des Affaires \u00e9trang\u00e8res, Jean-No\u00ebl Barrot, assurant que \u00ab\u00a0les Ukrainiens refuseront toujours toute forme de capitulation\u00a0\u00bb. \u00ab\u00a0Nous voulons une paix durable qui soit entour\u00e9e des garanties n\u00e9cessaires pour pr\u00e9venir toute nouvelle agression par la Russie de Vladimir Poutine\u00a0\u00bb, conclut le chef de la diplomatie fran\u00e7aise.\u00a0<\/p>\n<p>M.G<\/p>\n","protected":false},"excerpt":{"rendered":"L&rsquo;administration am\u00e9ricaine a soumis une nouvelle \u00e9bauche de plan de paix \u00e0 la pr\u00e9sidence ukrainienne. Selon plusieurs m\u00e9dias,&hellip;\n","protected":false},"author":2,"featured_media":546765,"comment_status":"","ping_status":"","sticky":false,"template":"","format":"standard","meta":{"footnotes":""},"categories":[1590],"tags":[1111,11,1921,75,73,1777,674,1922,12,220,1917,59253,133,1920,135,134],"class_list":{"0":"post-546764","1":"post","2":"type-post","3":"status-publish","4":"format-standard","5":"has-post-thumbnail","7":"category-ukraine","8":"tag-actu","9":"tag-actualites","10":"tag-article-video","11":"tag-donald-trump","12":"tag-etats-unis","13":"tag-eu","14":"tag-europe","15":"tag-info","16":"tag-news","17":"tag-ukraine","18":"tag-ukraine-4-annee-de-guerre","19":"tag-ukraine-russie-lespoir-de-negociations-au-point-mort","20":"tag-video","21":"tag-video-international","22":"tag-vladimir-poutine","23":"tag-volodymyr-zelensky"},"share_on_mastodon":{"url":"https:\/\/pubeurope.com\/@fr\/115581923930042198","error":""},"_links":{"self":[{"href":"https:\/\/www.europesays.com\/fr\/wp-json\/wp\/v2\/posts\/546764","targetHints":{"allow":["GET"]}}],"collection":[{"href":"https:\/\/www.europesays.com\/fr\/wp-json\/wp\/v2\/posts"}],"about":[{"href":"https:\/\/www.europesays.com\/fr\/wp-json\/wp\/v2\/types\/post"}],"author":[{"embeddable":true,"href":"https:\/\/www.europesays.com\/fr\/wp-json\/wp\/v2\/users\/2"}],"replies":[{"embeddable":true,"href":"https:\/\/www.europesays.com\/fr\/wp-json\/wp\/v2\/comments?post=546764"}],"version-history":[{"count":0,"href":"https:\/\/www.europesays.com\/fr\/wp-json\/wp\/v2\/posts\/546764\/revisions"}],"wp:featuredmedia":[{"embeddable":true,"href":"https:\/\/www.europesays.com\/fr\/wp-json\/wp\/v2\/media\/546765"}],"wp:attachment":[{"href":"https:\/\/www.europesays.com\/fr\/wp-json\/wp\/v2\/media?parent=546764"}],"wp:term":[{"taxonomy":"category","embeddable":true,"href":"https:\/\/www.europesays.com\/fr\/wp-json\/wp\/v2\/categories?post=546764"},{"taxonomy":"post_tag","embeddable":true,"href":"https:\/\/www.europesays.com\/fr\/wp-json\/wp\/v2\/tags?post=546764"}],"curies":[{"name":"wp","href":"https:\/\/api.w.org\/{rel}","templated":true}]}}