{"id":546768,"date":"2025-11-20T12:03:17","date_gmt":"2025-11-20T12:03:17","guid":{"rendered":"https:\/\/www.europesays.com\/fr\/546768\/"},"modified":"2025-11-20T12:03:17","modified_gmt":"2025-11-20T12:03:17","slug":"personne-au-monde-ne-maime-plus-que-lui-meghan-evoque-son-histoire-damour-avec-le-prince-harry","status":"publish","type":"post","link":"https:\/\/www.europesays.com\/fr\/546768\/","title":{"rendered":"\u201cPersonne au monde ne m\u2019aime plus que lui\u00a0\u00bb, Meghan \u00e9voque son histoire d&rsquo;amour avec le prince Harry"},"content":{"rendered":"<p>Apr\u00e8s avoir illumin\u00e9 par surprise la Fashion week de Paris, <a target=\"_blank\" href=\"https:\/\/www.pointdevue.fr\/royal\/royaume-uni\/visite-surprise-de-meghan-markle-a-paris-pour-le-defile-balenciaga\" rel=\"noopener\">au d\u00e9but du mois d&rsquo;octobre<\/a>, <a target=\"_blank\" href=\"https:\/\/www.pointdevue.fr\/grand-angle\/biographies\/meghan-markle\" rel=\"noopener\">Meghan<\/a> poursuit son histoire d&rsquo;amour avec la mode <strong>en accordant une interview au magazine <\/strong><strong>Harper&rsquo;s Bazaar<\/strong><strong>, version am\u00e9ricaine<\/strong>. Elle pose pour quelques pages photos, mais surtout, elle se confie. Deux rendez-vous auront suffi \u00e0 Kaitlyn Greenidge pour r\u00e9diger ce portrait de la duchesse de Sussex, qui aborde sa vie professionnelle, sa c\u00e9l\u00e9brit\u00e9, mais aussi sa vie d&rsquo;adolescente et de jeune femme \u00e0 Los Angeles, la ville qu&rsquo;elle aime tant.\u00a0<\/p>\n<p><img decoding=\"async\" src=\"https:\/\/www.europesays.com\/fr\/wp-content\/uploads\/2025\/11\/ABACA_969506_013l2w2ejuqTQ.jpg\" alt=\"La duchesse de Sussex \u00e0 New York, le 10 octobre 2025.\"\/><strong>La duchesse de Sussex \u00e0 New York, le 10 octobre 2025.<\/strong> \u00a9 Dylan Travis\/ABACA<img decoding=\"async\" src=\"https:\/\/www.europesays.com\/fr\/wp-content\/uploads\/2025\/11\/ABACA_BRPAPhotos20250306_577UuEQrKZEMY.jpg\" alt=\"Le prince Harry et Meghan Markle annoncent leurs fian\u00e7ailles \u00e0 la presse le 27 novembre 2017, au palais de Kensington.\"\/>Le prince Harry et Meghan Markle annoncent leurs fian\u00e7ailles \u00e0 la presse le 27 novembre 2017, au palais de Kensington. \u00a9 Dominic Lipinski\/PA Wire<\/p>\n<p>\u00c9galement au programme de cet entretien exclusif, sa vie priv\u00e9e \u00e9videmment. C&rsquo;est d&rsquo;ailleurs par <a target=\"_blank\" href=\"https:\/\/www.pointdevue.fr\/royal\/royaume-uni\/le-prince-harry-et-meghan-markle-officiellement-fiances\" rel=\"noopener\">ses fian\u00e7ailles au prince Harry<\/a> que d\u00e9bute l&rsquo;article, \u00ab\u00a0un bouleversement tectonique\u00a0\u00bb, \u00e9crit la journaliste.<strong> \u00ab\u00a0Meghan est devenue du jour au lendemain une superstar mondiale et l\u2019objet d\u2019une fascination publique intense, faite d\u2019adoration et de vitriol\u00a0\u00bb.<\/strong> Afin de se prot\u00e9ger, la duchesse de Sussex compte sur son \u00e9poux. \u00ab\u00a0Il m\u2019aime avec tant d\u2019audace, pleinement, et il a aussi une perspective diff\u00e9rente parce qu\u2019il voit les m\u00e9dias venir quand je ne les vois pas\u201d, confie-t-elle en posant sa main sur son c\u0153ur.\u00a0<\/p>\n<p><img decoding=\"async\" src=\"https:\/\/www.europesays.com\/fr\/wp-content\/uploads\/2025\/11\/ABACA_BRPAPhotos20250519_1009TgfjOuBHH0.jpg\" alt=\"Meghan \u00e9pouse le prince Harry, le 19 mai 2018 au ch\u00e2teau de Windsor.\"\/><strong>Meghan \u00e9pouse le prince Harry, le 19 mai 2018 au ch\u00e2teau de Windsor.<\/strong> \u00a9 Ben Birchall\/PA Wire<\/p>\n<p><strong>\u201cPersonne au monde ne m\u2019aime plus que lui, alors je sais qu\u2019il veillera toujours \u00e0 me soutenir\u00a0\u00bb<\/strong>, assure-t-elle, pour contrer les sp\u00e9culations sur la sinc\u00e9rit\u00e9 du couple qu&rsquo;elle forme avec le fils cadet de <a target=\"_blank\" href=\"https:\/\/www.pointdevue.fr\/grand-angle\/biographies\/charles-iii\" rel=\"noopener\">Charles III<\/a>. Meghan r\u00e9v\u00e8le \u00e9galement ce qui l&rsquo;a s\u00e9duit chez son futur \u00e9poux, <a target=\"_blank\" href=\"https:\/\/www.pointdevue.fr\/royal\/royaume-uni\/harry-et-meghan-leur-plus-belle-histoire-damour\" rel=\"noopener\">lorsqu&rsquo;elle le rencontre en 2016<\/a>. \u00ab\u00a0Il poss\u00e8de une telle capacit\u00e9 d\u2019\u00e9merveillement enfantine et une telle espi\u00e8glerie\u00a0\u00bb, commente-t-elle, d\u00e9voilant qu&rsquo;Harry a fait ressortir ces qualit\u00e9s en elle aussi. Et dans toutes les parties de leur vie. \u00ab\u00a0M\u00eame dans le travail, je veux que nous jouions, que nous nous amusions, que nous explorions et que nous soyons cr\u00e9atifs\u00a0\u00bb, dit la cr\u00e9atrice de la marque As Ever. C&rsquo;est ce que fait la duchesse de Sussex, qui d\u00e9voilera le 3 d\u00e9cembre, l&rsquo;\u00e9pisode de No\u00ebl de sa s\u00e9rie With Love, Meghan. Avec une apparition du prince Harry, forc\u00e9ment&#8230;<\/p>\n<p>Lire aussi &gt;&gt; <a target=\"_blank\" href=\"https:\/\/www.pointdevue.fr\/royal\/royaume-uni\/le-prince-harry-et-meghan-bientot-un-voyage-au-bout-du-monde\" rel=\"noopener\">Le prince Harry et Meghan, bient\u00f4t un voyage au bout du monde ?<\/a><\/p>\n","protected":false},"excerpt":{"rendered":"Apr\u00e8s avoir illumin\u00e9 par surprise la Fashion week de Paris, au d\u00e9but du mois d&rsquo;octobre, Meghan poursuit son&hellip;\n","protected":false},"author":2,"featured_media":546769,"comment_status":"","ping_status":"","sticky":false,"template":"","format":"standard","meta":{"footnotes":""},"categories":[1588],"tags":[11,1777,674,12,473,1853,1851,1850,1852],"class_list":{"0":"post-546768","1":"post","2":"type-post","3":"status-publish","4":"format-standard","5":"has-post-thumbnail","7":"category-royaume-uni","8":"tag-actualites","9":"tag-eu","10":"tag-europe","11":"tag-news","12":"tag-royaume-uni","13":"tag-royaume-uni-de-grande-bretagne-et-dirlande-du-nord","14":"tag-uk","15":"tag-united-kingdom","16":"tag-united-kingdom-of-great-britain-and-northern-ireland"},"share_on_mastodon":{"url":"https:\/\/pubeurope.com\/@fr\/115581931258933193","error":""},"_links":{"self":[{"href":"https:\/\/www.europesays.com\/fr\/wp-json\/wp\/v2\/posts\/546768","targetHints":{"allow":["GET"]}}],"collection":[{"href":"https:\/\/www.europesays.com\/fr\/wp-json\/wp\/v2\/posts"}],"about":[{"href":"https:\/\/www.europesays.com\/fr\/wp-json\/wp\/v2\/types\/post"}],"author":[{"embeddable":true,"href":"https:\/\/www.europesays.com\/fr\/wp-json\/wp\/v2\/users\/2"}],"replies":[{"embeddable":true,"href":"https:\/\/www.europesays.com\/fr\/wp-json\/wp\/v2\/comments?post=546768"}],"version-history":[{"count":0,"href":"https:\/\/www.europesays.com\/fr\/wp-json\/wp\/v2\/posts\/546768\/revisions"}],"wp:featuredmedia":[{"embeddable":true,"href":"https:\/\/www.europesays.com\/fr\/wp-json\/wp\/v2\/media\/546769"}],"wp:attachment":[{"href":"https:\/\/www.europesays.com\/fr\/wp-json\/wp\/v2\/media?parent=546768"}],"wp:term":[{"taxonomy":"category","embeddable":true,"href":"https:\/\/www.europesays.com\/fr\/wp-json\/wp\/v2\/categories?post=546768"},{"taxonomy":"post_tag","embeddable":true,"href":"https:\/\/www.europesays.com\/fr\/wp-json\/wp\/v2\/tags?post=546768"}],"curies":[{"name":"wp","href":"https:\/\/api.w.org\/{rel}","templated":true}]}}