{"id":546770,"date":"2025-11-20T12:04:17","date_gmt":"2025-11-20T12:04:17","guid":{"rendered":"https:\/\/www.europesays.com\/fr\/546770\/"},"modified":"2025-11-20T12:04:17","modified_gmt":"2025-11-20T12:04:17","slug":"la-souverainete-numerique-en-europe-le-grand-ecart-entre-discours-et-realite","status":"publish","type":"post","link":"https:\/\/www.europesays.com\/fr\/546770\/","title":{"rendered":"La souverainet\u00e9 num\u00e9rique en Europe, le grand \u00e9cart entre discours et r\u00e9alit\u00e9"},"content":{"rendered":"<p>La France et l&rsquo;Allemagne ont \u00e9t\u00e9 les deux principaux orchestrateurs, ciblant sept domaines strat\u00e9giques pour amplifier la comp\u00e9titivit\u00e9 et la souverainet\u00e9 num\u00e9rique de l&rsquo;UE :<\/p>\n<ul>\n<li style=\"line-height:1.38\">Simplification\u00a0<\/li>\n<li>March\u00e9s num\u00e9riques plus \u00e9quitables\u00a0<\/li>\n<li>Souverainet\u00e9 des donn\u00e9es\u00a0<\/li>\n<li>Biens communs num\u00e9riques<\/li>\n<li>Infrastructures publiques num\u00e9riques et outils open source pour l&rsquo;administration publique<\/li>\n<li>Groupe de travail sur la souverainet\u00e9 num\u00e9rique<\/li>\n<li>IA europ\u00e9enne de pointe<\/li>\n<\/ul>\n<p>En mettant l&rsquo;accent sur la coordination et l&rsquo;effet de levier des investissements du secteur priv\u00e9, la France et l&rsquo;Allemagne ont renforc\u00e9 l&rsquo;engagement en faveur de la souverainet\u00e9 num\u00e9rique d\u00e9j\u00e0 pris par les leaders technologiques europ\u00e9ens. On peut s\u2019interroger sur la pertinence de ces objectifs, qui s\u2019inscrivent dans un contexte o\u00f9 la Commission envisage un assouplissement des r\u00e8gles, notamment en mati\u00e8re d\u2019IA et de protection des donn\u00e9es. L\u2019effet de levier des investissements priv\u00e9s n\u2019est pas en soi une d\u00e9r\u00e9glementation, mais il s\u2019accompagne m\u00e9caniquement d\u2019un d\u00e9placement du pouvoir vers le secteur priv\u00e9, et donc d\u2019un cadre o\u00f9 les exigences publiques risquent de s\u2019affaiblir.<\/p>\n<p>Le chancelier allemand Friedrich Merz et le pr\u00e9sident fran\u00e7ais Emmanuel Macron ont tous deux prononc\u00e9 des discours confiants sur la souverainet\u00e9 num\u00e9rique en Europe. Merz la qualifie d&rsquo;\u00e9tape importante sur la voie vers \u00ab une Europe num\u00e9rique souveraine, s\u00fbre et comp\u00e9titive \u00bb, soulignant l&rsquo;interd\u00e9pendance et la collaboration entre les secteurs \u00e9conomiques fran\u00e7ais et allemand avec un investissement de \u00ab 12 milliards d&rsquo;euros \u00bb dans des technologies cl\u00e9s.\u00a0<\/p>\n<p>\u00c0 travers des d\u00e9clarations au ton tr\u00e8s affirm\u00e9, les deux dirigeants soulignent que \u00ab l&rsquo;Europe rel\u00e8ve le d\u00e9fi \u00bb et qu&rsquo;elle \u00ab a les atouts n\u00e9cessaires pour mener l&rsquo;\u00e8re num\u00e9rique \u00bb. Macron \u00e9voque plus particuli\u00e8rement l&rsquo;acc\u00e9l\u00e9ration de l&rsquo;innovation europ\u00e9enne, \u00ab afin de maintenir une protection des donn\u00e9es solide et d&rsquo;appeler \u00e0 des conditions de march\u00e9 plus \u00e9quitables \u00bb.<\/p>\n<p>Ces affirmations font n\u00e9anmoins appara\u00eetre une tension majeure : comment l\u2019UE peut-elle poursuivre ces ambitions tout en \u00e9vitant que l\u2019IA ne s\u2019\u00e9tende progressivement \u00e0 l\u2019ensemble de l\u2019\u00e9conomie politique, puis \u00e0 la soci\u00e9t\u00e9 ?<\/p>\n<p>Avec la probable volont\u00e9 de revoir \u00e0 la baisse certaines dispositions du r\u00e8glement g\u00e9n\u00e9ral sur la protection des donn\u00e9es ces derni\u00e8res ann\u00e9es, on peut consid\u00e9rer que la d\u00e9r\u00e9glementation est la strat\u00e9gie qui commence \u00e0 \u00eatre privil\u00e9gi\u00e9e pour stimuler le secteur technologique europ\u00e9en, en particulier l\u2019IA.<\/p>\n<p>On en vient alors \u00e0 douter de l\u2019efficacit\u00e9 r\u00e9elle des r\u00e8gles annonc\u00e9es lors de sommets comme celui de Berlin, qui g\u00e9n\u00e8rent beaucoup de discours mais peinent \u00e0 se traduire dans les faits. Ce scepticisme est renforc\u00e9 par la domination des multinationales am\u00e9ricaines telles que Google, Meta et Microsoft. Ces entreprises disposent d\u2019une marge de man\u0153uvre consid\u00e9rable pour consolider des positions quasi monopolistiques et contourner le \u00ab principe de limitation de la finalit\u00e9 \u00bb du RGPD en exploitant les donn\u00e9es des utilisateurs \u00e0 leur avantage.<\/p>\n<p>Le RGPD et les restrictions num\u00e9riques \u00e9voqu\u00e9es lors du sommet sont pr\u00e9sent\u00e9s comme des outils essentiels pour pr\u00e9server l\u2019autonomie technologique de l\u2019Europe face aux g\u00e9ants du num\u00e9rique. Reste \u00e0 savoir si ces principes seront r\u00e9ellement appliqu\u00e9s, ou s\u2019ils serviront surtout de fa\u00e7ade \u00e0 une d\u00e9r\u00e9glementation progressive \u00a0(voire \u00e0 une mise en \u0153uvre affaiblie) qui maintiendrait l\u2019Union europ\u00e9enne dans une situation de d\u00e9pendance vis-\u00e0-vis des entreprises am\u00e9ricaines.<\/p>\n<p class=\"p-empty\">\u00a0<\/p>\n<p>Pour recevoir gratuitement notre newsletter du lundi au vendredi,\u00a0<a href=\"https:\/\/lepetitjournal.com\/newsletter\" target=\"_blank\" rel=\"noopener noreferrer nofollow\">inscrivez-vous<\/a>\u00a0!<br \/>Pour nous suivre sur\u00a0<a href=\"https:\/\/www.facebook.com\/LPJAllemagne\/\" target=\"_blank\" rel=\"noopener noreferrer nofollow\">Facebook<\/a>,\u00a0<a href=\"https:\/\/twitter.com\/LPJ_Allemagne\" target=\"_blank\" rel=\"noopener noreferrer nofollow\">Twitter<\/a>,<a href=\"https:\/\/www.linkedin.com\/company\/lepetitjournal-com-allemagne\" target=\"_blank\" rel=\"nofollow noopener\">\u00a0LinkedIn<\/a>\u00a0et\u00a0<a href=\"https:\/\/www.instagram.com\/lpj_Allemagne\/\" target=\"_blank\" rel=\"noopener noreferrer nofollow\">Instagram<\/a>.\u00a0<\/p>\n<p><script async src=\"https:\/\/platform.twitter.com\/widgets.js\" charset=\"utf-8\"><\/script><script async src=\"\/\/www.instagram.com\/embed.js\"><\/script><\/p>\n","protected":false},"excerpt":{"rendered":"La France et l&rsquo;Allemagne ont \u00e9t\u00e9 les deux principaux orchestrateurs, ciblant sept domaines strat\u00e9giques pour amplifier la comp\u00e9titivit\u00e9&hellip;\n","protected":false},"author":2,"featured_media":546771,"comment_status":"","ping_status":"","sticky":false,"template":"","format":"standard","meta":{"footnotes":""},"categories":[1587],"tags":[11,672,1804,1805,1803,1777,674,1801,12,1802],"class_list":{"0":"post-546770","1":"post","2":"type-post","3":"status-publish","4":"format-standard","5":"has-post-thumbnail","7":"category-allemagne","8":"tag-actualites","9":"tag-allemagne","10":"tag-bundesrepublik-deutschland","11":"tag-de","12":"tag-deutschland","13":"tag-eu","14":"tag-europe","15":"tag-germany","16":"tag-news","17":"tag-republique-federale-dallemagne"},"share_on_mastodon":{"url":"https:\/\/pubeurope.com\/@fr\/115581934922161292","error":""},"_links":{"self":[{"href":"https:\/\/www.europesays.com\/fr\/wp-json\/wp\/v2\/posts\/546770","targetHints":{"allow":["GET"]}}],"collection":[{"href":"https:\/\/www.europesays.com\/fr\/wp-json\/wp\/v2\/posts"}],"about":[{"href":"https:\/\/www.europesays.com\/fr\/wp-json\/wp\/v2\/types\/post"}],"author":[{"embeddable":true,"href":"https:\/\/www.europesays.com\/fr\/wp-json\/wp\/v2\/users\/2"}],"replies":[{"embeddable":true,"href":"https:\/\/www.europesays.com\/fr\/wp-json\/wp\/v2\/comments?post=546770"}],"version-history":[{"count":0,"href":"https:\/\/www.europesays.com\/fr\/wp-json\/wp\/v2\/posts\/546770\/revisions"}],"wp:featuredmedia":[{"embeddable":true,"href":"https:\/\/www.europesays.com\/fr\/wp-json\/wp\/v2\/media\/546771"}],"wp:attachment":[{"href":"https:\/\/www.europesays.com\/fr\/wp-json\/wp\/v2\/media?parent=546770"}],"wp:term":[{"taxonomy":"category","embeddable":true,"href":"https:\/\/www.europesays.com\/fr\/wp-json\/wp\/v2\/categories?post=546770"},{"taxonomy":"post_tag","embeddable":true,"href":"https:\/\/www.europesays.com\/fr\/wp-json\/wp\/v2\/tags?post=546770"}],"curies":[{"name":"wp","href":"https:\/\/api.w.org\/{rel}","templated":true}]}}