{"id":546772,"date":"2025-11-20T12:05:21","date_gmt":"2025-11-20T12:05:21","guid":{"rendered":"https:\/\/www.europesays.com\/fr\/546772\/"},"modified":"2025-11-20T12:05:21","modified_gmt":"2025-11-20T12:05:21","slug":"les-encheres-pour-une-place-en-nba-europe-demarreront-au-debut-dannee-2026","status":"publish","type":"post","link":"https:\/\/www.europesays.com\/fr\/546772\/","title":{"rendered":"Les ench\u00e8res pour une place en NBA Europe d\u00e9marreront au d\u00e9but d&rsquo;ann\u00e9e 2026 !"},"content":{"rendered":"<p>Alors que le projet NBA Europe se concr\u00e9tise de jour en jour, avec <a href=\"https:\/\/www.basketeurope.com\/la-nba-europe-demarrera-au-plus-tot-en-octobre-2027\" rel=\"noreferrer nofollow noopener\" target=\"_blank\">un lancement esp\u00e9r\u00e9 pour octobre 2027<\/a>, Mark Tatum, commissionnaire adjoint de la NBA, a annonc\u00e9 que les ench\u00e8res pour int\u00e9grer la nouvelle ligue am\u00e9ricaine seront lanc\u00e9es au d\u00e9but d&rsquo;ann\u00e9e 2026. D&rsquo;apr\u00e8s le <a href=\"https:\/\/www.sportsbusinessjournal.com\/Articles\/2025\/11\/19\/tatum-nba-europe-to-likely-to-open-bidding-in-q1-2026?ref=basketeurope.com\" rel=\"noreferrer nofollow noopener\" target=\"_blank\">Sports Business Journal<\/a>, les prix se situeront entre 500 millions et un Milliard de $.<\/p>\n<p>L&rsquo;homme d&rsquo;affaires a \u00e9galement nomm\u00e9 quelques clubs europ\u00e9ens qui semblent \u00e9norm\u00e9ment plaire \u00e0 la ligue am\u00e9ricaine. Si rien n&rsquo;a \u00e9t\u00e9 officiellement annonc\u00e9, ceux-ci peuvent faire figure de favoris pour int\u00e9grer la NBA Europe d\u00e8s son lancement.<\/p>\n<blockquote><p>\u00ab\u00a0\u00c7a serait comme une Ligue des Champions de basket en Europe. Avec des marques comme le Real, le Bar\u00e7a, Manchester City, le PSG et l&rsquo;AC Milan qui joueraient au basket. C&rsquo;est assez convaincant. Ce n&rsquo;est pas un contenu premium qui n&rsquo;int\u00e9resse qu&rsquo;en Europe. \u00c7a int\u00e9ressera en Asie et en Am\u00e9rique parce que les marques dont on parle sont suivies partout dans le monde.\u00a0\u00bb<\/p><\/blockquote>\n<p>Bient\u00f4t une WNBA Europe ?<\/p>\n<p>Si rien n&rsquo;est encore officialis\u00e9 quant au projet initial de la NBA en Europe, Tatum a pr\u00e9cis\u00e9 que l&rsquo;une des premi\u00e8res questions abord\u00e9es avec les investisseurs serait la potentielle cr\u00e9ation d&rsquo;une ligue WNBA sur le Vieux Continent. Il a \u00e9galement confirm\u00e9 qu&rsquo;une \u00ab\u00a0conversation devait avoir lieu\u00a0\u00bb pour voir comment coordonner cela avec les comp\u00e9titions f\u00e9minines de la FIBA.<\/p>\n","protected":false},"excerpt":{"rendered":"Alors que le projet NBA Europe se concr\u00e9tise de jour en jour, avec un lancement esp\u00e9r\u00e9 pour octobre&hellip;\n","protected":false},"author":2,"featured_media":546773,"comment_status":"","ping_status":"","sticky":false,"template":"","format":"standard","meta":{"footnotes":""},"categories":[1586],"tags":[11,1777,674,1011,27,12,25],"class_list":{"0":"post-546772","1":"post","2":"type-post","3":"status-publish","4":"format-standard","5":"has-post-thumbnail","7":"category-europe","8":"tag-actualites","9":"tag-eu","10":"tag-europe","11":"tag-fr","12":"tag-france","13":"tag-news","14":"tag-republique-francaise"},"share_on_mastodon":{"url":"https:\/\/pubeurope.com\/@fr\/115581938826661228","error":""},"_links":{"self":[{"href":"https:\/\/www.europesays.com\/fr\/wp-json\/wp\/v2\/posts\/546772","targetHints":{"allow":["GET"]}}],"collection":[{"href":"https:\/\/www.europesays.com\/fr\/wp-json\/wp\/v2\/posts"}],"about":[{"href":"https:\/\/www.europesays.com\/fr\/wp-json\/wp\/v2\/types\/post"}],"author":[{"embeddable":true,"href":"https:\/\/www.europesays.com\/fr\/wp-json\/wp\/v2\/users\/2"}],"replies":[{"embeddable":true,"href":"https:\/\/www.europesays.com\/fr\/wp-json\/wp\/v2\/comments?post=546772"}],"version-history":[{"count":0,"href":"https:\/\/www.europesays.com\/fr\/wp-json\/wp\/v2\/posts\/546772\/revisions"}],"wp:featuredmedia":[{"embeddable":true,"href":"https:\/\/www.europesays.com\/fr\/wp-json\/wp\/v2\/media\/546773"}],"wp:attachment":[{"href":"https:\/\/www.europesays.com\/fr\/wp-json\/wp\/v2\/media?parent=546772"}],"wp:term":[{"taxonomy":"category","embeddable":true,"href":"https:\/\/www.europesays.com\/fr\/wp-json\/wp\/v2\/categories?post=546772"},{"taxonomy":"post_tag","embeddable":true,"href":"https:\/\/www.europesays.com\/fr\/wp-json\/wp\/v2\/tags?post=546772"}],"curies":[{"name":"wp","href":"https:\/\/api.w.org\/{rel}","templated":true}]}}