{"id":546779,"date":"2025-11-20T12:09:16","date_gmt":"2025-11-20T12:09:16","guid":{"rendered":"https:\/\/www.europesays.com\/fr\/546779\/"},"modified":"2025-11-20T12:09:16","modified_gmt":"2025-11-20T12:09:16","slug":"france-culture-et-la-scad-cherchent-de-nouveaux-auteurs","status":"publish","type":"post","link":"https:\/\/www.europesays.com\/fr\/546779\/","title":{"rendered":"France Culture et la SCAD cherchent de nouveaux auteurs"},"content":{"rendered":"<p class=\"PopSlotParagraph qg-tx2 qg-xtra-lh svelte-1r0pyek\">Chaque soir \u00e0 20h l\u2019antenne de France Culture fait place \u00e0 l\u2019imaginaire.\u201cLa s\u00e9rie fiction\u201d reste l\u2019un des podcasts le plus t\u00e9l\u00e9charg\u00e9s avec pr\u00e8s d\u20191, 4 millions d\u2019\u00e9coute \u00e0 la demande sur le seul mois d\u2019octobre 2025. Et pour la 5\u1d49 ann\u00e9e, France Culture et la SACD viennent de lancer un appel aux auteurs pour \u00e9crire les nouvelles fictions audios.<\/p>\n<p class=\"PopSlotParagraph qg-tx2 qg-xtra-lh svelte-1r0pyek\">https:\/\/www.sacd.fr\/fr\/france-culture-et-la-sacd-lancent-un-nouvel-appel-projets-pour-des-fictions-audio-innovantes-0<\/p>\n<p> Les br\u00e8ves du jour\u00a0:<\/p>\n<ul>\n<li><strong>Un rapport de la Cour des comptes \u00e9trille le Centre national des arts plastiques\u00a0:<\/strong>\u00a0<a href=\"https:\/\/www.ccomptes.fr\/fr\/publications\/le-centre-national-des-arts-plastiques-cnap\" target=\"_blank\" rel=\"noopener noreferrer nofollow\" class=\"\" data-testid=\"link\">Dans ce rapport pr\u00e9sent\u00e9<\/a> mercredi 19 novembre, la Cour des comptes pr\u00e9conise de supprimer le CNAP d\u2019ici \u00e0 2030 et de r\u00e9partir ses missions entre le minist\u00e8re de la Culture, le Centre Pompidou et le Mobilier national. Le magistrat qui a conduit ce rapport reproche \u00e0 l\u2019organisme d\u2019avoir un mod\u00e8le \u00e9conomique insoutenable dont les aides n\u2019auraient presque pas d\u2019impact sur la cr\u00e9ation contemporaine, d\u2019acqu\u00e9rir des\u00a0\u0153uvres\u00a0qui seraient peu montr\u00e9es au public et d\u2019avoir une gestion\u00a0administrative\u00a0trop lourde et trop co\u00fbteuse.\u00a0<a href=\"https:\/\/www.radiofrance.fr\/franceculture\/podcasts\/le-point-culture\/les-midis-de-culture-le-point-culture-emission-du-mardi-28-octobre-2025-8161929\" class=\"\" data-testid=\"link\" rel=\"nofollow noopener\" target=\"_blank\">Cr\u00e9\u00e9 en 1982, le CNAP a pour mission<\/a>, entre autres, d\u2019acqu\u00e9rir des\u00a0\u0153uvres\u00a0d\u2019art aupr\u00e8s d\u2019artistes contemporains et de valoriser les collections de l\u2019\u00c9tat. La ministre de la Culture Rachida Dati a d\u00e9j\u00e0 annonc\u00e9 qu\u2019elle refusait cette suppression.<\/li>\n<\/ul>\n<ul>\n<li><strong>Des biblioth\u00e9caires en gr\u00e8ve mercredi 19 novembre \u00e0 Paris\u00a0:<\/strong>\u00a0Une gr\u00e8ve reconductible a d\u00e9but\u00e9 dans les biblioth\u00e8ques de la capitale pour protester contre le plan \u201cLire \u00e0 Paris 2\u201d. Ce plan pr\u00e9voit en effet d\u2019augmenter les horaires d\u2019ouverture des biblioth\u00e8ques sans qu\u2019aucun\u00a0recrutement\u00a0de personnels\u00a0suppl\u00e9mentaires\u00a0ne\u00a0soit\u00a0pr\u00e9vu l&rsquo;an prochain. Les biblioth\u00e9caires\u00a0protestent\u00a0aussi contre une\u00a0redistribution\u00a0des budgets au profit des acquisitions jeunesse qui\u00a0va n\u00e9cessairement fragiliser\u00a0les autres cat\u00e9gories d\u2019ouvrages. La gr\u00e8ve sera reconduite ce samedi. Les biblioth\u00e9caires\u00a0r\u00e9clament un moratoire sur l&rsquo;augmentation des horaires et la baisse des\u00a0budgets\u00a0ainsi que la cr\u00e9ation de\u00a0nouveaux\u00a0postes.<\/li>\n<\/ul>\n<p class=\"BounceCard-label qg-st4 svelte-990b7w\" role=\"heading\" aria-level=\"2\">\u00c0 \u00e9couter<\/p>\n<p>      <img decoding=\"async\" src=\"https:\/\/www.europesays.com\/fr\/wp-content\/uploads\/2025\/11\/1763640556_184_120x120_sc_carre.jpg\" width=\"120\" height=\"120\" alt=\"\" loading=\"lazy\" fetchpriority=\"low\" data-testid=\"image-tag\" style=\"--_image-preview:url('data:image\/jpeg;base64,\/9j\/2wBDACgcHiMeGSgjISMtKygwPGRBPDc3PHtYXUlkkYCZlo+AjIqgtObDoKrarYqMyP\/L2u71\/\/\/\/m8H\/\/\/\/6\/+b9\/\/j\/2wBDASstLTw1PHZBQXb4pYyl+Pj4+Pj4+Pj4+Pj4+Pj4+Pj4+Pj4+Pj4+Pj4+Pj4+Pj4+Pj4+Pj4+Pj4+Pj4+Pj4+Pj\/wAARCAAqACoDASIAAhEBAxEB\/8QAGAABAQEBAQAAAAAAAAAAAAAAAwIBBAD\/xAAYEAEBAQEBAAAAAAAAAAAAAAAAAQISEf\/EABgBAAMBAQAAAAAAAAAAAAAAAAECAwAE\/8QAFxEBAQEBAAAAAAAAAAAAAAAAAAERAv\/aAAwDAQACEQMRAD8A5pSZDmlzUK7tLIrxmVl0lo7E+E0lSdFxx5ps0GSZrWDrpzVdAmm9p2AW1HqLtnQwXPKqaHGqkJ092NgYJemdIeDG1\/\/Z');\" aria-hidden=\"true\" class=\"svelte-1n5zs1o ratio\" onload=\"this.__e=event\" onerror=\"this.__e=event\"\/>  <\/p>\n","protected":false},"excerpt":{"rendered":"Chaque soir \u00e0 20h l\u2019antenne de France Culture fait place \u00e0 l\u2019imaginaire.\u201cLa s\u00e9rie fiction\u201d reste l\u2019un des podcasts&hellip;\n","protected":false},"author":2,"featured_media":546780,"comment_status":"","ping_status":"","sticky":false,"template":"","format":"standard","meta":{"footnotes":""},"categories":[4],"tags":[11,1011,27,12,25],"class_list":{"0":"post-546779","1":"post","2":"type-post","3":"status-publish","4":"format-standard","5":"has-post-thumbnail","7":"category-france","8":"tag-actualites","9":"tag-fr","10":"tag-france","11":"tag-news","12":"tag-republique-francaise"},"share_on_mastodon":{"url":"https:\/\/pubeurope.com\/@fr\/115581955255103827","error":""},"_links":{"self":[{"href":"https:\/\/www.europesays.com\/fr\/wp-json\/wp\/v2\/posts\/546779","targetHints":{"allow":["GET"]}}],"collection":[{"href":"https:\/\/www.europesays.com\/fr\/wp-json\/wp\/v2\/posts"}],"about":[{"href":"https:\/\/www.europesays.com\/fr\/wp-json\/wp\/v2\/types\/post"}],"author":[{"embeddable":true,"href":"https:\/\/www.europesays.com\/fr\/wp-json\/wp\/v2\/users\/2"}],"replies":[{"embeddable":true,"href":"https:\/\/www.europesays.com\/fr\/wp-json\/wp\/v2\/comments?post=546779"}],"version-history":[{"count":0,"href":"https:\/\/www.europesays.com\/fr\/wp-json\/wp\/v2\/posts\/546779\/revisions"}],"wp:featuredmedia":[{"embeddable":true,"href":"https:\/\/www.europesays.com\/fr\/wp-json\/wp\/v2\/media\/546780"}],"wp:attachment":[{"href":"https:\/\/www.europesays.com\/fr\/wp-json\/wp\/v2\/media?parent=546779"}],"wp:term":[{"taxonomy":"category","embeddable":true,"href":"https:\/\/www.europesays.com\/fr\/wp-json\/wp\/v2\/categories?post=546779"},{"taxonomy":"post_tag","embeddable":true,"href":"https:\/\/www.europesays.com\/fr\/wp-json\/wp\/v2\/tags?post=546779"}],"curies":[{"name":"wp","href":"https:\/\/api.w.org\/{rel}","templated":true}]}}