{"id":54678,"date":"2025-04-26T15:20:21","date_gmt":"2025-04-26T15:20:21","guid":{"rendered":"https:\/\/www.europesays.com\/fr\/54678\/"},"modified":"2025-04-26T15:20:21","modified_gmt":"2025-04-26T15:20:21","slug":"trois-ans-apres-une-agression-au-couteau-le-suspect-se-rend-a-la-police","status":"publish","type":"post","link":"https:\/\/www.europesays.com\/fr\/54678\/","title":{"rendered":"trois ans apr\u00e8s une agression au couteau, le suspect se rend \u00e0 la police"},"content":{"rendered":"<p>            Par<br \/>\n        <strong><br \/>\n            <a href=\"https:\/\/actu.fr\/auteur\/lea-pippinato\" title=\"Consulter tous les articles de L\u00e9a Pippinato\" target=\"_blank\" rel=\"noopener\">L\u00e9a Pippinato<\/a><br \/>\n        <\/strong><\/p>\n<p>        Publi\u00e9 le<\/p>\n<p>            25 avr. 2025 \u00e0 18h58        <\/p>\n<p>L\u2019affaire d\u00e9bute un soir <strong>d\u2019avril 2022<\/strong>, sur la place de l\u2019Europe \u00e0 <strong>Montpellier<\/strong>. Dans l\u2019un des bars de ce quartier anim\u00e9, deux groupes de jeunes partagent la soir\u00e9e. L\u2019ambiance d\u00e9g\u00e9n\u00e8re et une altercation \u00e9clate \u00e0 l\u2019int\u00e9rieur de l\u2019\u00e9tablissement. Elle se poursuit \u00e0 l\u2019ext\u00e9rieur, devant la terrasse. Deux jeunes femmes commencent \u00e0 se battre.<\/p>\n<p>    <a href=\"https:\/\/www.google.com\/maps\/embed?pb=!1m18!1m12!1m3!1d23106.516094525425!2d3.874449!3d43.62081250000001!2m3!1f0!2f0!3f0!3m2!1i1024!2i768!4f13.1!3m3!1m2!1s0x12b6af9d21623cc5%3A0x4f20678f30728ecb!2sEsplanade%20de%20l%E2%80%99Europe!5e0!3m2!1sen!2sfr!4v1745598070268!5m2!1sen!2sfr\" title=\"Ouvrie le lien\" target=\"_blank\" rel=\"noopener\">Cliquez ici pour visualiser le contenu<\/a><\/p>\n<p class=\" wall-content\">Un jeune homme de 21 ans tente de s\u2019interposer. Il fait partie de l\u2019un des deux groupes. En voulant s\u00e9parer les protagonistes, il devient la cible d\u2019un autre homme. Celui-ci sort un couteau, le plaque sur la gorge de l\u2019intervenant, puis abaisse la lame. La victime est touch\u00e9e au cou, sa plaie mesure dix centim\u00e8tres. Six points de suture sont n\u00e9cessaires et les m\u00e9decins prescrivent deux jours d\u2019incapacit\u00e9 temporaire de travail (ITT).<\/p>\n<p>Un suspect identifi\u00e9, puis silencieux<\/p>\n<p class=\" wall-content\">Gr\u00e2ce \u00e0 un t\u00e9moignage, les policiers identifient le suspect. Mais il ne r\u00e9pond pas aux convocations. Les mois passent, puis les ann\u00e9es. Jusqu\u2019\u00e0 <strong>ce jeudi 24 avril 2025<\/strong>. Contre toute attente, il se rend de lui-m\u00eame au commissariat. Il se pr\u00e9sente spontan\u00e9ment aux policiers nationaux. Lors de son audition, l\u2019homme ne conteste pas les faits. Il reconna\u00eet avoir \u00e9t\u00e9 pr\u00e9sent, mais affirme ne se souvenir de rien. Il dit avoir consomm\u00e9 de l\u2019alcool ce soir-l\u00e0 et avoue \u00e9galement souffrir de probl\u00e8mes li\u00e9s \u00e0 cette addiction depuis plusieurs ann\u00e9es. Son permis de conduire lui a d\u2019ailleurs \u00e9t\u00e9 retir\u00e9 pour cette raison.<\/p>\n<p class=\" wall-content\">Malgr\u00e9 l\u2019amn\u00e9sie invoqu\u00e9e, il reste poursuivi pour violences volontaires avec arme et ITT de moins de huit jours. Remis en ;libert\u00e9, il compara\u00eetra devant le tribunal correctionnel de Montpellier <strong>le 17 septembre prochain.<\/strong><\/p>\n<p>Vid\u00e9os : en ce moment sur Actu<\/p>\n<p class=\" wall-content\">Suivez toute l\u2019actualit\u00e9 de vos villes et m\u00e9dias favoris en vous inscrivant \u00e0 <a href=\"https:\/\/moncompte.actu.fr\" title=\"D\u00e9couvez Mon Actu\" rel=\"nofollow noopener\" data-trk=\"{&quot;cta&quot;:{&quot;action&quot;:&quot;https:\\\/\\\/moncompte.actu.fr&quot;,&quot;category&quot;:&quot;mon compte&quot;,&quot;from&quot;:&quot;article footer&quot;,&quot;name&quot;:&quot;Mon actu&quot;,&quot;type&quot;:&quot;cta&quot;}}\" target=\"_blank\">Mon Actu<\/a>.<\/p>\n","protected":false},"excerpt":{"rendered":"Par L\u00e9a Pippinato Publi\u00e9 le 25 avr. 2025 \u00e0 18h58 L\u2019affaire d\u00e9bute un soir d\u2019avril 2022, sur la&hellip;\n","protected":false},"author":2,"featured_media":54679,"comment_status":"","ping_status":"","sticky":false,"template":"","format":"standard","meta":{"footnotes":""},"categories":[9599],"tags":[1111,11,5702,1777,674,118,1011,27,2208,12,2680,1072,25,7501],"class_list":{"0":"post-54678","1":"post","2":"type-post","3":"status-publish","4":"format-standard","5":"has-post-thumbnail","7":"category-montpellier","8":"tag-actu","9":"tag-actualites","10":"tag-alcool","11":"tag-eu","12":"tag-europe","13":"tag-faits-divers","14":"tag-fr","15":"tag-france","16":"tag-montpellier","17":"tag-news","18":"tag-occitanie","19":"tag-police","20":"tag-republique-francaise","21":"tag-violences-urbaines"},"share_on_mastodon":{"url":"https:\/\/pubeurope.com\/@fr\/114404945049566191","error":""},"_links":{"self":[{"href":"https:\/\/www.europesays.com\/fr\/wp-json\/wp\/v2\/posts\/54678","targetHints":{"allow":["GET"]}}],"collection":[{"href":"https:\/\/www.europesays.com\/fr\/wp-json\/wp\/v2\/posts"}],"about":[{"href":"https:\/\/www.europesays.com\/fr\/wp-json\/wp\/v2\/types\/post"}],"author":[{"embeddable":true,"href":"https:\/\/www.europesays.com\/fr\/wp-json\/wp\/v2\/users\/2"}],"replies":[{"embeddable":true,"href":"https:\/\/www.europesays.com\/fr\/wp-json\/wp\/v2\/comments?post=54678"}],"version-history":[{"count":0,"href":"https:\/\/www.europesays.com\/fr\/wp-json\/wp\/v2\/posts\/54678\/revisions"}],"wp:featuredmedia":[{"embeddable":true,"href":"https:\/\/www.europesays.com\/fr\/wp-json\/wp\/v2\/media\/54679"}],"wp:attachment":[{"href":"https:\/\/www.europesays.com\/fr\/wp-json\/wp\/v2\/media?parent=54678"}],"wp:term":[{"taxonomy":"category","embeddable":true,"href":"https:\/\/www.europesays.com\/fr\/wp-json\/wp\/v2\/categories?post=54678"},{"taxonomy":"post_tag","embeddable":true,"href":"https:\/\/www.europesays.com\/fr\/wp-json\/wp\/v2\/tags?post=54678"}],"curies":[{"name":"wp","href":"https:\/\/api.w.org\/{rel}","templated":true}]}}