{"id":546784,"date":"2025-11-20T12:12:12","date_gmt":"2025-11-20T12:12:12","guid":{"rendered":"https:\/\/www.europesays.com\/fr\/546784\/"},"modified":"2025-11-20T12:12:12","modified_gmt":"2025-11-20T12:12:12","slug":"rugby-section-paloise-annee-terminee-pour-tumua-manu-le-point-infirmerie","status":"publish","type":"post","link":"https:\/\/www.europesays.com\/fr\/546784\/","title":{"rendered":"Rugby &#8211; Section Paloise\u00a0: ann\u00e9e termin\u00e9e pour Tumua Manu (+\u00a0le point infirmerie)"},"content":{"rendered":"<p>Le bulletin m\u00e9dical de la semaine de la Section Paloise est porteur d\u2019une bonne et d\u2019une mauvaise nouvelle au rayon trois-quarts\u00a0: la bonne, c\u2019est qu\u2019Emilien Gailleton, sorti sur protocole commotion avec le XV de France face aux Fidji, est bien disponible et devrait postuler ce vendredi pour le voyage \u00e0 Bordeaux-B\u00e8gles. La mauvaise, c\u2019est l\u2019indisponibilit\u00e9 \u00e0 venir de Tumua Manu.<\/p>\n<p>Parti \u00e0 Duba\u00ef avec sa s\u00e9lection pour y disputer les matches de qualification au prochain Mondial, le Samoan souffre d\u2019une entorse du ligament lat\u00e9ral interne et le club \u00e9voque \u00e0 son sujet une absence d\u2019\u00bbenviron deux \u00e0 trois mois\u00a0\u00bb. On ne le reverra donc pas avant 2026.<\/p>\n<p>Quatre retours confirm\u00e9s<\/p>\n<p>Autres absences programm\u00e9es ce vendredi pour la reprise du Top 14, celles des convalescents Th\u00e9o Attissogbe (genou), Olivier Klemenczak (dos), Mehdi Tlili (\u00e9paule), Luke Whitelock (tendon d\u2019Achille), Hugo Parrou (\u00e9paule) et Carwyn Tuipulotu (\u00e9paule).<\/p>\n<p>Idem pour Joe Simmonds (mollet) qui visait plus la fin du mois. Une liste allong\u00e9e.<\/p>\n<p>En revanche, la lumi\u00e8re se rallume pour quatre joueurs. Devant, le talonneur Hayam El Bibouji et le pilier Jon Zabala sont officiellement aptes, tout comme le demi de m\u00eal\u00e9e Dan Robson et l\u2019ailier Cl\u00e9ment Laporte.<\/p>\n","protected":false},"excerpt":{"rendered":"Le bulletin m\u00e9dical de la semaine de la Section Paloise est porteur d\u2019une bonne et d\u2019une mauvaise nouvelle&hellip;\n","protected":false},"author":2,"featured_media":546785,"comment_status":"","ping_status":"","sticky":false,"template":"","format":"standard","meta":{"footnotes":""},"categories":[1416],"tags":[1011,27,479,1468,60],"class_list":{"0":"post-546784","1":"post","2":"type-post","3":"status-publish","4":"format-standard","5":"has-post-thumbnail","7":"category-rugby","8":"tag-fr","9":"tag-france","10":"tag-rugby","11":"tag-rugby-football","12":"tag-sports"},"share_on_mastodon":{"url":"https:\/\/pubeurope.com\/@fr\/115581966381142707","error":""},"_links":{"self":[{"href":"https:\/\/www.europesays.com\/fr\/wp-json\/wp\/v2\/posts\/546784","targetHints":{"allow":["GET"]}}],"collection":[{"href":"https:\/\/www.europesays.com\/fr\/wp-json\/wp\/v2\/posts"}],"about":[{"href":"https:\/\/www.europesays.com\/fr\/wp-json\/wp\/v2\/types\/post"}],"author":[{"embeddable":true,"href":"https:\/\/www.europesays.com\/fr\/wp-json\/wp\/v2\/users\/2"}],"replies":[{"embeddable":true,"href":"https:\/\/www.europesays.com\/fr\/wp-json\/wp\/v2\/comments?post=546784"}],"version-history":[{"count":0,"href":"https:\/\/www.europesays.com\/fr\/wp-json\/wp\/v2\/posts\/546784\/revisions"}],"wp:featuredmedia":[{"embeddable":true,"href":"https:\/\/www.europesays.com\/fr\/wp-json\/wp\/v2\/media\/546785"}],"wp:attachment":[{"href":"https:\/\/www.europesays.com\/fr\/wp-json\/wp\/v2\/media?parent=546784"}],"wp:term":[{"taxonomy":"category","embeddable":true,"href":"https:\/\/www.europesays.com\/fr\/wp-json\/wp\/v2\/categories?post=546784"},{"taxonomy":"post_tag","embeddable":true,"href":"https:\/\/www.europesays.com\/fr\/wp-json\/wp\/v2\/tags?post=546784"}],"curies":[{"name":"wp","href":"https:\/\/api.w.org\/{rel}","templated":true}]}}