{"id":546789,"date":"2025-11-20T12:18:15","date_gmt":"2025-11-20T12:18:15","guid":{"rendered":"https:\/\/www.europesays.com\/fr\/546789\/"},"modified":"2025-11-20T12:18:15","modified_gmt":"2025-11-20T12:18:15","slug":"nasser-al-khelaifi-accepte-le-depart-de-fabian-ruiz","status":"publish","type":"post","link":"https:\/\/www.europesays.com\/fr\/546789\/","title":{"rendered":"Nasser Al-Khela\u00effi accepte le d\u00e9part de Fabian Ruiz"},"content":{"rendered":"<p><b>M\u00eame s\u2019il n\u2019est pas du genre \u00e0 laisser partir ses meilleurs joueurs facilement, Nasser Al-Khela\u00effi a fait une promesse \u00e0 Fabian Ruiz.<\/b><\/p>\n<p>Recrut\u00e9 par le Paris Saint-Germain \u00e0 Naples pour 22 millions d\u2019euros \u00e0 l\u2019\u00e9t\u00e9 2022, Fabian Ruiz a mis du temps avant de devenir un maillon indispensable dans la capitale fran\u00e7aise. Son int\u00e9gration a d\u2019abord \u00e9t\u00e9 difficile, \u00e0 tel point que son d\u00e9part a plusieurs fois \u00e9t\u00e9 \u00e9voqu\u00e9. Mais la venue au PSG de Luis Enrique a chang\u00e9 la donne pour le joueur de la Roja, qui a enfin montr\u00e9 le meilleur de lui-m\u00eame la saison derni\u00e8re <a href=\"https:\/\/www.foot01.com\/paris\/psg-fabian-ruiz-annonce-son-prochain-club\" target=\"_self\" rel=\"nofollow noopener\">et qui s\u2019impose depuis comme un joueur indispensable<\/a> au sein de l\u2019\u00e9quipe championne d\u2019Europe. Le faire partir de Paris ne sera pas une chose ais\u00e9e, surtout lorsque l\u2019on sait \u00e0 quel point Nasser Al-Khela\u00effi est inflexible lorsqu\u2019il s\u2019agit de vendre ses meilleurs joueurs.Le PSG ne retiendra pas Fabian Ruiz<\/p>\n<p>La situation de Fabian Ruiz est un peu diff\u00e9rente selon Don Balon. Le m\u00e9dia espagnol confirme que Barcelone a tent\u00e9 de recruter l\u2019international espagnol de 29 ans la saison derni\u00e8re. Une option inenvisageable pour le pr\u00e9sident du PSG, lequel n\u2019avait pas du tout envie de renforcer un concurrent direct \u00e0 la victoire en Ligue des Champions. Fabian Ruiz n\u2019\u00e9tait pas non plus dans l\u2019optique de rejoindre la Catalogne. Le joueur d\u20191m89 a en revanche fait savoir au club parisien que son souhait \u00e9tait de rentrer au B\u00e9tis S\u00e9ville apr\u00e8s son aventure au PSG. Form\u00e9 chez les Verdiblancos, Fabian Ruiz souhaite y terminer sa carri\u00e8re et contre toute attente, Nasser Al-Khela\u00effi ne s\u2019y opposera pas.<\/p>\n<p>En effet, le m\u00e9dia nous apprend qu\u2019il existe un accord de principe entre le Paris Saint-Germain et Fabian Ruiz pour permettre au milieu de terrain espagnol (41 s\u00e9lections) de partir au Betis lorsqu\u2019il le souhaitera, peut-\u00eatre \u00e0 la fin de son contrat avec le PSG en juin 2027 ou quelques ann\u00e9es plus tard. Quoi qu\u2019il en soit, Nasser Al-Khela\u00effi ne fera pas obstacle, cette fois, au d\u00e9part de l\u2019un de ses joueurs majeurs. Le Paris Saint-Germain veut se montrer classe avec un \u00e9l\u00e9ment irr\u00e9prochable depuis son arriv\u00e9e, d\u2019autant que son d\u00e9part ne renforcera pas un concurrent direct en Ligue des Champions. Un geste que Fabian Ruiz appr\u00e9ciera, la question est maintenant de savoir pour quand son grand retour au Betis, et donc par cons\u00e9quent son d\u00e9part du PSG, est pr\u00e9vu.<\/p>\n","protected":false},"excerpt":{"rendered":"M\u00eame s\u2019il n\u2019est pas du genre \u00e0 laisser partir ses meilleurs joueurs facilement, Nasser Al-Khela\u00effi a fait une&hellip;\n","protected":false},"author":2,"featured_media":546790,"comment_status":"","ping_status":"","sticky":false,"template":"","format":"standard","meta":{"footnotes":""},"categories":[1410],"tags":[63,1011,27,453,66,1434,93,60],"class_list":{"0":"post-546789","1":"post","2":"type-post","3":"status-publish","4":"format-standard","5":"has-post-thumbnail","7":"category-football","8":"tag-football","9":"tag-fr","10":"tag-france","11":"tag-liga","12":"tag-ligue-1","13":"tag-mercato","14":"tag-psg","15":"tag-sports"},"share_on_mastodon":{"url":"https:\/\/pubeurope.com\/@fr\/115581989969251297","error":""},"_links":{"self":[{"href":"https:\/\/www.europesays.com\/fr\/wp-json\/wp\/v2\/posts\/546789","targetHints":{"allow":["GET"]}}],"collection":[{"href":"https:\/\/www.europesays.com\/fr\/wp-json\/wp\/v2\/posts"}],"about":[{"href":"https:\/\/www.europesays.com\/fr\/wp-json\/wp\/v2\/types\/post"}],"author":[{"embeddable":true,"href":"https:\/\/www.europesays.com\/fr\/wp-json\/wp\/v2\/users\/2"}],"replies":[{"embeddable":true,"href":"https:\/\/www.europesays.com\/fr\/wp-json\/wp\/v2\/comments?post=546789"}],"version-history":[{"count":0,"href":"https:\/\/www.europesays.com\/fr\/wp-json\/wp\/v2\/posts\/546789\/revisions"}],"wp:featuredmedia":[{"embeddable":true,"href":"https:\/\/www.europesays.com\/fr\/wp-json\/wp\/v2\/media\/546790"}],"wp:attachment":[{"href":"https:\/\/www.europesays.com\/fr\/wp-json\/wp\/v2\/media?parent=546789"}],"wp:term":[{"taxonomy":"category","embeddable":true,"href":"https:\/\/www.europesays.com\/fr\/wp-json\/wp\/v2\/categories?post=546789"},{"taxonomy":"post_tag","embeddable":true,"href":"https:\/\/www.europesays.com\/fr\/wp-json\/wp\/v2\/tags?post=546789"}],"curies":[{"name":"wp","href":"https:\/\/api.w.org\/{rel}","templated":true}]}}