{"id":546795,"date":"2025-11-20T12:22:21","date_gmt":"2025-11-20T12:22:21","guid":{"rendered":"https:\/\/www.europesays.com\/fr\/546795\/"},"modified":"2025-11-20T12:22:21","modified_gmt":"2025-11-20T12:22:21","slug":"audiences-10h35-pres-de-200-000-telespectateurs-decart-hier-entre-morandini-live-sur-cnews-tres-large-leader-et-julien-arnaud-sur-bfmtv-lci-et-franceinfo-toujours-a-moins-de-90-000","status":"publish","type":"post","link":"https:\/\/www.europesays.com\/fr\/546795\/","title":{"rendered":"Audiences 10h35: Pr\u00e8s de 200.000 t\u00e9l\u00e9spectateurs d&rsquo;\u00e9cart hier entre \u00ab\u00a0Morandini Live\u00a0\u00bb sur CNews, tr\u00e8s large leader, et Julien Arnaud sur BFMTV &#8211; LCI et Franceinfo toujours \u00e0 moins de 90.000"},"content":{"rendered":"<p>Hier, entre 10h35 et 12h, Jean-Marc Morandini pr\u00e9sentait, en direct, un nouveau num\u00e9ro de \u00ab\u00a0Morandini Live\u00a0\u00bb sur CNews. L&rsquo;\u00e9mission a r\u00e9uni 380.000 t\u00e9l\u00e9spectateurs et 11,1 % de part de march\u00e9.\u00a0<\/p>\n<p>Une audience qui permet \u00e0 CNews d&rsquo;\u00eatre premi\u00e8re cha\u00eene info de France, largement devant BFMTV et les tranches info de LCI et de Franceinfo.\u00a0<\/p>\n<p><strong>Retrouvez Jean-Marc Morandini et son \u00e9quipe demain, entre 10h35 et 12h, pour un nouveau num\u00e9ro de \u00ab\u00a0Morandini Live\u00a0\u00bb en direct sur CNews.<\/strong><\/p>\n<p>        Morandini Live<br \/>\n        11.1 % de PDA\n        <\/p>\n<p>        380 000<\/p>\n<p>        Arnaud Direct<br \/>\n        5.6 % de PDA\n        <\/p>\n<p>        193 000<\/p>\n<p>        Tranche info<br \/>\n        2.5 % de PDA\n        <\/p>\n<p>        86 000<\/p>\n<p>        Tranche info<br \/>\n        2.2 % de PDA\n        <\/p>\n<p>        75 000<\/p>\n<p>  Le Top des parts de march\u00e9<\/p>\n","protected":false},"excerpt":{"rendered":"Hier, entre 10h35 et 12h, Jean-Marc Morandini pr\u00e9sentait, en direct, un nouveau num\u00e9ro de \u00ab\u00a0Morandini Live\u00a0\u00bb sur CNews.&hellip;\n","protected":false},"author":2,"featured_media":546796,"comment_status":"","ping_status":"","sticky":false,"template":"","format":"standard","meta":{"footnotes":""},"categories":[1356],"tags":[2367,9722,58,59,1011,27,51560,252,1364],"class_list":{"0":"post-546795","1":"post","2":"type-post","3":"status-publish","4":"format-standard","5":"has-post-thumbnail","7":"category-television","8":"tag-audiences","9":"tag-cnews","10":"tag-divertissement","11":"tag-entertainment","12":"tag-fr","13":"tag-france","14":"tag-morandini-live","15":"tag-television","16":"tag-tv"},"share_on_mastodon":{"url":"https:\/\/pubeurope.com\/@fr\/115582005792257492","error":""},"_links":{"self":[{"href":"https:\/\/www.europesays.com\/fr\/wp-json\/wp\/v2\/posts\/546795","targetHints":{"allow":["GET"]}}],"collection":[{"href":"https:\/\/www.europesays.com\/fr\/wp-json\/wp\/v2\/posts"}],"about":[{"href":"https:\/\/www.europesays.com\/fr\/wp-json\/wp\/v2\/types\/post"}],"author":[{"embeddable":true,"href":"https:\/\/www.europesays.com\/fr\/wp-json\/wp\/v2\/users\/2"}],"replies":[{"embeddable":true,"href":"https:\/\/www.europesays.com\/fr\/wp-json\/wp\/v2\/comments?post=546795"}],"version-history":[{"count":0,"href":"https:\/\/www.europesays.com\/fr\/wp-json\/wp\/v2\/posts\/546795\/revisions"}],"wp:featuredmedia":[{"embeddable":true,"href":"https:\/\/www.europesays.com\/fr\/wp-json\/wp\/v2\/media\/546796"}],"wp:attachment":[{"href":"https:\/\/www.europesays.com\/fr\/wp-json\/wp\/v2\/media?parent=546795"}],"wp:term":[{"taxonomy":"category","embeddable":true,"href":"https:\/\/www.europesays.com\/fr\/wp-json\/wp\/v2\/categories?post=546795"},{"taxonomy":"post_tag","embeddable":true,"href":"https:\/\/www.europesays.com\/fr\/wp-json\/wp\/v2\/tags?post=546795"}],"curies":[{"name":"wp","href":"https:\/\/api.w.org\/{rel}","templated":true}]}}