{"id":546804,"date":"2025-11-20T12:28:16","date_gmt":"2025-11-20T12:28:16","guid":{"rendered":"https:\/\/www.europesays.com\/fr\/546804\/"},"modified":"2025-11-20T12:28:16","modified_gmt":"2025-11-20T12:28:16","slug":"elle-a-decide-de-se-laisser-mourir-anthony-delon-de-retour-a-douchy-cette-triste-epreuve-la-pousse-a-retourner-vivre-dans-cette-demeure-pleine-de-souvenirs","status":"publish","type":"post","link":"https:\/\/www.europesays.com\/fr\/546804\/","title":{"rendered":"\u00ab\u00a0Elle a d\u00e9cid\u00e9 de se laisser mourir&#8230;\u00a0\u00bb : Anthony Delon de retour \u00e0 Douchy, cette triste \u00e9preuve l&rsquo;a pouss\u00e9 \u00e0 retourner vivre dans cette demeure pleine de souvenirs"},"content":{"rendered":"<p>Anthony Delon s&rsquo;installe \u00e0 Douchy, la<br \/>\ndemeure familiale, pour une raison bouleversante. Ce choix est un<br \/>\ngeste d&rsquo;amour fort et de responsabilit\u00e9.<\/p>\n<p>Pourquoi Anthony Delon s\u2019est<br \/>\ninstall\u00e9 \u00e0 Douchy : un geste d\u2019amour pour sa compagne<\/p>\n<p>Anthony Delon a r\u00e9cemment pris la parole dans une vid\u00e9o<br \/>\nInstagram tr\u00e8s \u00e9mouvante pour expliquer pourquoi il a d\u00e9cid\u00e9 de<br \/>\n<a href=\"https:\/\/www.pleinevie.fr\/loisirs\/celebrites\/alain-delon-mort-maison-douchy-voici-qui-occupe-aujourdhui-ce-lieu-charge-histoire-148433.html\" target=\"_blank\" rel=\"noopener\"><br \/>\n<strong>s\u2019installer dans la demeure familiale de<br \/>\nDouchy<\/strong><\/a>, la derni\u00e8re r\u00e9sidence de son p\u00e8re, Alain<br \/>\nDelon. Vill\u00e9giature nostalgique ? Poste symbolique ? Pas du tout :<br \/>\nla raison est beaucoup <strong>plus intime et<br \/>\nbouleversante<\/strong>. L\u2019acteur et <a href=\"https:\/\/www.pleinevie.fr\/loisirs\/celebrites\/alyson-le-borges-37-ans-qui-est-la-discrete-petite-fille-dalain-delon-130696.html\" target=\"_blank\" rel=\"noopener\"><br \/>\npapa de la discr\u00e8te Alyson Le Borges<\/a> r\u00e9v\u00e8le que sa chienne,<br \/>\ngravement malade, l\u2019a pouss\u00e9 \u00e0 faire ce choix : \u201cdu jour au<br \/>\nlendemain, on s\u2019est rendu compte qu\u2019elle \u00e9tait tomb\u00e9e gravement<br \/>\nmalade \u2026 elle a d\u00e9cid\u00e9 de se laisser mourir.\u201d En l\u2019installant<br \/>\n\u00e0 Douchy, il lui a offert un cadre apaisant et charg\u00e9 d\u2019histoire et<br \/>\ncontre toute attente, l&rsquo;animal\u00a0\u201ca recommenc\u00e9 \u00e0 vouloir<br \/>\nvivre.\u201d<\/p>\n<p>Une demeure empreinte d\u2019histoire\u2026 et de<br \/>\nsouvenirs<\/p>\n<p>L\u2019installation d\u2019Anthony Delon <a href=\"https:\/\/www.pleinevie.fr\/loisirs\/celebrites\/heritage-alain-delon-un-objet-dune-valeur-de-17-000-euros-a-ete-vole-a-douchy-anthony-delon-porte-plainte-170985.html\" target=\"_blank\" rel=\"noopener\"><br \/>\n\u00e0 Douchy<\/a> avait suscit\u00e9 de nombreuses sp\u00e9culations. Certains<br \/>\nvoyaient en lui un \u201cgentleman farmer\u201d d\u00e9sireux de<br \/>\nreprendre les r\u00eanes du domaine ; d\u2019autres y voyaient une tentative<br \/>\nde s\u2019approprier <a href=\"https:\/\/www.pleinevie.fr\/loisirs\/celebrites\/alain-fabien-delon-31-ans-conteste-le-testament-de-son-pere-alain-delon-et-sen-prend-a-sa-fratrie-il-est-terriblement-jaloux-172107.html\" target=\"_blank\" rel=\"noopener\"><br \/>\nle patrimoine son p\u00e8re<\/a> Alain Delon. Mais <a href=\"https:\/\/www.pleinevie.fr\/loisirs\/celebrites\/les-gens-racontent-anthony-delon-60-ans-sort-du-silence-apres-avoir-decouvert-son-exclusion-du-2e-testament-de-son-pere-alain-delon-159488.html\" target=\"_blank\" rel=\"noopener\"><br \/>\nl&rsquo;a\u00een\u00e9 de la fratrie<\/a> se d\u00e9fend : \u201cce n\u2019est pas que je me<br \/>\nsuis pris tout d\u2019un coup pour un gentleman farmer, et ce n\u2019est pas<br \/>\nque j\u2019ai voulu me glisser dans la peau de l\u2019ancien gardien des<br \/>\nlieux. Il faudrait \u00eatre bien na\u00eff pour vouloir se glisser dans sa<br \/>\npeau.\u201d<\/p>\n<p>Au-del\u00e0 de cette dimension patrimoniale, Douchy repr\u00e9sente aussi<br \/>\nun refuge : l\u2019endroit id\u00e9al pour qu\u2019Anthony prenne soin de sa<br \/>\nchienne avec calme et s\u00e9r\u00e9nit\u00e9. Il dit qu\u2019il \u201crestera le temps<br \/>\nqu\u2019il faudra\u201d pour elle, rapporte <a href=\"https:\/\/www.midilibre.fr\/2025\/11\/20\/jai-tente-un-coup-je-lai-emmenee-ici-anthony-delon-revele-la-raison-qui-la-pousse-a-sinstaller-a-douchy-derniere-demeure-de-son-pere-alain-13063068.php\" target=\"_blank\" rel=\"noopener\"><br \/>\nMidi Libre<\/a>. \u00ab\u00a0Du jour au lendemain, on s\u2019est rendu<br \/>\ncompte qu\u2019elle \u00e9tait tomb\u00e9e gravement malade. Alors que j\u2019\u00e9tais en<br \/>\nd\u00e9placement 24 heures, elle a d\u00e9cid\u00e9 d\u2019arr\u00eater, de manger, de<br \/>\nboire, de marcher, de sortir. Elle a d\u00e9cid\u00e9 de se laisser<br \/>\nmourir\u00a0\u00bb, a-t-il confi\u00e9. Mais ce changement de cadre aurait \u00e9t\u00e9<br \/>\ntr\u00e8s b\u00e9n\u00e9fique pour sa chienne. \u00ab\u00a0Elle prend des traitements<br \/>\nlourds et je la porte pour la d\u00e9placer. Mais elle a d\u00e9cid\u00e9 de<br \/>\nrecommencer \u00e0 vivre et elle va bien\u00a0\u00bb.\u00a0<\/p>\n<p>Un projet plus grand : rendre hommage \u00e0 Alain<br \/>\nDelon<\/p>\n<p>Installer sa chienne \u00e0 Douchy n\u2019est pas la seule ambition<br \/>\nd\u2019Anthony Delon. Il a d\u00e9j\u00e0 \u00e9voqu\u00e9 l\u2019id\u00e9e de transformer la<br \/>\npropri\u00e9t\u00e9 en mus\u00e9e d\u00e9di\u00e9 \u00e0 son p\u00e8re, pour garder vivant l\u2019h\u00e9ritage<br \/>\ncin\u00e9matographique d\u2019Alain Delon. Ce lieu, charg\u00e9 de r\u00e9cits<br \/>\nfamiliaux et cin\u00e9matographiques, pourrait ainsi devenir un point de<br \/>\nm\u00e9moire pour les admirateurs du Gu\u00e9pard.<\/p>\n<p>Un acte d\u2019amour et de responsabilit\u00e9<\/p>\n<p>Ce d\u00e9m\u00e9nagement n\u2019est pas un simple coup m\u00e9diatique : il est<br \/>\navant tout un acte d\u2019amour. Anthony Delon montre qu\u2019il est pr\u00eat \u00e0<br \/>\ntout pour le bien-\u00eatre de sa chienne, m\u00eame \u00e0 porter un animal<br \/>\nmalade pour la d\u00e9placer, \u00e0 lui prodiguer des soins lourds, et \u00e0<br \/>\nrester dans cette maison pleine de souvenirs.<\/p>\n","protected":false},"excerpt":{"rendered":"Anthony Delon s&rsquo;installe \u00e0 Douchy, la demeure familiale, pour une raison bouleversante. Ce choix est un geste d&rsquo;amour&hellip;\n","protected":false},"author":2,"featured_media":546805,"comment_status":"","ping_status":"","sticky":false,"template":"","format":"standard","meta":{"footnotes":""},"categories":[8],"tags":[10281,58,59,1011,27],"class_list":{"0":"post-546804","1":"post","2":"type-post","3":"status-publish","4":"format-standard","5":"has-post-thumbnail","7":"category-divertissement","8":"tag-buzz-nonli","9":"tag-divertissement","10":"tag-entertainment","11":"tag-fr","12":"tag-france"},"share_on_mastodon":{"url":"https:\/\/pubeurope.com\/@fr\/115582029216381124","error":""},"_links":{"self":[{"href":"https:\/\/www.europesays.com\/fr\/wp-json\/wp\/v2\/posts\/546804","targetHints":{"allow":["GET"]}}],"collection":[{"href":"https:\/\/www.europesays.com\/fr\/wp-json\/wp\/v2\/posts"}],"about":[{"href":"https:\/\/www.europesays.com\/fr\/wp-json\/wp\/v2\/types\/post"}],"author":[{"embeddable":true,"href":"https:\/\/www.europesays.com\/fr\/wp-json\/wp\/v2\/users\/2"}],"replies":[{"embeddable":true,"href":"https:\/\/www.europesays.com\/fr\/wp-json\/wp\/v2\/comments?post=546804"}],"version-history":[{"count":0,"href":"https:\/\/www.europesays.com\/fr\/wp-json\/wp\/v2\/posts\/546804\/revisions"}],"wp:featuredmedia":[{"embeddable":true,"href":"https:\/\/www.europesays.com\/fr\/wp-json\/wp\/v2\/media\/546805"}],"wp:attachment":[{"href":"https:\/\/www.europesays.com\/fr\/wp-json\/wp\/v2\/media?parent=546804"}],"wp:term":[{"taxonomy":"category","embeddable":true,"href":"https:\/\/www.europesays.com\/fr\/wp-json\/wp\/v2\/categories?post=546804"},{"taxonomy":"post_tag","embeddable":true,"href":"https:\/\/www.europesays.com\/fr\/wp-json\/wp\/v2\/tags?post=546804"}],"curies":[{"name":"wp","href":"https:\/\/api.w.org\/{rel}","templated":true}]}}