{"id":546806,"date":"2025-11-20T12:29:13","date_gmt":"2025-11-20T12:29:13","guid":{"rendered":"https:\/\/www.europesays.com\/fr\/546806\/"},"modified":"2025-11-20T12:29:13","modified_gmt":"2025-11-20T12:29:13","slug":"le-nouveau-visage-de-lepuisement-physique-silencieux-et-socialement-honteux","status":"publish","type":"post","link":"https:\/\/www.europesays.com\/fr\/546806\/","title":{"rendered":"Le nouveau visage de l\u2019\u00e9puisement : physique, silencieux et socialement honteux"},"content":{"rendered":"<p>Vous vous sentez constamment vid\u00e9\u00b7e, sans m\u00eame l&rsquo;oser avouer ? Derri\u00e8re des visages impassibles, un mal nouveau \u00e9puise silencieusement des millions de Fran\u00e7ais. Alors que l&rsquo;hiver pointe doucement son nez et que les jours raccourcissent, <strong>l&rsquo;\u00e9puisement semble s&rsquo;installer durablement<\/strong> dans les corps\u2026 bien plus qu&rsquo;on n&rsquo;ose le dire.<\/p>\n<p>L&rsquo;\u00e9puisement physique, un trouble contemporain qui attaque en silence<br \/>\nPourquoi la fatigue chronique explose : surmenage num\u00e9rique, immobilit\u00e9 forc\u00e9e, nuits hach\u00e9es<\/p>\n<p>La fatigue qui s&rsquo;installe n&rsquo;a plus tout \u00e0 fait le m\u00eame visage qu&rsquo;avant. D\u00e9sormais, <strong>l&rsquo;\u00e9puisement ne se limite plus \u00e0 une simple nuit blanche ou \u00e0 un effort ponctuel<\/strong>. Il d\u00e9borde du cadre, grignote chaque journ\u00e9e, jusqu&rsquo;\u00e0 devenir l&rsquo;arri\u00e8re-plan permanent de la vie de nombreux seniors\u2026 et pas seulement. Le surmenage, les sollicitations continues des \u00e9crans, le bruit de fond des notifications, les rendez-vous qui s&rsquo;encha\u00eenent sans r\u00e9pit : <strong>le num\u00e9rique est partout, jusque dans nos moments de repos<\/strong>, rendant difficile la vraie coupure qui permettrait au corps de se r\u00e9g\u00e9n\u00e9rer.<\/p>\n<p>\u00c0 cela s&rsquo;ajoute <strong>une s\u00e9dentarit\u00e9 grandissante<\/strong>. Les trajets se font assis, les loisirs aussi. M\u00eame la m\u00e9t\u00e9o automnale \u2013 plus grise \u00e0 l&rsquo;approche de d\u00e9cembre \u2013 peut d\u00e9motiver \u00e0 sortir marcher. Enfin, les <strong>nuits hach\u00e9es ou \u00e9court\u00e9es<\/strong>, le sommeil l\u00e9ger et le manque de r\u00e9cup\u00e9ration viennent compl\u00e9ter ce dr\u00f4le de cocktail. R\u00e9sultat : de plus en plus de Fran\u00e7ais, toutes g\u00e9n\u00e9rations confondues, ressentent une fatigue physique chronique et persistante.<\/p>\n<p>Quand l&rsquo;usure devient socialement honteuse : les tabous et les non-dits dans la vie quotidienne<\/p>\n<p><strong>Il y a une g\u00eane \u00e0 avouer \u00ab\u00a0je suis \u00e9puis\u00e9\u00b7e\u00a0\u00bb<\/strong>. Dans la soci\u00e9t\u00e9 fran\u00e7aise, la fatigue n&rsquo;est pas simplement un \u00e9tat, c&rsquo;est per\u00e7u comme une faiblesse \u2013 un d\u00e9faut qu&rsquo;on pr\u00e9f\u00e8re taire plut\u00f4t que partager. \u00ab\u00a0Il faut tenir\u00a0\u00bb, \u00ab\u00a0ne pas se plaindre\u00a0\u00bb, \u00ab\u00a0tout le monde est fatigu\u00e9 de toute fa\u00e7on\u00a0\u00bb : autant d&rsquo;injonctions silencieuses qui poussent \u00e0 cacher son mal-\u00eatre\u2026 jusqu&rsquo;\u00e0 ce qu&rsquo;il s&rsquo;installe. L&rsquo;hiver rend cette lassitude encore plus discr\u00e8te : chacun s&rsquo;enferme, on se croise furtivement, et les questions sur l&rsquo;\u00e9tat de forme restent rares. <strong>Le cercle vicieux de l&rsquo;\u00e9puisement, c&rsquo;est aussi celui du silence et de la honte<\/strong>.<\/p>\n<p> Apprendre \u00e0 rep\u00e9rer et comprendre son propre \u00e9puisement<br \/>\nS&rsquo;auto-diagnostiquer : les signaux que l&rsquo;on n\u00e9glige et qui devraient alerter<\/p>\n<p>Accuser simplement l&rsquo;\u00e2ge ou le manque de tonus n&rsquo;est pas toujours la bonne piste ! <strong>L&rsquo;\u00e9puisement physique a ses propres signaux<\/strong>, bien avant que le corps ne dise vraiment stop :<\/p>\n<ul>\n<li><strong>Douleurs diffuses<\/strong> (musculaires, articulaires, sans effort particulier)<\/li>\n<li><strong>Sommeil non r\u00e9parateur<\/strong> (m\u00eame apr\u00e8s une longue nuit, la sensation de fatigue persiste)<\/li>\n<li><strong>Manque d&rsquo;entrain pour les activit\u00e9s du quotidien<\/strong> (courses, marche, loisirs, cuisine\u2026 tout para\u00eet lourd)<\/li>\n<li><strong>Troubles de la concentration et irritabilit\u00e9<\/strong><\/li>\n<li><strong>Besoin constant de pauses<\/strong>, envie de s&rsquo;asseoir ou de s&rsquo;allonger sans raison apparente<\/li>\n<\/ul>\n<p><strong>\u00catre attentif \u00e0 ces alertes, c&rsquo;est la premi\u00e8re \u00e9tape vers le mieux-\u00eatre<\/strong>\u2026 pas un aveu de faiblesse, mais un acte d&rsquo;\u00e9coute de soi.<\/p>\n<p>La m\u00e9thode pour casser le cercle vicieux : r\u00e9\u00e9quilibrer efforts, pauses et sommeil<\/p>\n<p>Sortir de cet engrenage suppose de redonner au corps ce dont il a cruellement besoin : <strong>du mouvement, des respirations (m\u00eame br\u00e8ves), et un vrai sommeil<\/strong>. L&rsquo;id\u00e9e n&rsquo;est pas de se lancer dans un plan marathon, mais d&rsquo;introduire un peu d&rsquo;\u00e9quilibre dans la routine. Voici un petit tableau \u00e0 garder sous la main pour structurer ses journ\u00e9es :<\/p>\n<tr>\nGeste<br \/>\nDur\u00e9e quotidienne conseill\u00e9e<br \/>\nEffet attendu<br \/>\n<\/tr>\n<tr>\n<td>Marche douce (en ext\u00e9rieur si possible)<\/td>\n<td>20-30 min<\/td>\n<td>Relancer la circulation, oxyg\u00e9ner le corps et l&rsquo;esprit<\/td>\n<\/tr>\n<tr>\n<td>\u00c9tirements simples (cou, dos, jambes)<\/td>\n<td>5-10 min<\/td>\n<td>Pr\u00e9venir raideurs et courbatures, apaiser les tensions<\/td>\n<\/tr>\n<tr>\n<td>Pause relaxation (respiration, lecture calme)<\/td>\n<td>10-15 min<\/td>\n<td>R\u00e9duire le stress et les \u00ab surcharges \u00bb mentales<\/td>\n<\/tr>\n<tr>\n<td>Rituel du coucher r\u00e9gulier<\/td>\n<td>&#8211;<\/td>\n<td>Favoriser l&rsquo;endormissement et la qualit\u00e9 du sommeil<\/td>\n<\/tr>\n<p><strong>Petites actions, grands effets<\/strong> : c&rsquo;est en les int\u00e9grant sans pression qu&rsquo;on brise l&rsquo;\u00e9puisement silencieux.<\/p>\n<p>Se lib\u00e9rer de la honte, retrouver de l&rsquo;\u00e9nergie : les conseils du coach<br \/>\nOser en parler, chercher du soutien et faire tomber les masques<\/p>\n<p>Pour une fois, oublions la tentation du repli. <strong>Parler de sa fatigue, m\u00eame \u00e0 demi-mot, c&rsquo;est d\u00e9j\u00e0 all\u00e9ger le fardeau<\/strong>. En famille, entre amis, en groupe de marche, ou m\u00eame avec un professionnel, autorisez-vous \u00e0 exprimer \u00ab\u00a0Je me sens vid\u00e9\u00b7e en ce moment\u00a0\u00bb. Les \u00e9changes bienveillants ouvrent la porte \u00e0 des astuces concr\u00e8tes et d\u00e9dramatisent la situation. C&rsquo;est le moment de <strong>reprendre contact, demander de l&rsquo;aide pour une course ou une sortie<\/strong>, proposer un go\u00fbter partag\u00e9\u2026 On retrouve alors un peu d&rsquo;\u00e9lan collectif, si pr\u00e9cieux pour sortir de l&rsquo;isolement de l&rsquo;\u00e9puisement.<\/p>\n<p> Petits rituels au quotidien pour recharger ses batteries et pr\u00e9venir la rechute<\/p>\n<p>Les routines douces sont id\u00e9ales lors des journ\u00e9es plus courtes, o\u00f9 la lumi\u00e8re se fait rare et l&rsquo;envie de cocooning prend le dessus :<\/p>\n<ul>\n<li><strong>S&rsquo;a\u00e9rer m\u00eame par temps froid<\/strong> : une marche courte \u2013 m\u00eame autour du p\u00e2t\u00e9 de maisons \u2013 relance le corps et chasse la torpeur de l&rsquo;hiver.<\/li>\n<li><strong>Hydratation r\u00e9guli\u00e8re<\/strong> : un verre d&rsquo;eau ou une tisane toutes les deux heures limite la fatigue li\u00e9e \u00e0 la d\u00e9shydratation.<\/li>\n<li><strong>\u00c9tirements au lever<\/strong> : quelques mouvements doux pour d\u00e9verrouiller le dos et les jambes.<\/li>\n<li><strong>Plaisir gustatif sans exc\u00e8s<\/strong> : en novembre, on profite des fruits de saison (pommes, cl\u00e9mentines, ch\u00e2taignes) pour faire le plein de vitamines.<\/li>\n<li><strong>Micro-pauses sans \u00e9cran<\/strong> : fermer les yeux, respirer profond\u00e9ment cinq fois, ou sentir la chaleur d&rsquo;un plaid, suffit parfois \u00e0 recharger l&rsquo;organisme.<\/li>\n<\/ul>\n<p><strong>L&rsquo;essentiel : r\u00e9gularit\u00e9, bienveillance, z\u00e9ro pression<\/strong>. On ne vise pas le record, seulement la reprise d&rsquo;\u00e9nergie, petit \u00e0 petit.<\/p>\n<p>Le surmenage, la s\u00e9dentarit\u00e9 et le manque de sommeil expliquent l&rsquo;augmentation de la fatigue physique chronique constat\u00e9e en France en 2025. En prenant conscience de ce trio n\u00e9faste, chacun peut reprendre le contr\u00f4le de ses ressources \u00e9nerg\u00e9tiques et briser le silence social qui entoure cette usure moderne. Pourquoi ne pas relever le d\u00e9fi, cet hiver, d&rsquo;aborder ce sujet avec votre entourage et de vous offrir, chaque semaine, une petite victoire sur l&rsquo;\u00e9puisement ?<\/p>\n","protected":false},"excerpt":{"rendered":"Vous vous sentez constamment vid\u00e9\u00b7e, sans m\u00eame l&rsquo;oser avouer ? Derri\u00e8re des visages impassibles, un mal nouveau \u00e9puise&hellip;\n","protected":false},"author":2,"featured_media":546807,"comment_status":"","ping_status":"","sticky":false,"template":"","format":"standard","meta":{"footnotes":""},"categories":[7],"tags":[26340,4988,1011,27,56,71,43,40,41,39,42,44],"class_list":{"0":"post-546806","1":"post","2":"type-post","3":"status-publish","4":"format-standard","5":"has-post-thumbnail","7":"category-sciences-et-technologies","8":"tag-exercice","9":"tag-forme","10":"tag-fr","11":"tag-france","12":"tag-push","13":"tag-sante","14":"tag-science","15":"tag-science-and-technology","16":"tag-sciences","17":"tag-sciences-et-technologies","18":"tag-technologies","19":"tag-technology"},"share_on_mastodon":{"url":"https:\/\/pubeurope.com\/@fr\/115582034242173547","error":""},"_links":{"self":[{"href":"https:\/\/www.europesays.com\/fr\/wp-json\/wp\/v2\/posts\/546806","targetHints":{"allow":["GET"]}}],"collection":[{"href":"https:\/\/www.europesays.com\/fr\/wp-json\/wp\/v2\/posts"}],"about":[{"href":"https:\/\/www.europesays.com\/fr\/wp-json\/wp\/v2\/types\/post"}],"author":[{"embeddable":true,"href":"https:\/\/www.europesays.com\/fr\/wp-json\/wp\/v2\/users\/2"}],"replies":[{"embeddable":true,"href":"https:\/\/www.europesays.com\/fr\/wp-json\/wp\/v2\/comments?post=546806"}],"version-history":[{"count":0,"href":"https:\/\/www.europesays.com\/fr\/wp-json\/wp\/v2\/posts\/546806\/revisions"}],"wp:featuredmedia":[{"embeddable":true,"href":"https:\/\/www.europesays.com\/fr\/wp-json\/wp\/v2\/media\/546807"}],"wp:attachment":[{"href":"https:\/\/www.europesays.com\/fr\/wp-json\/wp\/v2\/media?parent=546806"}],"wp:term":[{"taxonomy":"category","embeddable":true,"href":"https:\/\/www.europesays.com\/fr\/wp-json\/wp\/v2\/categories?post=546806"},{"taxonomy":"post_tag","embeddable":true,"href":"https:\/\/www.europesays.com\/fr\/wp-json\/wp\/v2\/tags?post=546806"}],"curies":[{"name":"wp","href":"https:\/\/api.w.org\/{rel}","templated":true}]}}