{"id":546812,"date":"2025-11-20T12:32:15","date_gmt":"2025-11-20T12:32:15","guid":{"rendered":"https:\/\/www.europesays.com\/fr\/546812\/"},"modified":"2025-11-20T12:32:15","modified_gmt":"2025-11-20T12:32:15","slug":"un-beaujolais-2025-tout-en-fruit-qualite-prix-production-tout-ce-quil-faut-savoir-sur-ce-nouveau-millesime","status":"publish","type":"post","link":"https:\/\/www.europesays.com\/fr\/546812\/","title":{"rendered":"Un Beaujolais 2025 \u00ab\u00a0tout en fruit\u00a0\u00bb : qualit\u00e9, prix, production&#8230; tout ce qu&rsquo;il faut savoir sur ce nouveau mill\u00e9sime"},"content":{"rendered":"<p>La cuv\u00e9e 2025 du Beaujolais Nouveau<br \/>\narrive dans un contexte particulier : des volumes fortement r\u00e9duits<br \/>\nen raison d\u2019al\u00e9as climatiques, mais un vin jug\u00e9 \u201cexceptionnel\u201d par<br \/>\nles professionnels. Ce qu\u2019il faut savoir pour bien le s\u00e9lectionner<br \/>\net le d\u00e9guster.<\/p>\n<p>Beaujolais Nouveau : un mill\u00e9sime 2025 marqu\u00e9 par des<br \/>\nvolumes tr\u00e8s r\u00e9duits<\/p>\n<p><a href=\"https:\/\/www.pleinevie.fr\/loisirs\/tourisme\/france\/tradition-larrivee-des-beaujolais-nouveaux-16022.html\" rel=\"nofollow noopener\" target=\"_blank\"><br \/>\nLe Beaujolais Nouveau<\/a> 2025 suscite l\u2019attention avant m\u00eame sa<br \/>\nmise en vente : la production annonc\u00e9e est particuli\u00e8rement faible.<br \/>\nSelon Jean-Marc Lafont, pr\u00e9sident de l\u2019Inter Beaujolais, \u201cla<br \/>\nproduction est tr\u00e8s faible cette ann\u00e9e\u201d \u00e0 cause d\u2019al\u00e9as<br \/>\nclimatiques, avec des pluies abondantes d\u00e9but juin puis une<br \/>\ncanicule en \u00e9t\u00e9. Le rendement estim\u00e9 pour cette r\u00e9colte atteint<br \/>\nenviron 375 000 hectolitres, contre 500 000 hl lors des ann\u00e9es plus<br \/>\nfavorables, rapporte <a href=\"https:\/\/rmc.bfmtv.com\/actualites\/economie\/beaujolais-nouveau-aromes-prix-tout-ce-qu-il-faut-savoir-du-cru-2025_AV-202511200331.html\" rel=\"nofollow noopener\" target=\"_blank\"><br \/>\nRMC Info<\/a>.<\/p>\n<p>Malgr\u00e9 cette baisse de volume, les professionnels du secteur<br \/>\nsoulignent que <a href=\"https:\/\/www.pleinevie.fr\/conso-argent\/consommation\/vins-rouges-et-blancs-un-tiers-des-bouteilles-testees-contiennent-des-pesticides-voici-lesquelles-eviter-143146.html\" rel=\"nofollow noopener\" target=\"_blank\"><br \/>\nla qualit\u00e9 du mill\u00e9sime<\/a> 2025 est particuli\u00e8rement r\u00e9ussie. Le<br \/>\npr\u00e9sident Jean-Marc Lafont d\u00e9crit <strong>un vin<\/strong><br \/>\n<strong>\u201ctout en fruit<\/strong>, assez charnu, tr\u00e8s rond, tr\u00e8s<br \/>\nsouple et \u00e9quilibr\u00e9\u201d dans les colonnes du <a href=\"https:\/\/www.leprogres.fr\/economie\/2025\/11\/19\/une-production-tres-faible-mais-un-millesime-exceptionnel-ce-que-nous-reservent-les-beaujolais-nouveaux-2025?utm_source=chatgpt.com\" rel=\"nofollow noopener\" target=\"_blank\"><br \/>\nProgr\u00e8s<\/a>. Certains vignerons ajoutent que la chaleur<br \/>\nestivale a contribu\u00e9 \u00e0 <strong>concentrer les ar\u00f4mes<\/strong> et \u00e0<br \/>\ndonner une richesse aromatique rare.<\/p>\n<p>Un march\u00e9 qui s\u2019ajuste \u00e0 la r\u00e9alit\u00e9 : demande en<br \/>\nrecul<\/p>\n<p>M\u00eame si la qualit\u00e9 est salu\u00e9e, la demande <strong>sur le march\u00e9<br \/>\ndu Beaujolais Nouveau<\/strong> semble continuer \u00e0 se contracter.<br \/>\nSelon Wine-Intelligence, la production cette ann\u00e9e pourrait<br \/>\natteindre jusqu\u2019\u00e0 120 000 hectolitres, mais les ventes projet\u00e9es<br \/>\nrestent inf\u00e9rieures \u00e0 105 000 hl, signe d\u2019un d\u00e9s\u00e9quilibre croissant<br \/>\nentre offre et demande. En effet, les march\u00e9s traditionnels comme<br \/>\nle Japon, les \u00c9tats-Unis ou le Royaume-Uni, qui ont longtemps<br \/>\nsoutenu le Beaujolais Nouveau, montrent des signes de<br \/>\nralentissement.<\/p>\n<p>Comment bien choisir votre Beaujolais Nouveau 2025<br \/>\n?<\/p>\n<p>Face \u00e0 plus de 2 000 producteurs, il peut \u00eatre difficile de s\u2019y<br \/>\nretrouver. Voici quelques pistes pour faire le bon choix :<\/p>\n<ul>\n<li><strong>Temp\u00e9rature de service<\/strong> : servez-le l\u00e9g\u00e8rement<br \/>\nrafra\u00eechi, id\u00e9alement entre 11 \u00b0C et 12 \u00b0C, afin de r\u00e9v\u00e9ler toute<br \/>\nsa fra\u00eecheur fruit\u00e9e.<\/li>\n<li><strong>Prix indicatifs<\/strong> : en grande distribution, les<br \/>\nbouteilles d\u00e9buteront autour de 5-6 \u20ac, tandis que certaines cuv\u00e9es<br \/>\nplus travaill\u00e9es chez les cavistes peuvent atteindre jusqu\u2019\u00e0 20<br \/>\n\u20ac.<\/li>\n<li><strong>S\u00e9lection de cuv\u00e9es<\/strong> : selon La Revue du Vin de<br \/>\nFrance, plusieurs Beaujolais Nouveau 2025 m\u00e9ritent l\u2019attention,<br \/>\ncomme le Beaujolais Villages du Domaine des Braves (\u00e9valu\u00e9 86\/100,<br \/>\nenviron 8,50 \u20ac), ou le Beaujolais Ch\u00e2teau de Ponci\u00e9 (89\/100, autour<br \/>\nde 10 \u20ac).<\/li>\n<li><strong>Accords mets-vin<\/strong> : ce mill\u00e9sime se marie tr\u00e8s<br \/>\nbien avec des charcuteries, des viandes blanches, du poulet r\u00f4ti,<br \/>\nmais aussi des <a href=\"https:\/\/www.pleinevie.fr\/vie-quotidienne\/cuisine\/beaujolais-nouveau-2023-voici-3-fromages-qui-saccordent-a-merveille-avec-le-cru-2023-99324.html\" rel=\"nofollow noopener\" target=\"_blank\"><br \/>\nfromages ch\u00e8vre frais<\/a>, pour un moment convivial.<\/li>\n<\/ul>\n<p>Beaujolais 2025 : pourquoi ce cru<br \/>\npourrait marquer un tournant<\/p>\n<p>Ce mill\u00e9sime du Beaujolais Nouveau semble illustrer une tension<br \/>\nstructurelle dans le vignoble : les viticulteurs produisent moins,<br \/>\nmais avec un souci grandissant de qualit\u00e9, alors que la demande<br \/>\ncontinue de s\u2019\u00e9roder. C\u2019est une \u00e9volution qui pourrait red\u00e9finir le<br \/>\nr\u00f4le du Beaujolais Nouveau : non plus uniquement <strong>un vin<br \/>\nfestif \u00e0 boire rapidement<\/strong>, mais un vin capable d\u2019offrir<br \/>\nune vraie expression fruit\u00e9e et structur\u00e9e. Par ailleurs, la<br \/>\n<a href=\"https:\/\/www.pleinevie.fr\/vie-quotidienne\/cuisine\/vin-rouge-voici-la-meilleure-bouteille-de-beaujolais-vendue-a-moins-de-5-euros-selon-60-millions-de-consommateurs-110342.html\" rel=\"nofollow noopener\" target=\"_blank\"><br \/>\nmont\u00e9e en gamme<\/a> perceptible depuis plusieurs ann\u00e9es pourrait<br \/>\ns\u00e9duire davantage d\u2019amateurs exigeants.<\/p>\n","protected":false},"excerpt":{"rendered":"La cuv\u00e9e 2025 du Beaujolais Nouveau arrive dans un contexte particulier : des volumes fortement r\u00e9duits en raison&hellip;\n","protected":false},"author":2,"featured_media":546813,"comment_status":"","ping_status":"","sticky":false,"template":"","format":"standard","meta":{"footnotes":""},"categories":[4],"tags":[11,10281,1011,27,12,25],"class_list":{"0":"post-546812","1":"post","2":"type-post","3":"status-publish","4":"format-standard","5":"has-post-thumbnail","7":"category-france","8":"tag-actualites","9":"tag-buzz-nonli","10":"tag-fr","11":"tag-france","12":"tag-news","13":"tag-republique-francaise"},"share_on_mastodon":{"url":"","error":""},"_links":{"self":[{"href":"https:\/\/www.europesays.com\/fr\/wp-json\/wp\/v2\/posts\/546812","targetHints":{"allow":["GET"]}}],"collection":[{"href":"https:\/\/www.europesays.com\/fr\/wp-json\/wp\/v2\/posts"}],"about":[{"href":"https:\/\/www.europesays.com\/fr\/wp-json\/wp\/v2\/types\/post"}],"author":[{"embeddable":true,"href":"https:\/\/www.europesays.com\/fr\/wp-json\/wp\/v2\/users\/2"}],"replies":[{"embeddable":true,"href":"https:\/\/www.europesays.com\/fr\/wp-json\/wp\/v2\/comments?post=546812"}],"version-history":[{"count":0,"href":"https:\/\/www.europesays.com\/fr\/wp-json\/wp\/v2\/posts\/546812\/revisions"}],"wp:featuredmedia":[{"embeddable":true,"href":"https:\/\/www.europesays.com\/fr\/wp-json\/wp\/v2\/media\/546813"}],"wp:attachment":[{"href":"https:\/\/www.europesays.com\/fr\/wp-json\/wp\/v2\/media?parent=546812"}],"wp:term":[{"taxonomy":"category","embeddable":true,"href":"https:\/\/www.europesays.com\/fr\/wp-json\/wp\/v2\/categories?post=546812"},{"taxonomy":"post_tag","embeddable":true,"href":"https:\/\/www.europesays.com\/fr\/wp-json\/wp\/v2\/tags?post=546812"}],"curies":[{"name":"wp","href":"https:\/\/api.w.org\/{rel}","templated":true}]}}