{"id":546820,"date":"2025-11-20T12:36:14","date_gmt":"2025-11-20T12:36:14","guid":{"rendered":"https:\/\/www.europesays.com\/fr\/546820\/"},"modified":"2025-11-20T12:36:14","modified_gmt":"2025-11-20T12:36:14","slug":"a-nancy-ce-viticulteur-lorrain-ouvre-une-boutique-a-deux-pas-de-la-place-stanislas","status":"publish","type":"post","link":"https:\/\/www.europesays.com\/fr\/546820\/","title":{"rendered":"\u00c0 Nancy, ce viticulteur lorrain ouvre une boutique \u00e0 deux pas de la place Stanislas"},"content":{"rendered":"<p>                    Par<br \/>\n        <strong><br \/>\n            <a href=\"https:\/\/actu.fr\/auteur\/pierre-emile-bouchy-actu-fr\" title=\"Consulter tous les articles de Paul-Emile Bouchy\" rel=\"nofollow noopener\" target=\"_blank\">Paul-Emile Bouchy<\/a><br \/>\n                    <\/strong><\/p>\n<p>        Publi\u00e9 le<\/p>\n<p>            20 nov. 2025 \u00e0 13h13        <\/p>\n<p>\u00c0 seulement quelques m\u00e8tres de la <a href=\"https:\/\/actu.fr\/tag\/place-stanislas\" rel=\"nofollow noopener\" target=\"_blank\">place Stanislas<\/a>, un nouveau commerce vient d\u2019ouvrir dans le centre-ville de <a href=\"https:\/\/actu.fr\/grand-est\/nancy_54395\" rel=\"nofollow noopener\" target=\"_blank\">Nancy<\/a>.<\/p>\n<p class=\" wall-content\">Samedi 15 novembre, <strong>la Maison Leli\u00e8vre, producteur de C\u00f4tes de Toul<\/strong> \u00e0 Lucey (Meurthe-et-Moselle), <strong>a ouvert une boutique au 3 rue Gambetta<\/strong> pour y vendre les sp\u00e9cialit\u00e9s locales qu\u2019elle produit : <strong>des vins, des spiritueux ou encore des bi\u00e8res<\/strong>.<\/p>\n<p>Une boutique vendant tous les produits de la Maison Leli\u00e8vre<\/p>\n<p class=\" wall-content\">Dans cette petite boutique de 18 m\u00b2, les Nanc\u00e9iens et les touristes peuvent d\u00e9couvrir l\u2019ensemble de la gamme des produits de la Maison Leli\u00e8vre : \u00ab\u00a0<strong>Nous avons nos AOC C\u00f4tes de Toul en trois couleurs : Gris de Toul, Auxerrois, Pinot noir.<\/strong> On propose aussi des vins p\u00e9tillants ou encore des vins hors appellation produits en petite quantit\u00e9\u00a0\u00bb, d\u00e9taille David Leli\u00e8vre.<\/p>\n<p class=\" wall-content\">Outre le vin, le domaine produit \u00e9galement des spiritueux et les <strong>bi\u00e8res artisanales Lapinouze<\/strong> qui se d\u00e9clinent en plusieurs vari\u00e9t\u00e9s : blonde, blanche, rousse, IPA, au jus de raisin et une bi\u00e8re de No\u00ebl.<\/p>\n<p>\u00ab\u00a0Une fen\u00eatre sur le domaine du Toulois\u00a0\u00bb au centre de Nancy<\/p>\n<p class=\" wall-content\">La Maison Leli\u00e8vre, qui existe depuis 1971, a souhait\u00e9 cr\u00e9er une boutique \u00e0 son image. \u00ab\u00a0On reste un petit domaine avec 18 hectares. Ce lieu est une fen\u00eatre sur le Toulois et peut <strong>donner envie aux clients de venir d\u00e9couvrir notre maison \u00e0 Lucey<\/strong> o\u00f9 on propose des d\u00e9gustations et des visites\u00a0\u00bb, ajoute David Leli\u00e8vre.<\/p>\n<p class=\" wall-content\">En boutique, les produits sont vendus au m\u00eame prix que lors de la vente au domaine. Le magasin est <strong>ouvert du mardi au samedi de 10h \u00e0 19h<\/strong>.<\/p>\n<p class=\" wall-content\">Personnalisez votre actualit\u00e9 en ajoutant vos villes et m\u00e9dias en favori avec <a href=\"https:\/\/moncompte.actu.fr\" title=\"D\u00e9couvez Mon Actu\" rel=\"nofollow noopener\" data-trk=\"{&quot;cta&quot;:{&quot;action&quot;:&quot;https:\\\/\\\/moncompte.actu.fr&quot;,&quot;category&quot;:&quot;mon compte&quot;,&quot;from&quot;:&quot;article footer&quot;,&quot;name&quot;:&quot;Mon actu&quot;,&quot;type&quot;:&quot;cta&quot;}}\" target=\"_blank\">Mon Actu<\/a>.<\/p>\n","protected":false},"excerpt":{"rendered":"Par Paul-Emile Bouchy Publi\u00e9 le 20 nov. 2025 \u00e0 13h13 \u00c0 seulement quelques m\u00e8tres de la place Stanislas,&hellip;\n","protected":false},"author":2,"featured_media":546821,"comment_status":"","ping_status":"","sticky":false,"template":"","format":"standard","meta":{"footnotes":""},"categories":[9635],"tags":[1111,11,7722,215,1777,674,1011,27,775,1702,12,3147,25,104],"class_list":{"0":"post-546820","1":"post","2":"type-post","3":"status-publish","4":"format-standard","5":"has-post-thumbnail","7":"category-nancy","8":"tag-actu","9":"tag-actualites","10":"tag-biere","11":"tag-commerce","12":"tag-eu","13":"tag-europe","14":"tag-fr","15":"tag-france","16":"tag-grand-est","17":"tag-nancy","18":"tag-news","19":"tag-nouveaux-commerces","20":"tag-republique-francaise","21":"tag-societe"},"share_on_mastodon":{"url":"https:\/\/pubeurope.com\/@fr\/115582060865406972","error":""},"_links":{"self":[{"href":"https:\/\/www.europesays.com\/fr\/wp-json\/wp\/v2\/posts\/546820","targetHints":{"allow":["GET"]}}],"collection":[{"href":"https:\/\/www.europesays.com\/fr\/wp-json\/wp\/v2\/posts"}],"about":[{"href":"https:\/\/www.europesays.com\/fr\/wp-json\/wp\/v2\/types\/post"}],"author":[{"embeddable":true,"href":"https:\/\/www.europesays.com\/fr\/wp-json\/wp\/v2\/users\/2"}],"replies":[{"embeddable":true,"href":"https:\/\/www.europesays.com\/fr\/wp-json\/wp\/v2\/comments?post=546820"}],"version-history":[{"count":0,"href":"https:\/\/www.europesays.com\/fr\/wp-json\/wp\/v2\/posts\/546820\/revisions"}],"wp:featuredmedia":[{"embeddable":true,"href":"https:\/\/www.europesays.com\/fr\/wp-json\/wp\/v2\/media\/546821"}],"wp:attachment":[{"href":"https:\/\/www.europesays.com\/fr\/wp-json\/wp\/v2\/media?parent=546820"}],"wp:term":[{"taxonomy":"category","embeddable":true,"href":"https:\/\/www.europesays.com\/fr\/wp-json\/wp\/v2\/categories?post=546820"},{"taxonomy":"post_tag","embeddable":true,"href":"https:\/\/www.europesays.com\/fr\/wp-json\/wp\/v2\/tags?post=546820"}],"curies":[{"name":"wp","href":"https:\/\/api.w.org\/{rel}","templated":true}]}}