{"id":546822,"date":"2025-11-20T12:37:12","date_gmt":"2025-11-20T12:37:12","guid":{"rendered":"https:\/\/www.europesays.com\/fr\/546822\/"},"modified":"2025-11-20T12:37:12","modified_gmt":"2025-11-20T12:37:12","slug":"voici-tout-ce-quil-faut-savoir-sur-le-defile-2025","status":"publish","type":"post","link":"https:\/\/www.europesays.com\/fr\/546822\/","title":{"rendered":"voici tout ce qu&rsquo;il faut savoir sur le d\u00e9fil\u00e9 2025"},"content":{"rendered":"<p>                    Par<br \/>\n        <strong><br \/>\n            <a href=\"https:\/\/actu.fr\/auteur\/amandine-mehl\" title=\"Consulter tous les articles de Amandine Mehl\" target=\"_blank\" rel=\"noopener\">Amandine Mehl<\/a><br \/>\n                    <\/strong><\/p>\n<p>        Publi\u00e9 le<\/p>\n<p>            20 nov. 2025 \u00e0 13h22        <\/p>\n<p>Vendredi 21 novembre 2025, <strong>Nancy<\/strong> plongera dans la magie des F\u00eates de <a href=\"https:\/\/actu.fr\/tag\/saint-nicolas\" target=\"_blank\" rel=\"noopener\">Saint-Nicolas<\/a>. Jusqu\u2019au 4 janvier 2026, le public pourra d\u00e9couvrir de nombreuses <a href=\"https:\/\/actu.fr\/grand-est\/nancy_54395\/fetes-de-saint-nicolas-2025-a-nancy-decouvrez-toutes-les-nouveautes-qui-vous-attendent-cette-annee_63456954.html\" target=\"_blank\" rel=\"noopener\">nouveaut\u00e9s<\/a>, mais aussi profiter des <strong>immanquables<\/strong>.<\/p>\n<p class=\" wall-content\">Parmi les rendez-vous <strong>incontournables<\/strong>, on note bien entendu le <a href=\"https:\/\/actu.fr\/grand-est\/nancy_54395\/fetes-de-saint-nicolas-a-nancy-des-enfants-pourront-monter-sur-des-chars-lors-du-defile-voici-comment-faire_63197428.html\" target=\"_blank\" rel=\"noopener\">d\u00e9fil\u00e9<\/a>, qui r\u00e9unit chaque ann\u00e9e des <strong>dizaines de milliers de personnes<\/strong> dans les rues de la cit\u00e9 ducale. Voici ce qui vous attend lors de l\u2019\u00e9dition 2025.<\/p>\n<p>La date du d\u00e9fil\u00e9 2025 de Saint-Nicolas<\/p>\n<p class=\" wall-content\">Cette ann\u00e9e, le <strong>grand week-end<\/strong> de Saint-Nicolas se d\u00e9roulera samedi 6 et dimanche 7 d\u00e9cembre. Le d\u00e9fil\u00e9 se d\u00e9roulera donc le 6 d\u00e9cembre, une date <a href=\"https:\/\/actu.fr\/grand-est\/nancy_54395\/saint-nicolas-a-nancy-pourquoi-la-date-du-defile-en-2025-sera-particulierement-symbolique_61976106.html\" target=\"_blank\" rel=\"noopener\">particuli\u00e8rement symbolique<\/a> puisque cela co\u00efncide avec le <strong>jour de la f\u00eate<\/strong> du saint patron des Lorrains. Cela n\u2019\u00e9tait pas arriv\u00e9 depuis 2009.<\/p>\n<p class=\" wall-content\">Le 7 d\u00e9cembre, de <strong>nombreux spectacles<\/strong> seront propos\u00e9s dans la ville.<\/p>\n<p>Le th\u00e8me du d\u00e9fil\u00e9 2025 de Saint-Nicolas<\/p>\n<p class=\" wall-content\">Le <a href=\"https:\/\/actu.fr\/grand-est\/nancy_54395\/fetes-de-saint-nicolas-a-nancy-dates-theme-nouveautes-voici-tout-ce-que-l-on-sait-deja-de-l-edition-2025_63173235.html\" target=\"_blank\" rel=\"noopener\">th\u00e8me<\/a> choisi est \u00ab\u00a0<strong>Arts et folies<\/strong>\u00ab\u00a0. La Ville de Nancy promet en ce sens un \u00ab\u00a0d\u00e9fil\u00e9 <strong>tout en l\u00e9g\u00e8ret\u00e9, po\u00e9tique<\/strong>\u00a0\u00bb mais aussi <strong>gourmand<\/strong> puisque <strong>quatre tonnes<\/strong> de bonbons seront distribu\u00e9es aux enfants sur le parcours.\u00a0<\/p>\n<p>Le parcours du d\u00e9fil\u00e9 2025 de Saint-Nicolas<\/p>\n<p class=\" wall-content\">\u00c0 l\u2019instar des <strong>ann\u00e9es pr\u00e9c\u00e9dentes<\/strong>, le d\u00e9fil\u00e9 <strong>partira de la place Carnot<\/strong>. Il prendra ensuite le chemin de la <strong>rue Stanislas<\/strong>, de la <strong>rue d\u2019Amerval<\/strong>, de la <strong>place Saint-Epvre<\/strong> et de <strong>la place de la Carri\u00e8re<\/strong> avant d\u2019arriver <strong>place Stanislas<\/strong>.<\/p>\n<p>Votre r\u00e9gion, votre actu !<\/p>\n<p>Recevez chaque jour les infos qui comptent pour vous.<\/p>\n<p>\t<a href=\"https:\/\/actu.fr\/newsletter\" class=\"ac-btn ac-btn--corner ac-btn--medium ac-btn--blue800\" target=\"_blank\" rel=\"noopener\">S&rsquo;incrire<\/a><br \/>\nComment se rendre au d\u00e9fil\u00e9 2025 de Saint-Nicolas<\/p>\n<p class=\" wall-content\">Le d\u00e9fil\u00e9 rassemblant des dizaines de milliers de personnes, les <strong>transports en commun<\/strong> sont le moyen \u00e0 <strong>privil\u00e9gier<\/strong> pour rejoindre le centre-ville.\u00a0<\/p>\n<p class=\" wall-content\">Outre une <strong>navette gratuite<\/strong> mise en place depuis le parc des expositions, les bus et le trolleybus seront accessibles <strong>gratuitement<\/strong> comme chaque week-end. La Ville pr\u00e9cise \u00e9galement que \u00ab\u00a0<strong>les horaires et les trajets<\/strong>\u00a0\u00bb seront <strong>adapt\u00e9s<\/strong> sur le r\u00e9seau Stan \u00e0 cette occasion.<\/p>\n<p>Le d\u00e9roul\u00e9 du d\u00e9fil\u00e9 2025 de Saint-Nicolas<\/p>\n<p class=\" wall-content\">Si le top d\u00e9part du d\u00e9fil\u00e9 sera donn\u00e9 \u00e0 17h30, des <strong>animations<\/strong> seront propos\u00e9es d\u00e8s 16h45 <strong>sur le parcours du cort\u00e8ge<\/strong>. Voici le d\u00e9tail :\u00a0<\/p>\n<ul class=\" wall-content\">\n<li><strong>de 16h45 \u00e0 17h30<\/strong> : classic rally, de la compagnie Tukkersconnexion, de la place Dombasle \u00e0 la rue Stanislas ;<\/li>\n<li><strong>de 17h30 \u00e0 18h<\/strong> : \u00e0 tricyclette, de la compagnie Pince \u00e0 linge de la rue d\u2019Amerval \u00e0 la<br \/>rue des Dames ;<\/li>\n<li><strong>de 17h45 \u00e0 18h15<\/strong> : Les enfants du Fouettard place Saint-Epvre ;<\/li>\n<li><strong>de 17h45 \u00e0 18h30<\/strong> : la carmencycletta, de la compagnie dynamog\u00e8ne, place de la Carri\u00e8re ;<\/li>\n<li><strong>de 17h \u00e0 18h<\/strong> : La fanfare des enfants du boucher, place Stanislas ;<\/li>\n<li><strong>18h<\/strong> : set de DJ Double dose place Stanislas ;<\/li>\n<li><strong>de 18h \u00e0 18h45<\/strong> : Les totems, de la compagnie Quidam, place Stanislas.<\/li>\n<\/ul>\n<p class=\" wall-content\">Une fois arriv\u00e9 place Stanislas sur son nouveau char, saint Nicolas se verra remettre les<strong> cl\u00e9s de la ville<\/strong> par Mathieu Klein. La soir\u00e9e se terminera par la projection du <a href=\"https:\/\/actu.fr\/grand-est\/nancy_54395\/fetes-de-saint-nicolas-2025-a-nancy-le-theme-du-nouveau-son-et-lumiere-devoile_63411398.html\" target=\"_blank\" rel=\"noopener\">nouveau son et lumi\u00e8re<\/a> ainsi qu\u2019un spectacle pyrotechnique.<\/p>\n<p class=\" wall-content\">Personnalisez votre actualit\u00e9 en ajoutant vos villes et m\u00e9dias en favori avec <a href=\"https:\/\/moncompte.actu.fr\" title=\"D\u00e9couvez Mon Actu\" rel=\"nofollow noopener\" data-trk=\"{&quot;cta&quot;:{&quot;action&quot;:&quot;https:\\\/\\\/moncompte.actu.fr&quot;,&quot;category&quot;:&quot;mon compte&quot;,&quot;from&quot;:&quot;article footer&quot;,&quot;name&quot;:&quot;Mon actu&quot;,&quot;type&quot;:&quot;cta&quot;}}\" target=\"_blank\">Mon Actu<\/a>.<\/p>\n","protected":false},"excerpt":{"rendered":"Par Amandine Mehl Publi\u00e9 le 20 nov. 2025 \u00e0 13h22 Vendredi 21 novembre 2025, Nancy plongera dans la&hellip;\n","protected":false},"author":2,"featured_media":546823,"comment_status":"","ping_status":"","sticky":false,"template":"","format":"standard","meta":{"footnotes":""},"categories":[9635],"tags":[1111,11,1777,674,1011,27,775,1702,12,25,14334,104],"class_list":{"0":"post-546822","1":"post","2":"type-post","3":"status-publish","4":"format-standard","5":"has-post-thumbnail","7":"category-nancy","8":"tag-actu","9":"tag-actualites","10":"tag-eu","11":"tag-europe","12":"tag-fr","13":"tag-france","14":"tag-grand-est","15":"tag-nancy","16":"tag-news","17":"tag-republique-francaise","18":"tag-saint-nicolas","19":"tag-societe"},"share_on_mastodon":{"url":"https:\/\/pubeurope.com\/@fr\/115582064648903011","error":""},"_links":{"self":[{"href":"https:\/\/www.europesays.com\/fr\/wp-json\/wp\/v2\/posts\/546822","targetHints":{"allow":["GET"]}}],"collection":[{"href":"https:\/\/www.europesays.com\/fr\/wp-json\/wp\/v2\/posts"}],"about":[{"href":"https:\/\/www.europesays.com\/fr\/wp-json\/wp\/v2\/types\/post"}],"author":[{"embeddable":true,"href":"https:\/\/www.europesays.com\/fr\/wp-json\/wp\/v2\/users\/2"}],"replies":[{"embeddable":true,"href":"https:\/\/www.europesays.com\/fr\/wp-json\/wp\/v2\/comments?post=546822"}],"version-history":[{"count":0,"href":"https:\/\/www.europesays.com\/fr\/wp-json\/wp\/v2\/posts\/546822\/revisions"}],"wp:featuredmedia":[{"embeddable":true,"href":"https:\/\/www.europesays.com\/fr\/wp-json\/wp\/v2\/media\/546823"}],"wp:attachment":[{"href":"https:\/\/www.europesays.com\/fr\/wp-json\/wp\/v2\/media?parent=546822"}],"wp:term":[{"taxonomy":"category","embeddable":true,"href":"https:\/\/www.europesays.com\/fr\/wp-json\/wp\/v2\/categories?post=546822"},{"taxonomy":"post_tag","embeddable":true,"href":"https:\/\/www.europesays.com\/fr\/wp-json\/wp\/v2\/tags?post=546822"}],"curies":[{"name":"wp","href":"https:\/\/api.w.org\/{rel}","templated":true}]}}