{"id":546832,"date":"2025-11-20T12:42:10","date_gmt":"2025-11-20T12:42:10","guid":{"rendered":"https:\/\/www.europesays.com\/fr\/546832\/"},"modified":"2025-11-20T12:42:10","modified_gmt":"2025-11-20T12:42:10","slug":"rouen-une-nouvelle-partition-pour-le-nosferatu-de-murnau","status":"publish","type":"post","link":"https:\/\/www.europesays.com\/fr\/546832\/","title":{"rendered":"Rouen. Une nouvelle partition pour le Nosferatu de Murnau"},"content":{"rendered":"<p melodystyle=\"texte\">Pour les 100 ans du film en 2022, le chef estonien Kaspar M\u00e4nd commande au compositeur T\u00f5nis Kaumann une nouvelle partition pour accompagner le film de Murnau\u00a0Nosferatu\u00a0: \u00ab\u00a0Ce film a pos\u00e9 les jalons du cin\u00e9ma d&rsquo;horreur\u00a0\u00bb, explique le chef. Mais la partition originale \u00e9crite par Hans Erdmann avait longtemps \u00e9t\u00e9 perdue avant d&rsquo;\u00eatre exhum\u00e9e. Entre-temps de nombreuses versions avaient vu le jour.\u00a0\u00ab\u00a0La r\u00e9\u00e9criture de Kaumann change de nombreuses atmosph\u00e8res. Bien s\u00fbr le film a vieilli et ses effets cens\u00e9s t\u00e9taniser le spectateur sont si dat\u00e9s qu&rsquo;ils nous font rire plut\u00f4t que fr\u00e9mir.\u00a0\u00bb\u00a0Kaspar\u00a0M\u00e4nd collabore depuis longtemps avec ce compositeur\u00a0: \u00ab\u00a0J&rsquo;aime ses combinaisons musicales os\u00e9es, son sens de l&rsquo;humour et la fa\u00e7on dont il joue avec la musique\u00a0\u00bb. Cette cr\u00e9ation originale qui n&rsquo;a \u00e9t\u00e9 jou\u00e9e que trois fois avec l&rsquo;orchestre de P\u00e4rnu en Estonie sous la direction de Kaspar M\u00e4nd est totalement in\u00e9dite en France.<\/p>\n<p style=\"font-weight:bold;color:#000;\">Pratique. Le 25 novembre \u00e0 20h. Chapelle Corneille \u00e0 Rouen. 12 \u00e0 24\u20ac. <a href=\"https:\/\/www.operaorchestrenormandierouen.fr\/\" target=\"_blank\" rel=\"nofollow noopener\">operaderouen.fr<\/a>.<\/p>\n","protected":false},"excerpt":{"rendered":"Pour les 100 ans du film en 2022, le chef estonien Kaspar M\u00e4nd commande au compositeur T\u00f5nis Kaumann&hellip;\n","protected":false},"author":2,"featured_media":546833,"comment_status":"","ping_status":"","sticky":false,"template":"","format":"standard","meta":{"footnotes":""},"categories":[9587],"tags":[1111,11,1777,674,1011,27,12,5161,25,9590],"class_list":{"0":"post-546832","1":"post","2":"type-post","3":"status-publish","4":"format-standard","5":"has-post-thumbnail","7":"category-rouen","8":"tag-actu","9":"tag-actualites","10":"tag-eu","11":"tag-europe","12":"tag-fr","13":"tag-france","14":"tag-news","15":"tag-normandie","16":"tag-republique-francaise","17":"tag-rouen"},"share_on_mastodon":{"url":"https:\/\/pubeurope.com\/@fr\/115582084388527171","error":""},"_links":{"self":[{"href":"https:\/\/www.europesays.com\/fr\/wp-json\/wp\/v2\/posts\/546832","targetHints":{"allow":["GET"]}}],"collection":[{"href":"https:\/\/www.europesays.com\/fr\/wp-json\/wp\/v2\/posts"}],"about":[{"href":"https:\/\/www.europesays.com\/fr\/wp-json\/wp\/v2\/types\/post"}],"author":[{"embeddable":true,"href":"https:\/\/www.europesays.com\/fr\/wp-json\/wp\/v2\/users\/2"}],"replies":[{"embeddable":true,"href":"https:\/\/www.europesays.com\/fr\/wp-json\/wp\/v2\/comments?post=546832"}],"version-history":[{"count":0,"href":"https:\/\/www.europesays.com\/fr\/wp-json\/wp\/v2\/posts\/546832\/revisions"}],"wp:featuredmedia":[{"embeddable":true,"href":"https:\/\/www.europesays.com\/fr\/wp-json\/wp\/v2\/media\/546833"}],"wp:attachment":[{"href":"https:\/\/www.europesays.com\/fr\/wp-json\/wp\/v2\/media?parent=546832"}],"wp:term":[{"taxonomy":"category","embeddable":true,"href":"https:\/\/www.europesays.com\/fr\/wp-json\/wp\/v2\/categories?post=546832"},{"taxonomy":"post_tag","embeddable":true,"href":"https:\/\/www.europesays.com\/fr\/wp-json\/wp\/v2\/tags?post=546832"}],"curies":[{"name":"wp","href":"https:\/\/api.w.org\/{rel}","templated":true}]}}